{"id":289010,"date":"2025-12-29T13:00:00","date_gmt":"2025-12-29T12:00:00","guid":{"rendered":"https:\/\/www.tucomarca.com\/wordpress\/segunda\/?p=289010"},"modified":"2025-12-29T21:10:25","modified_gmt":"2025-12-29T20:10:25","slug":"el-consell-se-despliega-en-los-municipios-afectados-por-el-temporal-y-exige-al-gobierno-las-infraestructuras-hidraulicas-pendientes","status":"publish","type":"post","link":"https:\/\/www.tucomarca.com\/wordpress\/segunda\/el-consell-se-despliega-en-los-municipios-afectados-por-el-temporal-y-exige-al-gobierno-las-infraestructuras-hidraulicas-pendientes\/","title":{"rendered":"El Consell se despliega en los municipios afectados por el temporal y exige al Gobierno las infraestructuras hidr\u00e1ulicas pendientes"},"content":{"rendered":"\n<h3 class=\"wp-block-heading\">Los vicepresidentes se desplazan a Torrent, la Pobla Llarga, Carlet, Rafelguaraf, Algemes\u00ed, Guadassuar, Benimodo, Riba-roja del T\u00faria, Chiva y Paterna para comprobar las necesidades de sus ciudadanos.<\/h3>\n\n\n\n<h3 class=\"wp-block-heading\">La Generalitat ejecutar\u00e1 obras transitorias en Riba-roja hasta que la Confederaci\u00f3n Hidrogr\u00e1fica del J\u00facar defina el proyecto contra riadas en el Parque Log\u00edstico de Valencia y el Pol\u00edgono de El Oliveral.<\/h3>\n\n\n\n<p>Los vicepresidentes del Consell, Susana Camarero, Jos\u00e9 D\u00edez y Vicente Mart\u00ednez Mus han recorrido diferentes municipios de la provincia de Valencia para analizar las incidencias del temporal de lluvia, conocer las necesidades de sus ciudadanos y exigir al Gobierno de Espa\u00f1a las infraestructuras hidr\u00e1ulicas que minimicen los riesgos climatol\u00f3gicos.<\/p>\n\n\n\n<p>Los titulares de la Generalitat se han desplazado a las localidades de Torrent, la Pobla Llarga, Carlet, Rafelguaraf, Algemes\u00ed, Guadassuar, Benimodo, Riba-roja del T\u00faria, Chiva y Paterna, municipios que se suman a Barxeta, l\u2019Alcudia y Carcaixent que han sido visitados por el president, P\u00e9rez Llorca.<\/p>\n\n\n\n<p>En concreto, la vicepresidenta primera y consellera de Vivienda, Empleo, Juventud e Igualdad, Susana Camarero, ha visitado los barrancos de l\u2019Horteta y el Poyo a su paso por Torrent, donde ha reclamado al Ejecutivo central las obras que est\u00e1n sin desarrollar y que necesita la zona.<\/p>\n\n\n\n<figure class=\"wp-block-gallery has-nested-images columns-default is-cropped wp-block-gallery-1 is-layout-flex wp-block-gallery-is-layout-flex\">\n<figure class=\"wp-block-image size-large\"><img loading=\"lazy\" decoding=\"async\" width=\"1024\" height=\"691\" data-id=\"289017\" src=\"https:\/\/www.tucomarca.com\/wordpress\/segunda\/wp-content\/uploads\/2025\/12\/GVAVisitasTemporal01-1024x691.jpg\" alt=\"\" class=\"wp-image-289017\" srcset=\"https:\/\/www.tucomarca.com\/wordpress\/segunda\/wp-content\/uploads\/2025\/12\/GVAVisitasTemporal01-1024x691.jpg 1024w, https:\/\/www.tucomarca.com\/wordpress\/segunda\/wp-content\/uploads\/2025\/12\/GVAVisitasTemporal01-300x202.jpg 300w, https:\/\/www.tucomarca.com\/wordpress\/segunda\/wp-content\/uploads\/2025\/12\/GVAVisitasTemporal01-768x518.jpg 768w, https:\/\/www.tucomarca.com\/wordpress\/segunda\/wp-content\/uploads\/2025\/12\/GVAVisitasTemporal01.jpg 1181w\" sizes=\"auto, (max-width: 1024px) 100vw, 1024px\" \/><\/figure>\n\n\n\n<figure class=\"wp-block-image size-large\"><img loading=\"lazy\" decoding=\"async\" width=\"1024\" height=\"691\" data-id=\"289019\" src=\"https:\/\/www.tucomarca.com\/wordpress\/segunda\/wp-content\/uploads\/2025\/12\/GVAVisitasTemporal02-1024x691.jpg\" alt=\"\" class=\"wp-image-289019\" srcset=\"https:\/\/www.tucomarca.com\/wordpress\/segunda\/wp-content\/uploads\/2025\/12\/GVAVisitasTemporal02-1024x691.jpg 1024w, https:\/\/www.tucomarca.com\/wordpress\/segunda\/wp-content\/uploads\/2025\/12\/GVAVisitasTemporal02-300x202.jpg 300w, https:\/\/www.tucomarca.com\/wordpress\/segunda\/wp-content\/uploads\/2025\/12\/GVAVisitasTemporal02-768x518.jpg 768w, https:\/\/www.tucomarca.com\/wordpress\/segunda\/wp-content\/uploads\/2025\/12\/GVAVisitasTemporal02.jpg 1181w\" sizes=\"auto, (max-width: 1024px) 100vw, 1024px\" \/><\/figure>\n<\/figure>\n\n\n\n<p>La vicepresidenta tambi\u00e9n ha recorrido Rafelguaraf y la Pobla Llarga, localidad est\u00e1 \u00faltima donde tuvieron que ser desalojados de sus viviendas como medida preventiva 38 vecinos por la lluvia y ha avanzado que \u201clos t\u00e9cnicos del Instituto Valenciano de Edificaci\u00f3n analizar\u00e1n la estructura de estos inmuebles para comprobar los da\u00f1os\u201d.<\/p>\n\n\n\n<p>Por su parte, el vicepresidente segundo y conseller de Presidencia, Jos\u00e9 D\u00edez, ha visitado Carlet, Algemes\u00ed, Guadassuar y Benimodo para reunirse con los alcaldes de estos municipios y conocer el grado de afectaci\u00f3n del temporal y las necesidades de estas localidades.<\/p>\n\n\n\n<p>Jos\u00e9 D\u00edez ha subrayado que es \u201cimportante estar sobre el terreno y en contacto con los vecinos para poder tener una dimensi\u00f3n real de lo que pasa\u201d. En este sentido, ha agregado que \u201cel vecino tambi\u00e9n debe tener esa sensaci\u00f3n de apoyo y respaldo de las administraciones y de las instituciones\u201d.<\/p>\n\n\n\n<p><strong>Obras transitorias en las \u00e1reas industriales de Riba-roja<\/strong><\/p>\n\n\n\n<p>Por \u00faltimo, el vicepresidente tercero y conseller de Medio Ambiente, Infraestructuras, Territorio y de la Recuperaci\u00f3n, Vicente Mart\u00ednez Mus, ha anunciado que la Generalitat ejecutar\u00e1 obras transitorias hasta que la Confederaci\u00f3n Hidrogr\u00e1fica del J\u00facar (CHJ) defina el proyecto contra riadas en el Parque Log\u00edstico de Valencia y el Pol\u00edgono de El Oliveral.<\/p>\n\n\n\n<p>Mart\u00ednez Mus, que se ha desplazado al Parque Log\u00edstico y Pol\u00edgono industrial de El Oliveral en Riba-roja del T\u00faria, ha se\u00f1alado que \u201cen el marco del proyecto de parques inundables estamos revisando las actuaciones en la zona para acometer de urgencia un cambio de las balsas de laminaci\u00f3n aguas abajo que eviten nuevas inundaciones\u201d. Una infraestructura que ha considerado necesaria para evitar poner en riesgo a los trabajadores y a las empresas de esta \u00e1rea estrat\u00e9gica de la provincia de Valencia.<\/p>\n\n\n\n<p>Asimismo, Mart\u00ednez Mus ha a\u00f1adido que \u201cel proyecto de soluci\u00f3n definitiva para el drenaje del barranco del Pozalet depende de la Confederaci\u00f3n Hidrogr\u00e1fica del J\u00facar (CHJ), pero tras m\u00e1s de un a\u00f1o sin dar soluciones la Generalitat va a actuar por la v\u00eda de urgencia para resolver los problemas que registra la zona cada vez que se producen lluvias torrenciales\u201d.<\/p>\n\n\n\n<p>El vicepresidente tercero tambi\u00e9n ha supervisado el tramo de la L2 de Metrovalencia en Font del Barranc que ha visto interrumpida la circulaci\u00f3n entre Paterna y La Ca\u00f1ada y ha visitado las obras de acceso a Sierra Perenchiza en Chiva para comprobar el estado de los trabajos en la v\u00eda tras las lluvias.<\/p>\n","protected":false},"excerpt":{"rendered":"<div class=\"mh-excerpt\">Los vicepresidentes se desplazan a Torrent, la Pobla Llarga, Carlet, Rafelguaraf, Algemes\u00ed, Guadassuar, Benimodo, Riba-roja del T\u00faria, Chiva y Paterna para comprobar las necesidades de sus ciudadanos. La Generalitat ejecutar\u00e1 obras transitorias en Riba-roja hasta <a class=\"mh-excerpt-more\" href=\"https:\/\/www.tucomarca.com\/wordpress\/segunda\/el-consell-se-despliega-en-los-municipios-afectados-por-el-temporal-y-exige-al-gobierno-las-infraestructuras-hidraulicas-pendientes\/\" title=\"El Consell se despliega en los municipios afectados por el temporal y exige al Gobierno las infraestructuras hidr\u00e1ulicas pendientes\">[+] <\/a><\/div>\n","protected":false},"author":12,"featured_media":289021,"comment_status":"open","ping_status":"open","sticky":false,"template":"","format":"standard","meta":{"footnotes":""},"categories":[99,277,46,16,21465,143,128,8,72,10,144,42,117,142,109,182,3,116,45],"tags":[10395,5952,3640],"class_list":{"0":"post-289010","1":"post","2":"type-post","3":"status-publish","4":"format-standard","5":"has-post-thumbnail","7":"category-algemesi","8":"category-benimodo","9":"category-camp-de-turia","10":"category-chiva","11":"category-dana","12":"category-guadassuar","13":"category-infraestructuras","14":"category-la-comarca","15":"category-sin-categorizar","16":"category-la-hoya","17":"category-la-pobla-llarga","18":"category-la-ribera","19":"category-medio-ambiente-la-comarca","20":"category-politica-la-comarca","21":"category-rafelguaraf","22":"category-riba-roja","23":"category-seccion","24":"category-sucesos-la-comarca","25":"category-ventana","26":"tag-camp-de-turia","27":"tag-la-hoya-de-bunol-chiva","28":"tag-la-ribera-alta"},"_links":{"self":[{"href":"https:\/\/www.tucomarca.com\/wordpress\/segunda\/wp-json\/wp\/v2\/posts\/289010","targetHints":{"allow":["GET"]}}],"collection":[{"href":"https:\/\/www.tucomarca.com\/wordpress\/segunda\/wp-json\/wp\/v2\/posts"}],"about":[{"href":"https:\/\/www.tucomarca.com\/wordpress\/segunda\/wp-json\/wp\/v2\/types\/post"}],"author":[{"embeddable":true,"href":"https:\/\/www.tucomarca.com\/wordpress\/segunda\/wp-json\/wp\/v2\/users\/12"}],"replies":[{"embeddable":true,"href":"https:\/\/www.tucomarca.com\/wordpress\/segunda\/wp-json\/wp\/v2\/comments?post=289010"}],"version-history":[{"count":0,"href":"https:\/\/www.tucomarca.com\/wordpress\/segunda\/wp-json\/wp\/v2\/posts\/289010\/revisions"}],"wp:featuredmedia":[{"embeddable":true,"href":"https:\/\/www.tucomarca.com\/wordpress\/segunda\/wp-json\/wp\/v2\/media\/289021"}],"wp:attachment":[{"href":"https:\/\/www.tucomarca.com\/wordpress\/segunda\/wp-json\/wp\/v2\/media?parent=289010"}],"wp:term":[{"taxonomy":"category","embeddable":true,"href":"https:\/\/www.tucomarca.com\/wordpress\/segunda\/wp-json\/wp\/v2\/categories?post=289010"},{"taxonomy":"post_tag","embeddable":true,"href":"https:\/\/www.tucomarca.com\/wordpress\/segunda\/wp-json\/wp\/v2\/tags?post=289010"}],"curies":[{"name":"wp","href":"https:\/\/api.w.org\/{rel}","templated":true}]}}