{"id":289026,"date":"2025-12-31T10:00:00","date_gmt":"2025-12-31T09:00:00","guid":{"rendered":"https:\/\/www.tucomarca.com\/wordpress\/segunda\/?p=289026"},"modified":"2025-12-31T10:51:39","modified_gmt":"2025-12-31T09:51:39","slug":"alborache-celebra-la-navidad-con-el-tradicional-concierto-de-la-sim-la-primitiva","status":"publish","type":"post","link":"https:\/\/www.tucomarca.com\/wordpress\/segunda\/alborache-celebra-la-navidad-con-el-tradicional-concierto-de-la-sim-la-primitiva\/","title":{"rendered":"Alborache celebra la Navidad con el tradicional concierto de la SIM \u201cLa Primitiva\u201d"},"content":{"rendered":"\n<p>Alborache celebr\u00f3 la Navidad el pasado s\u00e1bado 27 de diciembre con el tradicional concierto navide\u00f1o de la Sociedad Instructiva Musical \u201cLa Primitiva\u201d, que tuvo lugar en el sal\u00f3n de actos de la sociedad musical bajo el t\u00edtulo <em>\u201cVoces que iluminan la Navidad\u201d<\/em>.<\/p>\n\n\n\n<p>El recital cont\u00f3 con la participaci\u00f3n de la reconocida soprano <strong>Arantxa Pons<\/strong>, as\u00ed como con las interpretaciones del <strong>Coro de la Escuela \u201cLa Primitiva\u201d<\/strong>, ofreciendo al p\u00fablico una propuesta musical que combin\u00f3 lirismo y esp\u00edritu navide\u00f1o, en un concierto pensado para todos los p\u00fablicos.<\/p>\n\n\n\n<p>La actuaci\u00f3n volvi\u00f3 a reunir a numerosos asistentes, consolid\u00e1ndose como una de las citas culturales fijas del calendario navide\u00f1o en el municipio. El repertorio, cuidadosamente seleccionado, contribuy\u00f3 a crear un ambiente festivo y emotivo, acorde con estas fechas tan se\u00f1aladas.<\/p>\n\n\n\n<p>El concierto estuvo organizado por la <strong>Sociedad Instructiva Musical \u201cLa Primitiva\u201d<\/strong>, con la colaboraci\u00f3n del <strong>Ayuntamiento de Alborache<\/strong>, dentro de su programaci\u00f3n cultural navide\u00f1a.<\/p>\n\n\n\n<figure class=\"wp-block-gallery has-nested-images columns-2 is-cropped wp-block-gallery-1 is-layout-flex wp-block-gallery-is-layout-flex\">\n<figure class=\"wp-block-image size-large\"><img loading=\"lazy\" decoding=\"async\" width=\"1024\" height=\"1024\" data-id=\"289029\" src=\"https:\/\/www.tucomarca.com\/wordpress\/segunda\/wp-content\/uploads\/2025\/12\/AlboracheConciertoNav25_01-1024x1024.jpg\" alt=\"\" class=\"wp-image-289029\" srcset=\"https:\/\/www.tucomarca.com\/wordpress\/segunda\/wp-content\/uploads\/2025\/12\/AlboracheConciertoNav25_01-1024x1024.jpg 1024w, https:\/\/www.tucomarca.com\/wordpress\/segunda\/wp-content\/uploads\/2025\/12\/AlboracheConciertoNav25_01-300x300.jpg 300w, https:\/\/www.tucomarca.com\/wordpress\/segunda\/wp-content\/uploads\/2025\/12\/AlboracheConciertoNav25_01-290x290.jpg 290w, https:\/\/www.tucomarca.com\/wordpress\/segunda\/wp-content\/uploads\/2025\/12\/AlboracheConciertoNav25_01-768x769.jpg 768w, https:\/\/www.tucomarca.com\/wordpress\/segunda\/wp-content\/uploads\/2025\/12\/AlboracheConciertoNav25_01.jpg 1025w\" sizes=\"auto, (max-width: 1024px) 100vw, 1024px\" \/><\/figure>\n\n\n\n<figure class=\"wp-block-image size-large\"><img loading=\"lazy\" decoding=\"async\" width=\"1024\" height=\"1024\" data-id=\"289031\" src=\"https:\/\/www.tucomarca.com\/wordpress\/segunda\/wp-content\/uploads\/2025\/12\/AlboracheConciertoNav25_02-1024x1024.jpg\" alt=\"\" class=\"wp-image-289031\" srcset=\"https:\/\/www.tucomarca.com\/wordpress\/segunda\/wp-content\/uploads\/2025\/12\/AlboracheConciertoNav25_02-1024x1024.jpg 1024w, https:\/\/www.tucomarca.com\/wordpress\/segunda\/wp-content\/uploads\/2025\/12\/AlboracheConciertoNav25_02-300x300.jpg 300w, https:\/\/www.tucomarca.com\/wordpress\/segunda\/wp-content\/uploads\/2025\/12\/AlboracheConciertoNav25_02-290x290.jpg 290w, https:\/\/www.tucomarca.com\/wordpress\/segunda\/wp-content\/uploads\/2025\/12\/AlboracheConciertoNav25_02-768x768.jpg 768w, https:\/\/www.tucomarca.com\/wordpress\/segunda\/wp-content\/uploads\/2025\/12\/AlboracheConciertoNav25_02.jpg 1110w\" sizes=\"auto, (max-width: 1024px) 100vw, 1024px\" \/><\/figure>\n\n\n\n<figure class=\"wp-block-image size-large\"><img loading=\"lazy\" decoding=\"async\" width=\"1024\" height=\"1024\" data-id=\"289033\" src=\"https:\/\/www.tucomarca.com\/wordpress\/segunda\/wp-content\/uploads\/2025\/12\/AlboracheConciertoNav25_03-1024x1024.jpg\" alt=\"\" class=\"wp-image-289033\" srcset=\"https:\/\/www.tucomarca.com\/wordpress\/segunda\/wp-content\/uploads\/2025\/12\/AlboracheConciertoNav25_03-1024x1024.jpg 1024w, https:\/\/www.tucomarca.com\/wordpress\/segunda\/wp-content\/uploads\/2025\/12\/AlboracheConciertoNav25_03-300x300.jpg 300w, https:\/\/www.tucomarca.com\/wordpress\/segunda\/wp-content\/uploads\/2025\/12\/AlboracheConciertoNav25_03-290x290.jpg 290w, https:\/\/www.tucomarca.com\/wordpress\/segunda\/wp-content\/uploads\/2025\/12\/AlboracheConciertoNav25_03-768x768.jpg 768w, https:\/\/www.tucomarca.com\/wordpress\/segunda\/wp-content\/uploads\/2025\/12\/AlboracheConciertoNav25_03.jpg 1092w\" sizes=\"auto, (max-width: 1024px) 100vw, 1024px\" \/><\/figure>\n\n\n\n<figure class=\"wp-block-image size-large\"><img loading=\"lazy\" decoding=\"async\" width=\"1024\" height=\"1024\" data-id=\"289037\" src=\"https:\/\/www.tucomarca.com\/wordpress\/segunda\/wp-content\/uploads\/2025\/12\/AlboracheConciertoNav25_05-1024x1024.jpg\" alt=\"\" class=\"wp-image-289037\" srcset=\"https:\/\/www.tucomarca.com\/wordpress\/segunda\/wp-content\/uploads\/2025\/12\/AlboracheConciertoNav25_05-1024x1024.jpg 1024w, https:\/\/www.tucomarca.com\/wordpress\/segunda\/wp-content\/uploads\/2025\/12\/AlboracheConciertoNav25_05-300x300.jpg 300w, https:\/\/www.tucomarca.com\/wordpress\/segunda\/wp-content\/uploads\/2025\/12\/AlboracheConciertoNav25_05-290x290.jpg 290w, https:\/\/www.tucomarca.com\/wordpress\/segunda\/wp-content\/uploads\/2025\/12\/AlboracheConciertoNav25_05-768x768.jpg 768w, https:\/\/www.tucomarca.com\/wordpress\/segunda\/wp-content\/uploads\/2025\/12\/AlboracheConciertoNav25_05.jpg 1073w\" sizes=\"auto, (max-width: 1024px) 100vw, 1024px\" \/><\/figure>\n<\/figure>\n","protected":false},"excerpt":{"rendered":"<div class=\"mh-excerpt\">Alborache celebr\u00f3 la Navidad el pasado s\u00e1bado 27 de diciembre con el tradicional concierto navide\u00f1o de la Sociedad Instructiva Musical \u201cLa Primitiva\u201d, que tuvo lugar en el sal\u00f3n de actos de la sociedad musical bajo <a class=\"mh-excerpt-more\" href=\"https:\/\/www.tucomarca.com\/wordpress\/segunda\/alborache-celebra-la-navidad-con-el-tradicional-concierto-de-la-sim-la-primitiva\/\" title=\"Alborache celebra la Navidad con el tradicional concierto de la SIM \u201cLa Primitiva\u201d\">[+] <\/a><\/div>\n","protected":false},"author":12,"featured_media":289035,"comment_status":"open","ping_status":"open","sticky":false,"template":"","format":"gallery","meta":{"footnotes":""},"categories":[19,66,8,10,5,7,3],"tags":[10386,5952,14562],"class_list":{"0":"post-289026","1":"post","2":"type-post","3":"status-publish","4":"format-gallery","5":"has-post-thumbnail","7":"category-alborache","8":"category-musica","9":"category-la-comarca","10":"category-la-hoya","11":"category-la-semana-en-imagenes","12":"category-ocio-y-cultura","13":"category-seccion","14":"tag-alborache","15":"tag-la-hoya-de-bunol-chiva","16":"tag-sim-la-primitiva-de-alborache-2","17":"post_format-post-format-gallery"},"_links":{"self":[{"href":"https:\/\/www.tucomarca.com\/wordpress\/segunda\/wp-json\/wp\/v2\/posts\/289026","targetHints":{"allow":["GET"]}}],"collection":[{"href":"https:\/\/www.tucomarca.com\/wordpress\/segunda\/wp-json\/wp\/v2\/posts"}],"about":[{"href":"https:\/\/www.tucomarca.com\/wordpress\/segunda\/wp-json\/wp\/v2\/types\/post"}],"author":[{"embeddable":true,"href":"https:\/\/www.tucomarca.com\/wordpress\/segunda\/wp-json\/wp\/v2\/users\/12"}],"replies":[{"embeddable":true,"href":"https:\/\/www.tucomarca.com\/wordpress\/segunda\/wp-json\/wp\/v2\/comments?post=289026"}],"version-history":[{"count":0,"href":"https:\/\/www.tucomarca.com\/wordpress\/segunda\/wp-json\/wp\/v2\/posts\/289026\/revisions"}],"wp:featuredmedia":[{"embeddable":true,"href":"https:\/\/www.tucomarca.com\/wordpress\/segunda\/wp-json\/wp\/v2\/media\/289035"}],"wp:attachment":[{"href":"https:\/\/www.tucomarca.com\/wordpress\/segunda\/wp-json\/wp\/v2\/media?parent=289026"}],"wp:term":[{"taxonomy":"category","embeddable":true,"href":"https:\/\/www.tucomarca.com\/wordpress\/segunda\/wp-json\/wp\/v2\/categories?post=289026"},{"taxonomy":"post_tag","embeddable":true,"href":"https:\/\/www.tucomarca.com\/wordpress\/segunda\/wp-json\/wp\/v2\/tags?post=289026"}],"curies":[{"name":"wp","href":"https:\/\/api.w.org\/{rel}","templated":true}]}}