{"id":289064,"date":"2025-12-30T13:00:00","date_gmt":"2025-12-30T12:00:00","guid":{"rendered":"https:\/\/www.tucomarca.com\/wordpress\/segunda\/?p=289064"},"modified":"2025-12-31T10:31:10","modified_gmt":"2025-12-31T09:31:10","slug":"la-generalitat-ha-concedido-mas-de-336-millones-de-euros-en-ayudas-a-mas-de-86-600-personas-que-perdieron-sus-vehiculos-en-la-riada-de-2024","status":"publish","type":"post","link":"https:\/\/www.tucomarca.com\/wordpress\/segunda\/la-generalitat-ha-concedido-mas-de-336-millones-de-euros-en-ayudas-a-mas-de-86-600-personas-que-perdieron-sus-vehiculos-en-la-riada-de-2024\/","title":{"rendered":"La Generalitat ha concedido m\u00e1s de 336 millones de euros en ayudas a m\u00e1s de 86.600 personas que perdieron sus veh\u00edculos en la riada de 2024"},"content":{"rendered":"\n<h3 class=\"wp-block-heading\">Los municipios con m\u00e1s personas beneficiarias son Paiporta, Catarroja, Valencia y Algemes\u00ed.<\/h3>\n\n\n\n<h3 class=\"wp-block-heading\">El conseller Rovira destaca \u201cla eficacia de la administraci\u00f3n valenciana para tramitar estas ayudas con agilidad y garantizar que lleguen cuanto antes a quienes realmente las necesitan\u201d.<\/h3>\n\n\n\n<p>La Generalitat ha concedido m\u00e1s de 336 millones de euros en ayudas en lo que va de a\u00f1o a m\u00e1s de 86.600 personas que perdieron sus veh\u00edculos en la riada del 29 de octubre 2024. As\u00ed se desprende de los datos de la Agencia Tributaria Valenciana, organismo de la Conselleria de Econom\u00eda, Hacienda y Administraci\u00f3n P\u00fablica, que ha gestionado estas ayudas.<\/p>\n\n\n\n<p>Los municipios con m\u00e1s personas beneficiarias han sido Paiporta, con 10.269 personas y un importe de 40 millones de euros, seguido de Catarroja con 9.636 beneficiarios con un importe de m\u00e1s de 36 millones, Val\u00e8ncia con 8.941 beneficiarios con 34,7 millones de euros y Algemes\u00ed con 8.004 beneficiarios y un importe total de 30,7 millones de euros.<\/p>\n\n\n\n<p>Los principales requisitos de la ayuda eran que la persona solicitante fuera titular de un veh\u00edculo asegurado y que hubiera causado baja -temporal o definitiva-, con motivo de la DANA en el Registro de la Direcci\u00f3n General de Tr\u00e1fico (DGT).<\/p>\n\n\n\n<p>Asimismo, era indispensable haber iniciado una reclamaci\u00f3n al Consorcio de Compensaci\u00f3n de Seguros o a la aseguradora del veh\u00edculo y asumir el compromiso de tramitar la baja definitiva del veh\u00edculo antes del 31 de diciembre de 2025. El pleno del Consell aprob\u00f3 el pasado 19 de diciembre la ampliaci\u00f3n de este plazo hasta el 28 de febrero de 2026 con el objetivo de facilitar que las personas beneficiarias puedan cumplir con este requisito.<\/p>\n\n\n\n<p>El conseller de Econom\u00eda, Hacienda y Administraci\u00f3n P\u00fablica, Jos\u00e9 Antonio Rovira, ha destacado \u201cla eficacia de la administraci\u00f3n valenciana para tramitar estas ayudas con agilidad y garantizar que lleguen cuanto antes a quienes realmente las necesitan\u201d, y ha reafirmado el compromiso del Consell con los afectados por las inundaciones de octubre de 2024.<\/p>\n\n\n\n<p><strong>Tres convocatorias<\/strong><\/p>\n\n\n\n<p>La concesi\u00f3n de estas ayudas se ha desarrollado en tres grandes fases distintas. La primera convocatoria, para personas f\u00edsicas y determinados tipos de veh\u00edculos, tuvo como plazo de presentaci\u00f3n de solicitudes desde el 16 de enero hasta el 28 de febrero y posteriormente se abri\u00f3 un nuevo plazo entre el 15 de mayo hasta el 4 de junio. En este caso pod\u00edan ser beneficiarias personas f\u00edsicas que hubieran perdido determinados tipos de veh\u00edculos en la riada, principalmente motocicletas, ciclomotores, turismos y furgonetas y camiones de menos de 3,5 toneladas.<\/p>\n\n\n\n<p>En esta fase se resolvieron favorablemente 82.069 solicitudes, que se pagaron en pocos d\u00edas desde su presentaci\u00f3n gracias a la implementaci\u00f3n de un sistema que permit\u00eda la comprobaci\u00f3n autom\u00e1tica de los requisitos. \u201cLas solicitudes se tramitaron de forma \u00e1gil y eficaz sin que las personas solicitantes tuvieran que presentar ning\u00fan tipo de documentaci\u00f3n\u201d, ha manifestado el conseller.<\/p>\n\n\n\n<p>La segunda fase se desarroll\u00f3 entre el 16 de junio y el 31 de julio de este a\u00f1o. &nbsp;Esta segunda convocatoria se ampli\u00f3 personas jur\u00eddicas, de forma que empresas, asociaciones y otro tipo de entidades jur\u00eddicas tambi\u00e9n pudieran ser beneficiarias de estas ayudas. Asimismo, se ampli\u00f3 la tipolog\u00eda de veh\u00edculos que pod\u00edan ser beneficiarios, incluy\u00e9ndose tractores, autobuses, autocaravanas, camiones y furgonetas de gran tonelaje, etc. En esta fase se resolvieron favorablemente 3.859 solicitudes.<\/p>\n\n\n\n<p>Por \u00faltimo, en septiembre de 2025 se anunci\u00f3 un incremento de las ayudas, de forma que las cuant\u00edas recibidas por las personas beneficiarias (2.000 euros en el caso de autom\u00f3viles, 750 euros para motocicletas, etc.) se duplicaba. El pago se realiz\u00f3 de forma autom\u00e1tica a las mismas cuentas bancarias en las que se hab\u00eda ingresado la primera ayuda. Las personas beneficiarias no ten\u00edan que llevar a cabo ning\u00fan tr\u00e1mite.<\/p>\n\n\n\n<p>A su vez, se llev\u00f3 a cabo una nueva convocatoria, con un plazo de presentaci\u00f3n de solicitudes entre el 1 y 22 de octubre y con las mismas caracter\u00edsticas de la segunda convocatoria. De esta forma, cualquier afectado que no hubiera solicitado la ayuda en las anteriores convocatorias pod\u00eda hacerlo en esta ocasi\u00f3n. La resoluci\u00f3n de esta fase est\u00e1 concluyendo y de momento cuenta con cerca de 800 beneficiarios.<\/p>\n","protected":false},"excerpt":{"rendered":"<div class=\"mh-excerpt\">Los municipios con m\u00e1s personas beneficiarias son Paiporta, Catarroja, Valencia y Algemes\u00ed. El conseller Rovira destaca \u201cla eficacia de la administraci\u00f3n valenciana para tramitar estas ayudas con agilidad y garantizar que lleguen cuanto antes a <a class=\"mh-excerpt-more\" href=\"https:\/\/www.tucomarca.com\/wordpress\/segunda\/la-generalitat-ha-concedido-mas-de-336-millones-de-euros-en-ayudas-a-mas-de-86-600-personas-que-perdieron-sus-vehiculos-en-la-riada-de-2024\/\" title=\"La Generalitat ha concedido m\u00e1s de 336 millones de euros en ayudas a m\u00e1s de 86.600 personas que perdieron sus veh\u00edculos en la riada de 2024\">[+] <\/a><\/div>\n","protected":false},"author":12,"featured_media":289067,"comment_status":"open","ping_status":"open","sticky":false,"template":"","format":"standard","meta":{"footnotes":""},"categories":[99,21465,128,8,72,42,117,142,3,116,45],"tags":[12831,10716,23583],"class_list":{"0":"post-289064","1":"post","2":"type-post","3":"status-publish","4":"format-standard","5":"has-post-thumbnail","7":"category-algemesi","8":"category-dana","9":"category-infraestructuras","10":"category-la-comarca","11":"category-sin-categorizar","12":"category-la-ribera","13":"category-medio-ambiente-la-comarca","14":"category-politica-la-comarca","15":"category-seccion","16":"category-sucesos-la-comarca","17":"category-ventana","18":"tag-dana-2","19":"tag-generalitat-valenciana","20":"tag-vehiculos-siniestrados"},"_links":{"self":[{"href":"https:\/\/www.tucomarca.com\/wordpress\/segunda\/wp-json\/wp\/v2\/posts\/289064","targetHints":{"allow":["GET"]}}],"collection":[{"href":"https:\/\/www.tucomarca.com\/wordpress\/segunda\/wp-json\/wp\/v2\/posts"}],"about":[{"href":"https:\/\/www.tucomarca.com\/wordpress\/segunda\/wp-json\/wp\/v2\/types\/post"}],"author":[{"embeddable":true,"href":"https:\/\/www.tucomarca.com\/wordpress\/segunda\/wp-json\/wp\/v2\/users\/12"}],"replies":[{"embeddable":true,"href":"https:\/\/www.tucomarca.com\/wordpress\/segunda\/wp-json\/wp\/v2\/comments?post=289064"}],"version-history":[{"count":0,"href":"https:\/\/www.tucomarca.com\/wordpress\/segunda\/wp-json\/wp\/v2\/posts\/289064\/revisions"}],"wp:featuredmedia":[{"embeddable":true,"href":"https:\/\/www.tucomarca.com\/wordpress\/segunda\/wp-json\/wp\/v2\/media\/289067"}],"wp:attachment":[{"href":"https:\/\/www.tucomarca.com\/wordpress\/segunda\/wp-json\/wp\/v2\/media?parent=289064"}],"wp:term":[{"taxonomy":"category","embeddable":true,"href":"https:\/\/www.tucomarca.com\/wordpress\/segunda\/wp-json\/wp\/v2\/categories?post=289064"},{"taxonomy":"post_tag","embeddable":true,"href":"https:\/\/www.tucomarca.com\/wordpress\/segunda\/wp-json\/wp\/v2\/tags?post=289064"}],"curies":[{"name":"wp","href":"https:\/\/api.w.org\/{rel}","templated":true}]}}