{"id":289085,"date":"2025-12-30T11:00:00","date_gmt":"2025-12-30T10:00:00","guid":{"rendered":"https:\/\/www.tucomarca.com\/wordpress\/segunda\/?p=289085"},"modified":"2025-12-31T10:13:51","modified_gmt":"2025-12-31T09:13:51","slug":"la-diputacio-posibilita-la-modernizacion-de-18-cuarteles-de-la-guardia-civil","status":"publish","type":"post","link":"https:\/\/www.tucomarca.com\/wordpress\/segunda\/la-diputacio-posibilita-la-modernizacion-de-18-cuarteles-de-la-guardia-civil\/","title":{"rendered":"La Diputaci\u00f3 posibilita la modernizaci\u00f3n de 18 cuarteles de la Guardia Civil"},"content":{"rendered":"\n<h3 class=\"wp-block-heading\">De momento, se han finalizado las obras en Massamagrell, Sagunto, Ademuz, Ll\u00edria, Albaida, Enguera, Xeresa, Cullera, Aldaia y Cortes de Pall\u00e1s.<\/h3>\n\n\n\n<h3 class=\"wp-block-heading\">El convenio firmado entre la Diputaci\u00f3 de Val\u00e8ncia y la Guardia Civil para promover mejoras en los cuarteles incluye rehabilitaciones por valor de 600.000 euros.<\/h3>\n\n\n\n<p>La Diputaci\u00f3 de Val\u00e8ncia ha hecho balance de la evoluci\u00f3n del convenio firmado con la Guardia Civil por el que se establece la modernizaci\u00f3n de 18 cuarteles en distintos municipios de la provincia por un valor de 604.386 euros. La instituci\u00f3n provincial, a trav\u00e9s de los ayuntamientos implicados, financia estas actuaciones mediante la justificaci\u00f3n de los gastos presentados por los mismos para la ejecuci\u00f3n de las obras.<\/p>\n\n\n\n<p>De momento, se han finalizado las obras de los cuarteles de Massamagrell (18.694 euros), Sagunto (35.303 euros), Ademuz (48.000 euros), Ll\u00edria (48.000 euros), Albaida (38.772 euros), Enguera (25.805 euros), Xeresa (12.500 euros), Cullera (29.937 euros), Aldaia (25.333 euros) y Cortes de Pall\u00e1s (8.851 euros).&nbsp;<\/p>\n\n\n\n<p>Adem\u00e1s, est\u00e1n en ejecuci\u00f3n las obras en Pu\u00e7ol (36.000 euros); Villalonga (30.000 euros) y Sueca (22.000 euros) donde ya se ha concluido la primera de sus dos fases y que finalmente tendr\u00e1 una inversi\u00f3n mayor a la prevista inicialmente. Tambi\u00e9n est\u00e1n previstas en este convenio las mejoras en los cuarteles de Oliva (65.000 euros); Canals (42.000 euros); l\u2019Olleria (37.000 euros); Castell\u00f3 de Rugat (24.000 euros); y Gandia (35.122 euros).&nbsp;<\/p>\n\n\n\n<p>El acuerdo establece que los ayuntamientos asumen la gesti\u00f3n de los expedientes de contrataci\u00f3n, correspondi\u00e9ndoles la contrataci\u00f3n de las obras respectivas con empresas especializadas del sector, el seguimiento de su ejecuci\u00f3n y el abono de los importes autorizados y comprometidos, as\u00ed como la tramitaci\u00f3n de los permisos, licencias y autorizaciones administrativas que, en su caso, deban obtenerse. As\u00ed, ha explicado el presidente de la Diputaci\u00f3n, Vicent Momp\u00f3, \u201cse trata de una colaboraci\u00f3n institucional a tres bandas: Diputaci\u00f3n, municipios y Estado\u201d. \u201cUna vez m\u00e1s, demostramos que si trabajamos juntos y colaboramos, se consiguen avances que nos benefician a todos y todas\u201d, ha esgrimido.&nbsp;<\/p>\n\n\n\n<p>Igualmente, Momp\u00f3 ha se\u00f1alado que el objetivo de este convenio \u201ces promover la modernizaci\u00f3n de los acuartelamientos de la provincia de Valencia con el objeto de ofrecer un servicio de calidad a la ciudadan\u00eda, as\u00ed como la mejora de las condiciones de vida del personal de la Guardia Civil mediante la ejecuci\u00f3n de las obras de reparaci\u00f3n y conservaci\u00f3n de dichas casas cuartel\u201d.&nbsp;<\/p>\n\n\n\n<p>Por \u00faltimo, la vicepresidenta primera y diputada de Cooperaci\u00f3n Municipal, Nat\u00e0lia Enguix, ha avanzado que la Diputaci\u00f3 de Val\u00e8ncia est\u00e1 trabajando para poder firmar un nuevo convenio por valor de otros 600.000 euros y continuar avanzando as\u00ed en la modernizaci\u00f3n de los cuarteles de la provincia: \u201cSeguiremos trabajando para que cada municipio de la provincia disponga de instalaciones dignas y servicios p\u00fablicos de calidad, porque eso es lo que merecen las personas que viven y trabajan en ellos\u201d. \u201cLa colaboraci\u00f3n con la Guardia Civil es una muestra de c\u00f3mo, con di\u00e1logo y cooperaci\u00f3n, podemos mejorar infraestructuras que son esenciales para garantizar la seguridad y el bienestar de la ciudadan\u00eda\u201d, ha concluido.<\/p>\n","protected":false},"excerpt":{"rendered":"<div class=\"mh-excerpt\">De momento, se han finalizado las obras en Massamagrell, Sagunto, Ademuz, Ll\u00edria, Albaida, Enguera, Xeresa, Cullera, Aldaia y Cortes de Pall\u00e1s. El convenio firmado entre la Diputaci\u00f3 de Val\u00e8ncia y la Guardia Civil para promover <a class=\"mh-excerpt-more\" href=\"https:\/\/www.tucomarca.com\/wordpress\/segunda\/la-diputacio-posibilita-la-modernizacion-de-18-cuarteles-de-la-guardia-civil\/\" title=\"La Diputaci\u00f3 posibilita la modernizaci\u00f3n de 18 cuarteles de la Guardia Civil\">[+] <\/a><\/div>\n","protected":false},"author":12,"featured_media":289087,"comment_status":"open","ping_status":"open","sticky":false,"template":"","format":"standard","meta":{"footnotes":""},"categories":[49,223,38,46,40,79,128,70,8,47,142,3,45],"tags":[10397,10392,23627,10406,10396],"class_list":{"0":"post-289085","1":"post","2":"type-post","3":"status-publish","4":"format-standard","5":"has-post-thumbnail","7":"category-ademuz","8":"category-ademuz-ademuz","9":"category-ayora-cofrentes","10":"category-camp-de-turia","11":"category-cortes-de-pallas","12":"category-enguera","13":"category-infraestructuras","14":"category-la-canal-de-navarres","15":"category-la-comarca","16":"category-lliria","17":"category-politica-la-comarca","18":"category-seccion","19":"category-ventana","20":"tag-ademuz","21":"tag-cortes-de-pallas","22":"tag-curateles-de-la-guadia-civil","23":"tag-enguera","24":"tag-lliria"},"_links":{"self":[{"href":"https:\/\/www.tucomarca.com\/wordpress\/segunda\/wp-json\/wp\/v2\/posts\/289085","targetHints":{"allow":["GET"]}}],"collection":[{"href":"https:\/\/www.tucomarca.com\/wordpress\/segunda\/wp-json\/wp\/v2\/posts"}],"about":[{"href":"https:\/\/www.tucomarca.com\/wordpress\/segunda\/wp-json\/wp\/v2\/types\/post"}],"author":[{"embeddable":true,"href":"https:\/\/www.tucomarca.com\/wordpress\/segunda\/wp-json\/wp\/v2\/users\/12"}],"replies":[{"embeddable":true,"href":"https:\/\/www.tucomarca.com\/wordpress\/segunda\/wp-json\/wp\/v2\/comments?post=289085"}],"version-history":[{"count":0,"href":"https:\/\/www.tucomarca.com\/wordpress\/segunda\/wp-json\/wp\/v2\/posts\/289085\/revisions"}],"wp:featuredmedia":[{"embeddable":true,"href":"https:\/\/www.tucomarca.com\/wordpress\/segunda\/wp-json\/wp\/v2\/media\/289087"}],"wp:attachment":[{"href":"https:\/\/www.tucomarca.com\/wordpress\/segunda\/wp-json\/wp\/v2\/media?parent=289085"}],"wp:term":[{"taxonomy":"category","embeddable":true,"href":"https:\/\/www.tucomarca.com\/wordpress\/segunda\/wp-json\/wp\/v2\/categories?post=289085"},{"taxonomy":"post_tag","embeddable":true,"href":"https:\/\/www.tucomarca.com\/wordpress\/segunda\/wp-json\/wp\/v2\/tags?post=289085"}],"curies":[{"name":"wp","href":"https:\/\/api.w.org\/{rel}","templated":true}]}}