{"id":289253,"date":"2026-01-02T09:30:00","date_gmt":"2026-01-02T08:30:00","guid":{"rendered":"https:\/\/www.tucomarca.com\/wordpress\/segunda\/?p=289253"},"modified":"2026-01-02T19:10:31","modified_gmt":"2026-01-02T18:10:31","slug":"salma-el-primer-bebe-nacido-en-2026-en-el-hospital-de-manises","status":"publish","type":"post","link":"https:\/\/www.tucomarca.com\/wordpress\/segunda\/salma-el-primer-bebe-nacido-en-2026-en-el-hospital-de-manises\/","title":{"rendered":"Salma, el primer beb\u00e9 nacido en 2026 en el Hospital de Manises"},"content":{"rendered":"\n<h3 class=\"wp-block-heading\">Salma naci\u00f3 el 1 de enero de 2026 a las 13,39 horas en la Casa de Partos y pes\u00f3 3\u201986 kilos.<\/h3>\n\n\n\n<p>Salma es el nombre del primer beb\u00e9 nacido en 2026 en el Hospital Universitario de Manises. El nacimiento tuvo lugar el primer d\u00eda del a\u00f1o, a las 13:39, horas despu\u00e9s de que sonaran las tradicionales campanadas y de recibir el a\u00f1o nuevo, en la Casa de Partos del centro hospitalario. La reci\u00e9n nacida pes\u00f3 3\u201986 kilogramos, y tanto ella como su mam\u00e1 se encuentran en perfecto estado de salud. Ambos progenitores le dieron la bienvenida al mundo con nervios, alegr\u00eda y mucha emoci\u00f3n.&nbsp;<\/p>\n\n\n\n<p>La madre de la beb\u00e9 ha expresado su emoci\u00f3n ante el feliz acontecimiento familiar que ha coincidido con las primeras horas del a\u00f1o 2026. En las horas posteriores al parto, los padres y la reci\u00e9n nacida recibieron la visita de una representaci\u00f3n del equipo de profesionales del \u00e1rea materno-infantil del hospital, quienes les trasladaron su felicitaci\u00f3n y les hicieron entrega de un obsequio conmemorativo con motivo del acontecimiento.<\/p>\n\n\n\n<p>Actualmente, el Hospital Universitario de Manises es parte del Departamento de Salud de Manises que da cobertura y asistencia sanitaria, tanto ambulatoria como domiciliaria a m\u00e1s de 216.000 personas de 14 localidades a trav\u00e9s del propio hospital de Manises, 9 centros de salud, 11 consultorios auxiliares, 2 centros de especialidades, 1 centro de salud integrado, el Hospital de Agudos de Manises y el Hospital de Cr\u00f3nicos de Mislata.<\/p>\n","protected":false},"excerpt":{"rendered":"<div class=\"mh-excerpt\">Salma naci\u00f3 el 1 de enero de 2026 a las 13,39 horas en la Casa de Partos y pes\u00f3 3\u201986 kilos. Salma es el nombre del primer beb\u00e9 nacido en 2026 en el Hospital Universitario <a class=\"mh-excerpt-more\" href=\"https:\/\/www.tucomarca.com\/wordpress\/segunda\/salma-el-primer-bebe-nacido-en-2026-en-el-hospital-de-manises\/\" title=\"Salma, el primer beb\u00e9 nacido en 2026 en el Hospital de Manises\">[+] <\/a><\/div>\n","protected":false},"author":12,"featured_media":289256,"comment_status":"open","ping_status":"open","sticky":false,"template":"","format":"standard","meta":{"footnotes":""},"categories":[46,119,128,8,10,7,3,45],"tags":[136,23636],"class_list":{"0":"post-289253","1":"post","2":"type-post","3":"status-publish","4":"format-standard","5":"has-post-thumbnail","7":"category-camp-de-turia","8":"category-sanidad-la-comarca","9":"category-infraestructuras","10":"category-la-comarca","11":"category-la-hoya","12":"category-ocio-y-cultura","13":"category-seccion","14":"category-ventana","15":"tag-hospital-de-manises","16":"tag-primer-bebe-de-2026"},"_links":{"self":[{"href":"https:\/\/www.tucomarca.com\/wordpress\/segunda\/wp-json\/wp\/v2\/posts\/289253","targetHints":{"allow":["GET"]}}],"collection":[{"href":"https:\/\/www.tucomarca.com\/wordpress\/segunda\/wp-json\/wp\/v2\/posts"}],"about":[{"href":"https:\/\/www.tucomarca.com\/wordpress\/segunda\/wp-json\/wp\/v2\/types\/post"}],"author":[{"embeddable":true,"href":"https:\/\/www.tucomarca.com\/wordpress\/segunda\/wp-json\/wp\/v2\/users\/12"}],"replies":[{"embeddable":true,"href":"https:\/\/www.tucomarca.com\/wordpress\/segunda\/wp-json\/wp\/v2\/comments?post=289253"}],"version-history":[{"count":0,"href":"https:\/\/www.tucomarca.com\/wordpress\/segunda\/wp-json\/wp\/v2\/posts\/289253\/revisions"}],"wp:featuredmedia":[{"embeddable":true,"href":"https:\/\/www.tucomarca.com\/wordpress\/segunda\/wp-json\/wp\/v2\/media\/289256"}],"wp:attachment":[{"href":"https:\/\/www.tucomarca.com\/wordpress\/segunda\/wp-json\/wp\/v2\/media?parent=289253"}],"wp:term":[{"taxonomy":"category","embeddable":true,"href":"https:\/\/www.tucomarca.com\/wordpress\/segunda\/wp-json\/wp\/v2\/categories?post=289253"},{"taxonomy":"post_tag","embeddable":true,"href":"https:\/\/www.tucomarca.com\/wordpress\/segunda\/wp-json\/wp\/v2\/tags?post=289253"}],"curies":[{"name":"wp","href":"https:\/\/api.w.org\/{rel}","templated":true}]}}