{"id":289260,"date":"2026-01-02T11:00:00","date_gmt":"2026-01-02T10:00:00","guid":{"rendered":"https:\/\/www.tucomarca.com\/wordpress\/segunda\/?p=289260"},"modified":"2026-01-02T19:06:05","modified_gmt":"2026-01-02T18:06:05","slug":"el-circuit-ricardo-tormo-presenta-su-calendario-para-2026-con-motogp-como-cita-destacada","status":"publish","type":"post","link":"https:\/\/www.tucomarca.com\/wordpress\/segunda\/el-circuit-ricardo-tormo-presenta-su-calendario-para-2026-con-motogp-como-cita-destacada\/","title":{"rendered":"El Circuit Ricardo Tormo presenta su calendario para 2026 con MotoGP como cita destacada"},"content":{"rendered":"\n<h3 class=\"wp-block-heading\">El 22 de noviembre llegar\u00e1 el Gran Premio Motul de la Comunitat Valenciana, que cerrar\u00e1 la temporada de MotoGP.<\/h3>\n\n\n\n<h3 class=\"wp-block-heading\">Un total de 14 eventos est\u00e1n ya incluidos en el calendario provisional del trazado de Cheste.<\/h3>\n\n\n\n<p>El Circuit Ricardo Tormo ha anunciado su calendario provisional para la temporada 2026, que incluye pruebas de motociclismo, automovilismo y eventos deportivos que consolidan su papel como sede de referencia en la Comunitat Valenciana.<\/p>\n\n\n\n<p>La cita m\u00e1s importante ser\u00e1 un a\u00f1o m\u00e1s el Gran Premio Motul de la Comunitat Valenciana, que se celebrar\u00e1 el 22 de noviembre y cerrar\u00e1 el Campeonato del Mundo de MotoGP. Las entradas para este evento ya est\u00e1n disponibles en la web oficial del Circuit&nbsp;<a href=\"http:\/\/www.circuitricardotormo.com\/\" target=\"_blank\" rel=\"noreferrer noopener\">www.circuitricardotormo.com<\/a>.<\/p>\n\n\n\n<p>La temporada comenzar\u00e1 el 11 de enero con el Duatl\u00f3n, una prueba que combina carrera y ciclismo en el trazado del Circuit. En febrero se celebrar\u00e1n dos encuentros de automovilismo: el d\u00eda 15 las Winter Series junto a ROOW, y el d\u00eda 21 el Porsche Sprint Challenge Southern Europe, que reunir\u00e1 a los veh\u00edculos GT en una jornada intensa de competici\u00f3n.<\/p>\n\n\n\n<p>En marzo llegar\u00e1 Racing Legends, -el d\u00eda 8-, con veh\u00edculos hist\u00f3ricos y actividades para los aficionados. Abril estar\u00e1 dedicado al automovilismo nacional, con el NAPA Racing Weekend el d\u00eda 12, y al norteamericano con uno de los eventos m\u00e1s esperado de cada a\u00f1o, el Valencia NASCAR Fest el d\u00eda 19, que traer\u00e1 el espect\u00e1culo de la NASCAR a la pista valenciana.<\/p>\n\n\n\n<p>El mes de mayo comenzar\u00e1 con la Copa de Motociclismo FMCV el d\u00eda 3 y continuar\u00e1 el d\u00eda 16 con el Gran Premio Velas Marat\u00f3n Running, que convertir\u00e1 el Circuit en un espacio para el atletismo. Junio contar\u00e1 con dos citas: el d\u00eda 14 se celebrar\u00e1 TCR y Volrace, y el d\u00eda 21 la segunda prueba de la Copa de Motociclismo FMCV.<\/p>\n\n\n\n<p>Tras el verano, la antesala de MotoGP llegar\u00e1 al Circuit con MotoJunior, que se disputar\u00e1 el 6 de septiembre, ofreciendo la oportunidad de ver a los j\u00f3venes pilotos que aspiran a llegar al Mundial. El d\u00eda 13 se celebrar\u00e1 la \u00faltima prueba de la Copa de Motociclismo FMCV y el 27 ser\u00e1 el turno de Supercars y ROOW, con veh\u00edculos de altas prestaciones en pista.<\/p>\n\n\n\n<p>Finalmente, el 22 de noviembre tendr\u00e1 lugar el Gran Premio Motul de la Comunitat Valenciana, que volver\u00e1 a decidir los t\u00edtulos del Campeonato del Mundo de MotoGP y a reunir a miles de aficionados en el Circuit Ricardo Tormo.<\/p>\n\n\n\n<p>El director general del Circuit Ricardo Tormo, Nicol\u00e1s Collado, ha indicado que \u00abel calendario 2026 refleja nuestra intenci\u00f3n por concentrar lo mejor del mundo del motor. Hemos preparado una programaci\u00f3n que incluye competiciones internacionales y pruebas que fomentan la base del motociclismo y el automovilismo. El Gran Premio Motul de la Comunitat Valenciana ser\u00e1, como cada a\u00f1o, el gran momento de la temporada y una cita que convierte a nuestro Circuit en el centro del motociclismo mundial.\u00bb<\/p>\n\n\n\n<p><strong>Calendario provisional 2026 del Circuit Ricardo Tormo<\/strong>:<\/p>\n\n\n\n<p>11 de enero \u2013 Duatl\u00f3n<\/p>\n\n\n\n<p>15 de febrero \u2013 Winter Series + ROOW<\/p>\n\n\n\n<p>21 de febrero \u2013 Porsche Sprint Challenge Southern Europe *<\/p>\n\n\n\n<p>8 de marzo \u2013 Racing Legends<\/p>\n\n\n\n<p>12 de abril \u2013 Racing Weekend<\/p>\n\n\n\n<p>19 de abril \u2013 Valencia NASCAR Fest<\/p>\n\n\n\n<p>3 de mayo \u2013 Copa Motociclismo FMCV<\/p>\n\n\n\n<p>16 de mayo \u2013 Gran Premio Velas Marat\u00f3n Running *<\/p>\n\n\n\n<p>14 de junio \u2013 TCR y Volrace<\/p>\n\n\n\n<p>21 de junio \u2013 Copa Motociclismo FMCV<\/p>\n\n\n\n<p>6 de septiembre \u2013 JuniorGP<\/p>\n\n\n\n<p>13 de septiembre \u2013 Copa Motociclismo FMCV<\/p>\n\n\n\n<p>27 de septiembre \u2013 Supercars + ROOW<\/p>\n\n\n\n<p>22 de noviembre \u2013 Gran Premio Motul de la Comunitat Valenciana<\/p>\n\n\n\n<p>* Evento en s\u00e1bado<\/p>\n","protected":false},"excerpt":{"rendered":"<div class=\"mh-excerpt\">El 22 de noviembre llegar\u00e1 el Gran Premio Motul de la Comunitat Valenciana, que cerrar\u00e1 la temporada de MotoGP. Un total de 14 eventos est\u00e1n ya incluidos en el calendario provisional del trazado de Cheste. <a class=\"mh-excerpt-more\" href=\"https:\/\/www.tucomarca.com\/wordpress\/segunda\/el-circuit-ricardo-tormo-presenta-su-calendario-para-2026-con-motogp-como-cita-destacada\/\" title=\"El Circuit Ricardo Tormo presenta su calendario para 2026 con MotoGP como cita destacada\">[+] <\/a><\/div>\n","protected":false},"author":12,"featured_media":289262,"comment_status":"open","ping_status":"open","sticky":false,"template":"","format":"standard","meta":{"footnotes":""},"categories":[50,17,6,8,72,10,91,3,45],"tags":[10474,10477],"class_list":{"0":"post-289260","1":"post","2":"type-post","3":"status-publish","4":"format-standard","5":"has-post-thumbnail","7":"category-futbol-deportes","8":"category-cheste","9":"category-deportes","10":"category-la-comarca","11":"category-sin-categorizar","12":"category-la-hoya","13":"category-motociclismo","14":"category-seccion","15":"category-ventana","16":"tag-circuit-ricardo-tormo","17":"tag-circuito-de-cheste"},"_links":{"self":[{"href":"https:\/\/www.tucomarca.com\/wordpress\/segunda\/wp-json\/wp\/v2\/posts\/289260","targetHints":{"allow":["GET"]}}],"collection":[{"href":"https:\/\/www.tucomarca.com\/wordpress\/segunda\/wp-json\/wp\/v2\/posts"}],"about":[{"href":"https:\/\/www.tucomarca.com\/wordpress\/segunda\/wp-json\/wp\/v2\/types\/post"}],"author":[{"embeddable":true,"href":"https:\/\/www.tucomarca.com\/wordpress\/segunda\/wp-json\/wp\/v2\/users\/12"}],"replies":[{"embeddable":true,"href":"https:\/\/www.tucomarca.com\/wordpress\/segunda\/wp-json\/wp\/v2\/comments?post=289260"}],"version-history":[{"count":0,"href":"https:\/\/www.tucomarca.com\/wordpress\/segunda\/wp-json\/wp\/v2\/posts\/289260\/revisions"}],"wp:featuredmedia":[{"embeddable":true,"href":"https:\/\/www.tucomarca.com\/wordpress\/segunda\/wp-json\/wp\/v2\/media\/289262"}],"wp:attachment":[{"href":"https:\/\/www.tucomarca.com\/wordpress\/segunda\/wp-json\/wp\/v2\/media?parent=289260"}],"wp:term":[{"taxonomy":"category","embeddable":true,"href":"https:\/\/www.tucomarca.com\/wordpress\/segunda\/wp-json\/wp\/v2\/categories?post=289260"},{"taxonomy":"post_tag","embeddable":true,"href":"https:\/\/www.tucomarca.com\/wordpress\/segunda\/wp-json\/wp\/v2\/tags?post=289260"}],"curies":[{"name":"wp","href":"https:\/\/api.w.org\/{rel}","templated":true}]}}