{"id":289288,"date":"2026-01-02T11:45:00","date_gmt":"2026-01-02T10:45:00","guid":{"rendered":"https:\/\/www.tucomarca.com\/wordpress\/segunda\/?p=289288"},"modified":"2026-01-02T19:23:04","modified_gmt":"2026-01-02T18:23:04","slug":"el-ayuntamiento-de-requena-recomienda-a-la-poblacion-almacenar-alimentos-ante-un-previsible-aislamiento-a-causa-de-la-nieve-en-los-proximos-dias","status":"publish","type":"post","link":"https:\/\/www.tucomarca.com\/wordpress\/segunda\/el-ayuntamiento-de-requena-recomienda-a-la-poblacion-almacenar-alimentos-ante-un-previsible-aislamiento-a-causa-de-la-nieve-en-los-proximos-dias\/","title":{"rendered":"El Ayuntamiento de Requena recomienda a la poblaci\u00f3n almacenar alimentos ante un previsible aislamiento a causa de la nieve en los pr\u00f3ximos d\u00edas"},"content":{"rendered":"\n<p id=\"paragraph_14\">El\u00a0Ayuntamiento de Requena ha publicado una serie de recomendaciones a la ciudadan\u00eda\u00a0ante la previsi\u00f3n de nieve para la madrugada del 4 al 5 de enero as\u00ed como durante el d\u00eda 5.<\/p>\n\n\n\n<p id=\"paragraph_15\">El consistorio ha distribuido a trav\u00e9s de las redes sociales recomendaciones que incluyen la de&nbsp;\u00ab<strong>almacenar alimentos y combustibles para un periodo de aislamiento de una semana<\/strong>\u00bb as\u00ed como que se adquieran pilas de repuesto para los aparatos de radio.<\/p>\n\n\n\n<p id=\"paragraph_16\">Unas medidas que han sido anunciadas tras la reuni\u00f3n de coordinaci\u00f3n celebrada este viernes por el Ayuntamiento de Requena en la que se han repasado las v\u00edas de evacuaci\u00f3n, el Plan de Emergencia y se ha establecido el&nbsp;<strong>protocolo de retirada de nieve<\/strong>, priorizando las principales v\u00edas del municipio y accesos, los diferentes barrios y los accesos a servicios esenciales como el centro de salud, el hospital, la residencia y las aldeas.<\/p>\n\n\n\n<p id=\"paragraph_17\">Tambi\u00e9n se han coordinado las primeras actuaciones, como el esparcido de sal en los accesos que puedan resultar m\u00e1s conflictivos, especialmente en pedan\u00edas como Las Nogueras, Villar de Olmos y La Ca\u00f1ada.<\/p>\n","protected":false},"excerpt":{"rendered":"<div class=\"mh-excerpt\">El\u00a0Ayuntamiento de Requena ha publicado una serie de recomendaciones a la ciudadan\u00eda\u00a0ante la previsi\u00f3n de nieve para la madrugada del 4 al 5 de enero as\u00ed como durante el d\u00eda 5. El consistorio ha distribuido <a class=\"mh-excerpt-more\" href=\"https:\/\/www.tucomarca.com\/wordpress\/segunda\/el-ayuntamiento-de-requena-recomienda-a-la-poblacion-almacenar-alimentos-ante-un-previsible-aislamiento-a-causa-de-la-nieve-en-los-proximos-dias\/\" title=\"El Ayuntamiento de Requena recomienda a la poblaci\u00f3n almacenar alimentos ante un previsible aislamiento a causa de la nieve en los pr\u00f3ximos d\u00edas\">[+] <\/a><\/div>\n","protected":false},"author":1,"featured_media":210459,"comment_status":"open","ping_status":"open","sticky":false,"template":"","format":"standard","meta":{"footnotes":""},"categories":[128,8,72,117,142,28,27,3,116,45],"tags":[725,10388,10387],"class_list":{"0":"post-289288","1":"post","2":"type-post","3":"status-publish","4":"format-standard","5":"has-post-thumbnail","7":"category-infraestructuras","8":"category-la-comarca","9":"category-sin-categorizar","10":"category-medio-ambiente-la-comarca","11":"category-politica-la-comarca","12":"category-requena","13":"category-requena-utiel","14":"category-seccion","15":"category-sucesos-la-comarca","16":"category-ventana","17":"tag-nieve","18":"tag-requena","19":"tag-requena-utiel"},"_links":{"self":[{"href":"https:\/\/www.tucomarca.com\/wordpress\/segunda\/wp-json\/wp\/v2\/posts\/289288","targetHints":{"allow":["GET"]}}],"collection":[{"href":"https:\/\/www.tucomarca.com\/wordpress\/segunda\/wp-json\/wp\/v2\/posts"}],"about":[{"href":"https:\/\/www.tucomarca.com\/wordpress\/segunda\/wp-json\/wp\/v2\/types\/post"}],"author":[{"embeddable":true,"href":"https:\/\/www.tucomarca.com\/wordpress\/segunda\/wp-json\/wp\/v2\/users\/1"}],"replies":[{"embeddable":true,"href":"https:\/\/www.tucomarca.com\/wordpress\/segunda\/wp-json\/wp\/v2\/comments?post=289288"}],"version-history":[{"count":0,"href":"https:\/\/www.tucomarca.com\/wordpress\/segunda\/wp-json\/wp\/v2\/posts\/289288\/revisions"}],"wp:featuredmedia":[{"embeddable":true,"href":"https:\/\/www.tucomarca.com\/wordpress\/segunda\/wp-json\/wp\/v2\/media\/210459"}],"wp:attachment":[{"href":"https:\/\/www.tucomarca.com\/wordpress\/segunda\/wp-json\/wp\/v2\/media?parent=289288"}],"wp:term":[{"taxonomy":"category","embeddable":true,"href":"https:\/\/www.tucomarca.com\/wordpress\/segunda\/wp-json\/wp\/v2\/categories?post=289288"},{"taxonomy":"post_tag","embeddable":true,"href":"https:\/\/www.tucomarca.com\/wordpress\/segunda\/wp-json\/wp\/v2\/tags?post=289288"}],"curies":[{"name":"wp","href":"https:\/\/api.w.org\/{rel}","templated":true}]}}