{"id":2893,"date":"2012-06-03T14:57:05","date_gmt":"2012-06-03T12:57:05","guid":{"rendered":"http:\/\/www.tucomarca.com\/wordpress\/segunda\/?p=2893"},"modified":"2012-06-03T14:57:05","modified_gmt":"2012-06-03T12:57:05","slug":"barbera-entra-decimo-en-moto-gp-y-adrian-en-el-puesto-diecisete-de-moto-3-en-el-gp-de-cataluna","status":"publish","type":"post","link":"https:\/\/www.tucomarca.com\/wordpress\/segunda\/barbera-entra-decimo-en-moto-gp-y-adrian-en-el-puesto-diecisete-de-moto-3-en-el-gp-de-cataluna\/","title":{"rendered":"Barber\u00e1 entra d\u00e9cimo en Moto GP y Adri\u00e1n en el puesto diecisete de Moto 3 en el GP de Catalu\u00f1a"},"content":{"rendered":"<p>El piloto de Dos Aguas, H\u00e9ctor Barber\u00e1, ha entrado en la d\u00e9cima posici\u00f3n en la carrera de Moto GP disputada esta ma\u00f1ana en el circuito de Catalu\u00f1a y en la que ha sido el vencedor el piloto espa\u00f1ol de Yamaha, Jorge Lorenzo, quien ha conseguido la victoria <strong><\/strong>al imponerse a Dani Pedrosa en una carrera dominada por los dos pilotos nacionales.<\/p>\n<p>La  cuarta posici\u00f3n de Stoner, que no consigui\u00f3 entrar en el podio por una  buena carrera de Dovizioso, provoca que el piloto balear sea a\u00fan m\u00e1s l\u00edder del Mundial de motociclismo.<\/p>\n<p>Por su parte, el chivano Adri\u00e1n Mart\u00edn ha entrado en la posici\u00f3n diecisiete en una carrera en la que el piloto espa\u00f1ol Maverick Vi\u00f1ales (Honda) ha conquistado una triunfo  autoritario en el Gran Premio de Catalunya, en una categor\u00eda de Moto3  que ha dejado una emocionante lucha por el podio, al que finalmente se  subieron el l\u00edder del Mundial, Sandro Cortese (KTM), y el portugu\u00e9s  Miguel Oliveira (Honda).<\/p>\n<p>M\u00e1s infomaci\u00f3n, en la edici\u00f3n impresa de esta semana de tucomarca.com.<\/p>\n","protected":false},"excerpt":{"rendered":"<div class=\"mh-excerpt\">El piloto de Dos Aguas, H\u00e9ctor Barber\u00e1, ha entrado en la d\u00e9cima posici\u00f3n en la carrera de Moto GP disputada esta ma\u00f1ana en el circuito de Catalu\u00f1a y en la que ha sido el vencedor <a class=\"mh-excerpt-more\" href=\"https:\/\/www.tucomarca.com\/wordpress\/segunda\/barbera-entra-decimo-en-moto-gp-y-adrian-en-el-puesto-diecisete-de-moto-3-en-el-gp-de-cataluna\/\" title=\"Barber\u00e1 entra d\u00e9cimo en Moto GP y Adri\u00e1n en el puesto diecisete de Moto 3 en el GP de Catalu\u00f1a\">[+] <\/a><\/div>\n","protected":false},"author":1,"featured_media":1959,"comment_status":"open","ping_status":"open","sticky":false,"template":"","format":"standard","meta":{"footnotes":""},"categories":[16,6,15,10,91,3],"tags":[],"class_list":{"0":"post-2893","1":"post","2":"type-post","3":"status-publish","4":"format-standard","5":"has-post-thumbnail","7":"category-chiva","8":"category-deportes","9":"category-dos-aguas","10":"category-la-hoya","11":"category-motociclismo","12":"category-seccion"},"_links":{"self":[{"href":"https:\/\/www.tucomarca.com\/wordpress\/segunda\/wp-json\/wp\/v2\/posts\/2893","targetHints":{"allow":["GET"]}}],"collection":[{"href":"https:\/\/www.tucomarca.com\/wordpress\/segunda\/wp-json\/wp\/v2\/posts"}],"about":[{"href":"https:\/\/www.tucomarca.com\/wordpress\/segunda\/wp-json\/wp\/v2\/types\/post"}],"author":[{"embeddable":true,"href":"https:\/\/www.tucomarca.com\/wordpress\/segunda\/wp-json\/wp\/v2\/users\/1"}],"replies":[{"embeddable":true,"href":"https:\/\/www.tucomarca.com\/wordpress\/segunda\/wp-json\/wp\/v2\/comments?post=2893"}],"version-history":[{"count":0,"href":"https:\/\/www.tucomarca.com\/wordpress\/segunda\/wp-json\/wp\/v2\/posts\/2893\/revisions"}],"wp:featuredmedia":[{"embeddable":true,"href":"https:\/\/www.tucomarca.com\/wordpress\/segunda\/wp-json\/wp\/v2\/media\/1959"}],"wp:attachment":[{"href":"https:\/\/www.tucomarca.com\/wordpress\/segunda\/wp-json\/wp\/v2\/media?parent=2893"}],"wp:term":[{"taxonomy":"category","embeddable":true,"href":"https:\/\/www.tucomarca.com\/wordpress\/segunda\/wp-json\/wp\/v2\/categories?post=2893"},{"taxonomy":"post_tag","embeddable":true,"href":"https:\/\/www.tucomarca.com\/wordpress\/segunda\/wp-json\/wp\/v2\/tags?post=2893"}],"curies":[{"name":"wp","href":"https:\/\/api.w.org\/{rel}","templated":true}]}}