{"id":289312,"date":"2026-01-04T12:00:00","date_gmt":"2026-01-04T11:00:00","guid":{"rendered":"https:\/\/www.tucomarca.com\/wordpress\/segunda\/?p=289312"},"modified":"2026-01-04T15:25:16","modified_gmt":"2026-01-04T14:25:16","slug":"las-bajas-temperaturas-y-el-temporal-de-lluvia-y-nieve-afectan-ya-al-interior-de-la-provincia-de-valencia","status":"publish","type":"post","link":"https:\/\/www.tucomarca.com\/wordpress\/segunda\/las-bajas-temperaturas-y-el-temporal-de-lluvia-y-nieve-afectan-ya-al-interior-de-la-provincia-de-valencia\/","title":{"rendered":"Las bajas temperaturas y el temporal de lluvia y nieve afectan ya al interior de la provincia de Valencia"},"content":{"rendered":"\n<p>Las comarcas del interior de la provincia de Valencia est\u00e1n registrando en estos d\u00edas <strong>un episodio invernal marcado por bajas temperaturas y persistentes precipitaciones<\/strong>, con lluvia intensa y nevadas en zonas de mayor altitud, seg\u00fan los avisos meteorol\u00f3gicos actualizados. <\/p>\n\n\n\n<p>El Centro de Coordinaci\u00f3n de Emergencias ha activado alerta amarilla por nevadas en gran parte del interior de la provincia, situaci\u00f3n que se mantiene vigente para las pr\u00f3ximas horas y que se extiende a comarcas como La Hoya de Bu\u00f1ol, Requena-Utiel, Rinc\u00f3n de Ademuz, La Canal de Navarr\u00e9s, La Serran\u00eda o La Ribera Alta, adem\u00e1s de otras \u00e1reas del interior sur de la Comunitat Valenciana.<\/p>\n\n\n\n<p>El descenso del mercurio ha provocado que numerosos puntos del interior hayan amanecido con temperaturas bajo cero, y se esperan heladas locales en zonas elevadas durante la madrugada, lo que incrementa la sensaci\u00f3n t\u00e9rmica de fr\u00edo. <\/p>\n\n\n\n<p>En cuanto a las precipitaciones, la lluvia ha sido persistente y continua en toda la zona de interior, con registros moderados en diferentes puntos de La Hoya de Bu\u00f1ol, La Canal de Navarr\u00e9s y La Ribera Alta, as\u00ed como en \u00e1reas de Requena-Utiel y el Rinc\u00f3n de Ademuz, donde los acumulados han aumentado de forma progresiva a lo largo de la jornada.<\/p>\n\n\n\n<p>Adem\u00e1s, los servicios meteorol\u00f3gicos han emitido avisos por nieve o hielo para el interior norte de la provincia, con acumulaci\u00f3n de nieve prevista en cotas medias, lo que est\u00e1 dificultando la circulaci\u00f3n en tramos de carretera de monta\u00f1a y zonas rurales. <\/p>\n\n\n\n<p>Las autoridades locales recomiendan extremar la precauci\u00f3n durante los desplazamientos, especialmente por la posible formaci\u00f3n de placas de hielo en carreteras secundarias y caminos de monta\u00f1a, as\u00ed como atender las indicaciones de los servicios de emergencia y protecci\u00f3n civil. La previsi\u00f3n apunta a que el temporal continuar\u00e1 durante los pr\u00f3ximos d\u00edas, con lluvias persistentes y temperaturas fr\u00edas que reforzar\u00e1n el ambiente invernal en toda la zona interior de Valencia.<\/p>\n\n\n\n<figure class=\"wp-block-gallery has-nested-images columns-default is-cropped wp-block-gallery-1 is-layout-flex wp-block-gallery-is-layout-flex\">\n<figure class=\"wp-block-image size-large\"><img loading=\"lazy\" decoding=\"async\" width=\"728\" height=\"702\" data-id=\"289316\" src=\"https:\/\/www.tucomarca.com\/wordpress\/segunda\/wp-content\/uploads\/2026\/01\/G9zqiO4XAAAz7bW.png\" alt=\"\" class=\"wp-image-289316\" srcset=\"https:\/\/www.tucomarca.com\/wordpress\/segunda\/wp-content\/uploads\/2026\/01\/G9zqiO4XAAAz7bW.png 728w, https:\/\/www.tucomarca.com\/wordpress\/segunda\/wp-content\/uploads\/2026\/01\/G9zqiO4XAAAz7bW-300x289.png 300w\" sizes=\"auto, (max-width: 728px) 100vw, 728px\" \/><\/figure>\n\n\n\n<figure class=\"wp-block-image size-large\"><img loading=\"lazy\" decoding=\"async\" width=\"728\" height=\"702\" data-id=\"289314\" src=\"https:\/\/www.tucomarca.com\/wordpress\/segunda\/wp-content\/uploads\/2026\/01\/G9zqiaMXsAA53nu.png\" alt=\"\" class=\"wp-image-289314\" srcset=\"https:\/\/www.tucomarca.com\/wordpress\/segunda\/wp-content\/uploads\/2026\/01\/G9zqiaMXsAA53nu.png 728w, https:\/\/www.tucomarca.com\/wordpress\/segunda\/wp-content\/uploads\/2026\/01\/G9zqiaMXsAA53nu-300x289.png 300w\" sizes=\"auto, (max-width: 728px) 100vw, 728px\" \/><\/figure>\n<\/figure>\n","protected":false},"excerpt":{"rendered":"<div class=\"mh-excerpt\">Las comarcas del interior de la provincia de Valencia est\u00e1n registrando en estos d\u00edas un episodio invernal marcado por bajas temperaturas y persistentes precipitaciones, con lluvia intensa y nevadas en zonas de mayor altitud, seg\u00fan <a class=\"mh-excerpt-more\" href=\"https:\/\/www.tucomarca.com\/wordpress\/segunda\/las-bajas-temperaturas-y-el-temporal-de-lluvia-y-nieve-afectan-ya-al-interior-de-la-provincia-de-valencia\/\" title=\"Las bajas temperaturas y el temporal de lluvia y nieve afectan ya al interior de la provincia de Valencia\">[+] <\/a><\/div>\n","protected":false},"author":12,"featured_media":289314,"comment_status":"open","ping_status":"open","sticky":false,"template":"","format":"standard","meta":{"footnotes":""},"categories":[49,38,128,70,8,10,42,59,117,142,27,3,116,45],"tags":[4453,11450,5952,10387],"class_list":{"0":"post-289312","1":"post","2":"type-post","3":"status-publish","4":"format-standard","5":"has-post-thumbnail","7":"category-ademuz","8":"category-ayora-cofrentes","9":"category-infraestructuras","10":"category-la-canal-de-navarres","11":"category-la-comarca","12":"category-la-hoya","13":"category-la-ribera","14":"category-los-serranos","15":"category-medio-ambiente-la-comarca","16":"category-politica-la-comarca","17":"category-requena-utiel","18":"category-seccion","19":"category-sucesos-la-comarca","20":"category-ventana","21":"tag-aemet","22":"tag-agencia-estatal-de-meteorologia-aemet-2","23":"tag-la-hoya-de-bunol-chiva","24":"tag-requena-utiel"},"_links":{"self":[{"href":"https:\/\/www.tucomarca.com\/wordpress\/segunda\/wp-json\/wp\/v2\/posts\/289312","targetHints":{"allow":["GET"]}}],"collection":[{"href":"https:\/\/www.tucomarca.com\/wordpress\/segunda\/wp-json\/wp\/v2\/posts"}],"about":[{"href":"https:\/\/www.tucomarca.com\/wordpress\/segunda\/wp-json\/wp\/v2\/types\/post"}],"author":[{"embeddable":true,"href":"https:\/\/www.tucomarca.com\/wordpress\/segunda\/wp-json\/wp\/v2\/users\/12"}],"replies":[{"embeddable":true,"href":"https:\/\/www.tucomarca.com\/wordpress\/segunda\/wp-json\/wp\/v2\/comments?post=289312"}],"version-history":[{"count":0,"href":"https:\/\/www.tucomarca.com\/wordpress\/segunda\/wp-json\/wp\/v2\/posts\/289312\/revisions"}],"wp:featuredmedia":[{"embeddable":true,"href":"https:\/\/www.tucomarca.com\/wordpress\/segunda\/wp-json\/wp\/v2\/media\/289314"}],"wp:attachment":[{"href":"https:\/\/www.tucomarca.com\/wordpress\/segunda\/wp-json\/wp\/v2\/media?parent=289312"}],"wp:term":[{"taxonomy":"category","embeddable":true,"href":"https:\/\/www.tucomarca.com\/wordpress\/segunda\/wp-json\/wp\/v2\/categories?post=289312"},{"taxonomy":"post_tag","embeddable":true,"href":"https:\/\/www.tucomarca.com\/wordpress\/segunda\/wp-json\/wp\/v2\/tags?post=289312"}],"curies":[{"name":"wp","href":"https:\/\/api.w.org\/{rel}","templated":true}]}}