{"id":289325,"date":"2026-01-04T12:15:00","date_gmt":"2026-01-04T11:15:00","guid":{"rendered":"https:\/\/www.tucomarca.com\/wordpress\/segunda\/?p=289325"},"modified":"2026-01-04T21:23:54","modified_gmt":"2026-01-04T20:23:54","slug":"el-emisario-real-llena-alborache-de-ilusion-y-anuncia-la-llegada-de-los-reyes-magos-de-oriente-este-lunes","status":"publish","type":"post","link":"https:\/\/www.tucomarca.com\/wordpress\/segunda\/el-emisario-real-llena-alborache-de-ilusion-y-anuncia-la-llegada-de-los-reyes-magos-de-oriente-este-lunes\/","title":{"rendered":"El Emisario Real llena Alborache de ilusi\u00f3n y anuncia la llegada de los Reyes Magos de Oriente este lunes"},"content":{"rendered":"\n<p>Alborache vivi\u00f3 una jornada cargada de ilusi\u00f3n con la visita del Emisario Real, quien anunci\u00f3 oficialmente la llegada de Sus Majestades los Reyes Magos de Oriente al municipio el pr\u00f3ximo <strong>lunes 5 de enero a partir de las 18,00 horas<\/strong>.<\/p>\n\n\n\n<p>Debido a las <strong>condiciones meteorol\u00f3gicas previstas para esa jornada<\/strong>, el Ayuntamiento informa de que <strong>queda suspendido el trayecto habitual de la cabalgata<\/strong>, con el fin de garantizar la seguridad de la ciudadan\u00eda y, especialmente, de los ni\u00f1os y ni\u00f1as.<\/p>\n\n\n\n<p>No obstante, Sus Majestades mantendr\u00e1n su visita a Alborache y desarrollar\u00e1n una agenda adaptada. A partir de las <strong>18:00 h<\/strong>, los Reyes Magos visitar\u00e1n la <strong>Residencia SAVIA<\/strong>, donde compartir\u00e1n un momento especial con las personas mayores. Posteriormente, se desplazar\u00e1n a la <strong>Iglesia Parroquial<\/strong>, donde realizar\u00e1n la tradicional <strong>ofrenda de incienso, oro y mirra al Ni\u00f1o Jes\u00fas<\/strong>.<\/p>\n\n\n\n<p>La jornada concluir\u00e1 en el <strong>Sal\u00f3n de Actos del Ayuntamiento<\/strong>, donde tendr\u00e1 lugar la <strong>entrega de regalos<\/strong>, poniendo el broche final a una tarde muy esperada por los m\u00e1s peque\u00f1os del municipio.<\/p>\n\n\n\n<p>Desde el Ayuntamiento se agradece la comprensi\u00f3n de vecinos y vecinas ante estos cambios motivados por la meteorolog\u00eda y se anima a la poblaci\u00f3n a participar en esta celebraci\u00f3n, manteniendo viva la magia y la ilusi\u00f3n de la llegada de los Reyes Magos.<\/p>\n\n\n\n<figure class=\"wp-block-gallery has-nested-images columns-default is-cropped wp-block-gallery-1 is-layout-flex wp-block-gallery-is-layout-flex\">\n<figure class=\"wp-block-image size-large\"><img loading=\"lazy\" decoding=\"async\" width=\"1024\" height=\"1024\" data-id=\"289333\" src=\"https:\/\/www.tucomarca.com\/wordpress\/segunda\/wp-content\/uploads\/2026\/01\/AlborachePaje3-1024x1024.jpg\" alt=\"\" class=\"wp-image-289333\" srcset=\"https:\/\/www.tucomarca.com\/wordpress\/segunda\/wp-content\/uploads\/2026\/01\/AlborachePaje3-1024x1024.jpg 1024w, https:\/\/www.tucomarca.com\/wordpress\/segunda\/wp-content\/uploads\/2026\/01\/AlborachePaje3-300x300.jpg 300w, https:\/\/www.tucomarca.com\/wordpress\/segunda\/wp-content\/uploads\/2026\/01\/AlborachePaje3-290x290.jpg 290w, https:\/\/www.tucomarca.com\/wordpress\/segunda\/wp-content\/uploads\/2026\/01\/AlborachePaje3-768x768.jpg 768w, https:\/\/www.tucomarca.com\/wordpress\/segunda\/wp-content\/uploads\/2026\/01\/AlborachePaje3.jpg 1081w\" sizes=\"auto, (max-width: 1024px) 100vw, 1024px\" \/><\/figure>\n\n\n\n<figure class=\"wp-block-image size-large\"><img loading=\"lazy\" decoding=\"async\" width=\"1024\" height=\"1024\" data-id=\"289331\" src=\"https:\/\/www.tucomarca.com\/wordpress\/segunda\/wp-content\/uploads\/2026\/01\/AlborachePaje2-1024x1024.jpg\" alt=\"\" class=\"wp-image-289331\" srcset=\"https:\/\/www.tucomarca.com\/wordpress\/segunda\/wp-content\/uploads\/2026\/01\/AlborachePaje2-1024x1024.jpg 1024w, https:\/\/www.tucomarca.com\/wordpress\/segunda\/wp-content\/uploads\/2026\/01\/AlborachePaje2-300x300.jpg 300w, https:\/\/www.tucomarca.com\/wordpress\/segunda\/wp-content\/uploads\/2026\/01\/AlborachePaje2-290x290.jpg 290w, https:\/\/www.tucomarca.com\/wordpress\/segunda\/wp-content\/uploads\/2026\/01\/AlborachePaje2-768x768.jpg 768w, https:\/\/www.tucomarca.com\/wordpress\/segunda\/wp-content\/uploads\/2026\/01\/AlborachePaje2.jpg 1239w\" sizes=\"auto, (max-width: 1024px) 100vw, 1024px\" \/><\/figure>\n<\/figure>\n","protected":false},"excerpt":{"rendered":"<div class=\"mh-excerpt\">Alborache vivi\u00f3 una jornada cargada de ilusi\u00f3n con la visita del Emisario Real, quien anunci\u00f3 oficialmente la llegada de Sus Majestades los Reyes Magos de Oriente al municipio el pr\u00f3ximo lunes 5 de enero a <a class=\"mh-excerpt-more\" href=\"https:\/\/www.tucomarca.com\/wordpress\/segunda\/el-emisario-real-llena-alborache-de-ilusion-y-anuncia-la-llegada-de-los-reyes-magos-de-oriente-este-lunes\/\" title=\"El Emisario Real llena Alborache de ilusi\u00f3n y anuncia la llegada de los Reyes Magos de Oriente este lunes\">[+] <\/a><\/div>\n","protected":false},"author":12,"featured_media":289335,"comment_status":"open","ping_status":"open","sticky":false,"template":"","format":"gallery","meta":{"footnotes":""},"categories":[4,19,8,10,5,7,383,3],"tags":[10386,5952,579],"class_list":{"0":"post-289325","1":"post","2":"type-post","3":"status-publish","4":"format-gallery","5":"has-post-thumbnail","7":"category-agenda","8":"category-alborache","9":"category-la-comarca","10":"category-la-hoya","11":"category-la-semana-en-imagenes","12":"category-ocio-y-cultura","13":"category-pueblos-en-fiestas","14":"category-seccion","15":"tag-alborache","16":"tag-la-hoya-de-bunol-chiva","17":"tag-reyes-magos","18":"post_format-post-format-gallery"},"_links":{"self":[{"href":"https:\/\/www.tucomarca.com\/wordpress\/segunda\/wp-json\/wp\/v2\/posts\/289325","targetHints":{"allow":["GET"]}}],"collection":[{"href":"https:\/\/www.tucomarca.com\/wordpress\/segunda\/wp-json\/wp\/v2\/posts"}],"about":[{"href":"https:\/\/www.tucomarca.com\/wordpress\/segunda\/wp-json\/wp\/v2\/types\/post"}],"author":[{"embeddable":true,"href":"https:\/\/www.tucomarca.com\/wordpress\/segunda\/wp-json\/wp\/v2\/users\/12"}],"replies":[{"embeddable":true,"href":"https:\/\/www.tucomarca.com\/wordpress\/segunda\/wp-json\/wp\/v2\/comments?post=289325"}],"version-history":[{"count":0,"href":"https:\/\/www.tucomarca.com\/wordpress\/segunda\/wp-json\/wp\/v2\/posts\/289325\/revisions"}],"wp:featuredmedia":[{"embeddable":true,"href":"https:\/\/www.tucomarca.com\/wordpress\/segunda\/wp-json\/wp\/v2\/media\/289335"}],"wp:attachment":[{"href":"https:\/\/www.tucomarca.com\/wordpress\/segunda\/wp-json\/wp\/v2\/media?parent=289325"}],"wp:term":[{"taxonomy":"category","embeddable":true,"href":"https:\/\/www.tucomarca.com\/wordpress\/segunda\/wp-json\/wp\/v2\/categories?post=289325"},{"taxonomy":"post_tag","embeddable":true,"href":"https:\/\/www.tucomarca.com\/wordpress\/segunda\/wp-json\/wp\/v2\/tags?post=289325"}],"curies":[{"name":"wp","href":"https:\/\/api.w.org\/{rel}","templated":true}]}}