{"id":289358,"date":"2026-01-05T12:00:00","date_gmt":"2026-01-05T11:00:00","guid":{"rendered":"https:\/\/www.tucomarca.com\/wordpress\/segunda\/?p=289358"},"modified":"2026-01-05T14:45:24","modified_gmt":"2026-01-05T13:45:24","slug":"el-temporal-de-frio-y-lluvia-obliga-a-suspender-la-mayoria-de-las-cabalgatas-de-reyes-en-el-interior-y-a-trasladar-a-sus-majestades-a-actos-en-espacio-cerrados","status":"publish","type":"post","link":"https:\/\/www.tucomarca.com\/wordpress\/segunda\/el-temporal-de-frio-y-lluvia-obliga-a-suspender-la-mayoria-de-las-cabalgatas-de-reyes-en-el-interior-y-a-trasladar-a-sus-majestades-a-actos-en-espacio-cerrados\/","title":{"rendered":"El temporal de fr\u00edo y lluvia obliga a suspender la mayor\u00eda de las cabalgatas de Reyes en el interior y a trasladar a Sus Majestades a espacios cerrados"},"content":{"rendered":"\n<p>El episodio de fr\u00edo intenso, lluvias persistentes y previsi\u00f3n de nevadas en zonas del interior ha obligado a numerosos municipios del interior de la provincia de Valencia a suspender o modificar la celebraci\u00f3n de las tradicionales Cabalgatas de Reyes, previstas para los pr\u00f3ximos d\u00edas.<\/p>\n\n\n\n<p>Ante las condiciones meteorol\u00f3gicas adversas y con el objetivo de garantizar la seguridad de la ciudadan\u00eda, especialmente de los ni\u00f1os y ni\u00f1as, la mayor\u00eda de ayuntamientos ha optado por cancelar los recorridos al aire libre y trasladar las visitas de Sus Majestades los Reyes Magos de Oriente a espacios cerrados, como polideportivos, centros culturales o salones de actos municipales.<\/p>\n\n\n\n<p>Las comarcas del interior, entre ellas Requena-Utiel, el Rinc\u00f3n de Ademuz, la Hoya de Bu\u00f1ol, la Canal de Navarr\u00e9s y la Ribera Alta, se encuentran entre las m\u00e1s afectadas por este temporal, que ha provocado un notable descenso de las temperaturas, acumulaci\u00f3n de precipitaciones y riesgo de formaci\u00f3n de hielo en carreteras y espacios p\u00fablicos.<\/p>\n\n\n\n<p>En el caso de Utiel durante la ma\u00f1ana de d\u00eda 5, todav\u00eda est\u00e1 en el aire hacer la cabalgata, pero sus majestades est\u00e1n atendiendo a los m\u00e1s peque\u00f1os en el teatro Rambal; en el caso de Tur\u00eds la cabalgata se traslada al martes, 6 de enero, a las 10,00 h y finalizar\u00e1 al Teatro Ideal para repartir algunos regalos. Godelleta recibir\u00e1 a los Reyes Magos en el sal\u00f3n de actos de ayuntamiento; Bu\u00f1ol lo har\u00e1 en el Pabell\u00f3n Polideportivo de El Planell.<\/p>\n\n\n\n<p>Cheste suspende la Cabalgata de Reyes, no obstante, los ni\u00f1os y ni\u00f1as no se quedar\u00e1n sin recibir a Sus Majestades los Reyes Magos. La recepci\u00f3n tendr\u00e1 lugar en el Teatro Liceo a las 18,00 horas, donde se ha preparado una programaci\u00f3n.  En Chiva los Reyes Magos recibir\u00e1n a los peques hoy, 5 de enero, en el Cine Teatro Municipal Astoria, y para que todos puedan verlos se recibir\u00e1n en dos turnos: primer turno. 17.00 horas; segundo turno. 19.00 horas. La entrada es gratuita y obligatoria. Recoger en taquilla del Teatro Astoria de 9.00 a 14.00 horas.<\/p>\n\n\n\n<p>A pesar de la suspensi\u00f3n de las cabalgatas en su formato habitual, Sus Majestades los Reyes Magos mantendr\u00e1n su visita a los municipios, adaptando la programaci\u00f3n para continuar llevando ilusi\u00f3n a los m\u00e1s peque\u00f1os en condiciones seguras. En muchos casos, las recepciones se realizar\u00e1n en horarios escalonados y con medidas organizativas especiales.<\/p>\n\n\n\n<p>Desde los ayuntamientos y los servicios de emergencia se recomienda evitar desplazamientos innecesarios, extremar la precauci\u00f3n ante posibles placas de hielo y seguir las indicaciones de Protecci\u00f3n Civil. La previsi\u00f3n meteorol\u00f3gica indica que el temporal podr\u00eda prolongarse durante las pr\u00f3ximas horas, manteniendo un ambiente plenamente invernal en el interior de la provincia de Valencia.<\/p>\n","protected":false},"excerpt":{"rendered":"<div class=\"mh-excerpt\">El episodio de fr\u00edo intenso, lluvias persistentes y previsi\u00f3n de nevadas en zonas del interior ha obligado a numerosos municipios del interior de la provincia de Valencia a suspender o modificar la celebraci\u00f3n de las <a class=\"mh-excerpt-more\" href=\"https:\/\/www.tucomarca.com\/wordpress\/segunda\/el-temporal-de-frio-y-lluvia-obliga-a-suspender-la-mayoria-de-las-cabalgatas-de-reyes-en-el-interior-y-a-trasladar-a-sus-majestades-a-actos-en-espacio-cerrados\/\" title=\"El temporal de fr\u00edo y lluvia obliga a suspender la mayor\u00eda de las cabalgatas de Reyes en el interior y a trasladar a Sus Majestades a espacios cerrados\">[+] <\/a><\/div>\n","protected":false},"author":12,"featured_media":289411,"comment_status":"open","ping_status":"open","sticky":false,"template":"","format":"standard","meta":{"footnotes":""},"categories":[49,4,38,70,8,72,10,117,7,27,3,116,29,45],"tags":[23644,5952,3912,10387,23645],"class_list":{"0":"post-289358","1":"post","2":"type-post","3":"status-publish","4":"format-standard","5":"has-post-thumbnail","7":"category-ademuz","8":"category-agenda","9":"category-ayora-cofrentes","10":"category-la-canal-de-navarres","11":"category-la-comarca","12":"category-sin-categorizar","13":"category-la-hoya","14":"category-medio-ambiente-la-comarca","15":"category-ocio-y-cultura","16":"category-requena-utiel","17":"category-seccion","18":"category-sucesos-la-comarca","19":"category-utiel","20":"category-ventana","21":"tag-cabalgatas-de-reyes","22":"tag-la-hoya-de-bunol-chiva","23":"tag-la-serrania","24":"tag-requena-utiel","25":"tag-temporal-de-frio-y-lluvia"},"_links":{"self":[{"href":"https:\/\/www.tucomarca.com\/wordpress\/segunda\/wp-json\/wp\/v2\/posts\/289358","targetHints":{"allow":["GET"]}}],"collection":[{"href":"https:\/\/www.tucomarca.com\/wordpress\/segunda\/wp-json\/wp\/v2\/posts"}],"about":[{"href":"https:\/\/www.tucomarca.com\/wordpress\/segunda\/wp-json\/wp\/v2\/types\/post"}],"author":[{"embeddable":true,"href":"https:\/\/www.tucomarca.com\/wordpress\/segunda\/wp-json\/wp\/v2\/users\/12"}],"replies":[{"embeddable":true,"href":"https:\/\/www.tucomarca.com\/wordpress\/segunda\/wp-json\/wp\/v2\/comments?post=289358"}],"version-history":[{"count":0,"href":"https:\/\/www.tucomarca.com\/wordpress\/segunda\/wp-json\/wp\/v2\/posts\/289358\/revisions"}],"wp:featuredmedia":[{"embeddable":true,"href":"https:\/\/www.tucomarca.com\/wordpress\/segunda\/wp-json\/wp\/v2\/media\/289411"}],"wp:attachment":[{"href":"https:\/\/www.tucomarca.com\/wordpress\/segunda\/wp-json\/wp\/v2\/media?parent=289358"}],"wp:term":[{"taxonomy":"category","embeddable":true,"href":"https:\/\/www.tucomarca.com\/wordpress\/segunda\/wp-json\/wp\/v2\/categories?post=289358"},{"taxonomy":"post_tag","embeddable":true,"href":"https:\/\/www.tucomarca.com\/wordpress\/segunda\/wp-json\/wp\/v2\/tags?post=289358"}],"curies":[{"name":"wp","href":"https:\/\/api.w.org\/{rel}","templated":true}]}}