{"id":289429,"date":"2026-01-07T10:30:00","date_gmt":"2026-01-07T09:30:00","guid":{"rendered":"https:\/\/www.tucomarca.com\/wordpress\/segunda\/?p=289429"},"modified":"2026-01-07T10:44:42","modified_gmt":"2026-01-07T09:44:42","slug":"detenidos-los-presuntos-autores-de-12-robos-con-fuerza-en-naquera","status":"publish","type":"post","link":"https:\/\/www.tucomarca.com\/wordpress\/segunda\/detenidos-los-presuntos-autores-de-12-robos-con-fuerza-en-naquera\/","title":{"rendered":"Detenidos los presuntos autores de 12 robos con fuerza en N\u00e1quera"},"content":{"rendered":"\n<h3 class=\"wp-block-heading\">Se les atribuye la autor\u00eda de 14 robos con fuerza, 12 de ellos en viviendas de la localidad valenciana de N\u00e1quera.<\/h3>\n\n\n\n<p>La operaci\u00f3n comenz\u00f3 en diciembre de 2024, cuando se recibieron varias denuncias por robos en viviendas de la localidad de N\u00e1quera empleando el mismo <em>modus operandi<\/em>. En estos robos se sustra\u00edan, entre otros enseres, joyas y dinero.&nbsp;<\/p>\n\n\n\n<p>En la Operaci\u00f3n \u2018ROSMONT\u2019 han sido claves los testimonios recogidos por los agentes a vecinos y testigos de la zona. Algunos de ellos afirmaron haber visto un veh\u00edculo merodeando por la zona en actitud sospechosa. Posteriormente, y gracias a la labor de investigaci\u00f3n, se pudo poner el foco sobre un veh\u00edculo concreto.&nbsp;<\/p>\n\n\n\n<p>A ra\u00edz de este hecho, la Guardia civil intensific\u00f3 la labor de vigilancia en las zonas afectadas y realiz\u00f3 un seguimiento, tanto del veh\u00edculo identificado como del supuesto autor de los hechos. Se logr\u00f3 corroborar que en las zonas por las que el autor, a pie por caminos para evitar la acci\u00f3n policial, merodeaba, se denunciaban robos en viviendas. En alguno de los robos incluso lleg\u00f3 a ser sorprendido por los moradores, por lo que se contaba con descripci\u00f3n f\u00edsica del mismo.&nbsp;<\/p>\n\n\n\n<p>En otro de los robos cometidos en una vivienda de un complejo de N\u00e1quera, el autor sustrajo un cortac\u00e9sped sin el cable de alimentaci\u00f3n de carga, ya que este se encontraba anclado al suelo. En fechas posteriores, los agentes descubrieron un anuncio en un portal de compra y venta de art\u00edculos de segunda mano en el que se pon\u00eda a la venta esta misma herramienta sin dicho cable. Lo mismo sucedi\u00f3 con diferentes elementos sustra\u00eddos en robos similares, como varias bicicletas y un ordenador que, el autor de los hechos, anunci\u00f3 en dicho portal d\u00edas e incluso horas, posteriores al robo. El perfil del usuario de venta coincid\u00eda en todos ellos aunque, m\u00e1s tarde, los agentes descubrir\u00edan que se trataba de un nombre de usuario falso.&nbsp;<\/p>\n\n\n\n<p>En otro de los robos cometidos en los colegios p\u00fablicos de las localidades de Serra (tentativa) y N\u00e1quera, se cont\u00f3 con el testimonio de un vecino que presenci\u00f3 un veh\u00edculo en actitud sospechosa, llegando incluso a grabar im\u00e1genes del mismo. Esa misma noche, ese veh\u00edculo fue identificado por una patrulla de la Guardia civil de B\u00e9tera. Lo mismo ocurri\u00f3 con un robo acaecido en octubre, en el que las im\u00e1genes de la vivienda captaron al autor que, momentos despu\u00e9s, fue identificado en las inmediaciones por una patrulla de la Polic\u00eda Local de N\u00e1quera.&nbsp;<\/p>\n\n\n\n<p>De la investigaci\u00f3n, los agentes pudieron conocer que el autor estar\u00eda siendo ayudado por su pareja sentimental para poner a la venta los art\u00edculos de joyer\u00eda, ya que dispon\u00eda de una cantidad que supera la habitual de venta en establecimientos de compra venta de joyas.&nbsp;<\/p>\n\n\n\n<p>Con todo ello, se procede a realizar el registro en la vivienda de los detenidos, donde se localiza documentaci\u00f3n, tanto de personas como de veh\u00edculos, a nombre de terceras personas, maquinar\u00eda y joyas sustra\u00eddas, vestimenta utilizada en los robos y herramientas para forzar las viviendas. Como resultado, se procede a la detenci\u00f3n de dos personas, un hombre y una mujer de 34 y 33 a\u00f1os y nacionalidad espa\u00f1ola. Se les atribuyen 12 delitos de robo con fuerza en casa habitada y 2 robos con fuerza en establecimientos p\u00fablicos. &nbsp;<\/p>\n\n\n\n<p>La investigaci\u00f3n ha sido llevada a cabo por agentes del Puesto principal de B\u00e9tera con la colaboraci\u00f3n de la Polic\u00eda Local de N\u00e1quera.&nbsp;<\/p>\n\n\n\n<p>Las diligencias fueron entregadas en el Juzgado de Primera Instancia e Instrucci\u00f3n n\u00famero 6 de Ll\u00edria.&nbsp;<\/p>\n\n\n\n<figure class=\"wp-block-gallery has-nested-images columns-2 is-cropped wp-block-gallery-1 is-layout-flex wp-block-gallery-is-layout-flex\">\n<figure class=\"wp-block-image size-large\"><img loading=\"lazy\" decoding=\"async\" width=\"1024\" height=\"576\" data-id=\"289440\" src=\"https:\/\/www.tucomarca.com\/wordpress\/segunda\/wp-content\/uploads\/2026\/01\/NaqueraRobos5-1024x576.jpg\" alt=\"\" class=\"wp-image-289440\" srcset=\"https:\/\/www.tucomarca.com\/wordpress\/segunda\/wp-content\/uploads\/2026\/01\/NaqueraRobos5-1024x576.jpg 1024w, https:\/\/www.tucomarca.com\/wordpress\/segunda\/wp-content\/uploads\/2026\/01\/NaqueraRobos5-300x169.jpg 300w, https:\/\/www.tucomarca.com\/wordpress\/segunda\/wp-content\/uploads\/2026\/01\/NaqueraRobos5-768x432.jpg 768w, https:\/\/www.tucomarca.com\/wordpress\/segunda\/wp-content\/uploads\/2026\/01\/NaqueraRobos5-1536x864.jpg 1536w, https:\/\/www.tucomarca.com\/wordpress\/segunda\/wp-content\/uploads\/2026\/01\/NaqueraRobos5-678x381.jpg 678w, https:\/\/www.tucomarca.com\/wordpress\/segunda\/wp-content\/uploads\/2026\/01\/NaqueraRobos5.jpg 1920w\" sizes=\"auto, (max-width: 1024px) 100vw, 1024px\" \/><\/figure>\n\n\n\n<figure class=\"wp-block-image size-large\"><img loading=\"lazy\" decoding=\"async\" width=\"1024\" height=\"576\" data-id=\"289434\" src=\"https:\/\/www.tucomarca.com\/wordpress\/segunda\/wp-content\/uploads\/2026\/01\/NaqueraRobos2-1024x576.jpg\" alt=\"\" class=\"wp-image-289434\" srcset=\"https:\/\/www.tucomarca.com\/wordpress\/segunda\/wp-content\/uploads\/2026\/01\/NaqueraRobos2-1024x576.jpg 1024w, https:\/\/www.tucomarca.com\/wordpress\/segunda\/wp-content\/uploads\/2026\/01\/NaqueraRobos2-300x169.jpg 300w, https:\/\/www.tucomarca.com\/wordpress\/segunda\/wp-content\/uploads\/2026\/01\/NaqueraRobos2-768x432.jpg 768w, https:\/\/www.tucomarca.com\/wordpress\/segunda\/wp-content\/uploads\/2026\/01\/NaqueraRobos2-1536x864.jpg 1536w, https:\/\/www.tucomarca.com\/wordpress\/segunda\/wp-content\/uploads\/2026\/01\/NaqueraRobos2-678x381.jpg 678w, https:\/\/www.tucomarca.com\/wordpress\/segunda\/wp-content\/uploads\/2026\/01\/NaqueraRobos2.jpg 1920w\" sizes=\"auto, (max-width: 1024px) 100vw, 1024px\" \/><\/figure>\n\n\n\n<figure class=\"wp-block-image size-large\"><img loading=\"lazy\" decoding=\"async\" width=\"1024\" height=\"576\" data-id=\"289438\" src=\"https:\/\/www.tucomarca.com\/wordpress\/segunda\/wp-content\/uploads\/2026\/01\/NaqueraRobos4-1024x576.jpg\" alt=\"\" class=\"wp-image-289438\" srcset=\"https:\/\/www.tucomarca.com\/wordpress\/segunda\/wp-content\/uploads\/2026\/01\/NaqueraRobos4-1024x576.jpg 1024w, https:\/\/www.tucomarca.com\/wordpress\/segunda\/wp-content\/uploads\/2026\/01\/NaqueraRobos4-300x169.jpg 300w, https:\/\/www.tucomarca.com\/wordpress\/segunda\/wp-content\/uploads\/2026\/01\/NaqueraRobos4-768x432.jpg 768w, https:\/\/www.tucomarca.com\/wordpress\/segunda\/wp-content\/uploads\/2026\/01\/NaqueraRobos4-1536x864.jpg 1536w, https:\/\/www.tucomarca.com\/wordpress\/segunda\/wp-content\/uploads\/2026\/01\/NaqueraRobos4-678x381.jpg 678w, https:\/\/www.tucomarca.com\/wordpress\/segunda\/wp-content\/uploads\/2026\/01\/NaqueraRobos4.jpg 1920w\" sizes=\"auto, (max-width: 1024px) 100vw, 1024px\" \/><\/figure>\n\n\n\n<figure class=\"wp-block-image size-large\"><img loading=\"lazy\" decoding=\"async\" width=\"1024\" height=\"576\" data-id=\"289436\" src=\"https:\/\/www.tucomarca.com\/wordpress\/segunda\/wp-content\/uploads\/2026\/01\/NaqueraRobos3-1024x576.jpg\" alt=\"\" class=\"wp-image-289436\" srcset=\"https:\/\/www.tucomarca.com\/wordpress\/segunda\/wp-content\/uploads\/2026\/01\/NaqueraRobos3-1024x576.jpg 1024w, https:\/\/www.tucomarca.com\/wordpress\/segunda\/wp-content\/uploads\/2026\/01\/NaqueraRobos3-300x169.jpg 300w, https:\/\/www.tucomarca.com\/wordpress\/segunda\/wp-content\/uploads\/2026\/01\/NaqueraRobos3-768x432.jpg 768w, https:\/\/www.tucomarca.com\/wordpress\/segunda\/wp-content\/uploads\/2026\/01\/NaqueraRobos3-1536x864.jpg 1536w, https:\/\/www.tucomarca.com\/wordpress\/segunda\/wp-content\/uploads\/2026\/01\/NaqueraRobos3-678x381.jpg 678w, https:\/\/www.tucomarca.com\/wordpress\/segunda\/wp-content\/uploads\/2026\/01\/NaqueraRobos3.jpg 1920w\" sizes=\"auto, (max-width: 1024px) 100vw, 1024px\" \/><\/figure>\n<\/figure>\n","protected":false},"excerpt":{"rendered":"<div class=\"mh-excerpt\">Se les atribuye la autor\u00eda de 14 robos con fuerza, 12 de ellos en viviendas de la localidad valenciana de N\u00e1quera. La operaci\u00f3n comenz\u00f3 en diciembre de 2024, cuando se recibieron varias denuncias por robos <a class=\"mh-excerpt-more\" href=\"https:\/\/www.tucomarca.com\/wordpress\/segunda\/detenidos-los-presuntos-autores-de-12-robos-con-fuerza-en-naquera\/\" title=\"Detenidos los presuntos autores de 12 robos con fuerza en N\u00e1quera\">[+] <\/a><\/div>\n","protected":false},"author":1,"featured_media":289432,"comment_status":"open","ping_status":"open","sticky":false,"template":"","format":"gallery","meta":{"footnotes":""},"categories":[46,8,72,180,3,116,45],"tags":[10395,1098,10436],"class_list":{"0":"post-289429","1":"post","2":"type-post","3":"status-publish","4":"format-gallery","5":"has-post-thumbnail","7":"category-camp-de-turia","8":"category-la-comarca","9":"category-sin-categorizar","10":"category-naquera","11":"category-seccion","12":"category-sucesos-la-comarca","13":"category-ventana","14":"tag-camp-de-turia","15":"tag-guardia-civil","16":"tag-naquera","17":"post_format-post-format-gallery"},"_links":{"self":[{"href":"https:\/\/www.tucomarca.com\/wordpress\/segunda\/wp-json\/wp\/v2\/posts\/289429","targetHints":{"allow":["GET"]}}],"collection":[{"href":"https:\/\/www.tucomarca.com\/wordpress\/segunda\/wp-json\/wp\/v2\/posts"}],"about":[{"href":"https:\/\/www.tucomarca.com\/wordpress\/segunda\/wp-json\/wp\/v2\/types\/post"}],"author":[{"embeddable":true,"href":"https:\/\/www.tucomarca.com\/wordpress\/segunda\/wp-json\/wp\/v2\/users\/1"}],"replies":[{"embeddable":true,"href":"https:\/\/www.tucomarca.com\/wordpress\/segunda\/wp-json\/wp\/v2\/comments?post=289429"}],"version-history":[{"count":0,"href":"https:\/\/www.tucomarca.com\/wordpress\/segunda\/wp-json\/wp\/v2\/posts\/289429\/revisions"}],"wp:featuredmedia":[{"embeddable":true,"href":"https:\/\/www.tucomarca.com\/wordpress\/segunda\/wp-json\/wp\/v2\/media\/289432"}],"wp:attachment":[{"href":"https:\/\/www.tucomarca.com\/wordpress\/segunda\/wp-json\/wp\/v2\/media?parent=289429"}],"wp:term":[{"taxonomy":"category","embeddable":true,"href":"https:\/\/www.tucomarca.com\/wordpress\/segunda\/wp-json\/wp\/v2\/categories?post=289429"},{"taxonomy":"post_tag","embeddable":true,"href":"https:\/\/www.tucomarca.com\/wordpress\/segunda\/wp-json\/wp\/v2\/tags?post=289429"}],"curies":[{"name":"wp","href":"https:\/\/api.w.org\/{rel}","templated":true}]}}