{"id":289659,"date":"2026-01-08T10:55:00","date_gmt":"2026-01-08T09:55:00","guid":{"rendered":"https:\/\/www.tucomarca.com\/wordpress\/segunda\/?p=289659"},"modified":"2026-01-08T20:52:04","modified_gmt":"2026-01-08T19:52:04","slug":"la-generalitat-promueve-la-declaracion-del-bosc-de-ribera-dalgemesi-como-paraje-natural-municipal","status":"publish","type":"post","link":"https:\/\/www.tucomarca.com\/wordpress\/segunda\/la-generalitat-promueve-la-declaracion-del-bosc-de-ribera-dalgemesi-como-paraje-natural-municipal\/","title":{"rendered":"La Generalitat promueve la declaraci\u00f3n del Bosc de Ribera d\u2019Algemes\u00ed como paraje natural municipal"},"content":{"rendered":"\n<h3 class=\"wp-block-heading\">Mart\u00ednez Mus se\u00f1ala que la Generalitat \u201crefuerza su compromiso con la protecci\u00f3n del paisaje como eje central de la planificaci\u00f3n territorial\u201d.<\/h3>\n\n\n\n<h3 class=\"wp-block-heading\">Los bosques de ribera funcionan como \u201cesponjas\u201d naturales que laminan las crecidas, disminuyendo la velocidad y la fuerza del agua.<\/h3>\n\n\n\n<p>El vicepresidente tercero y conseller de Medio Ambiente, Infraestructuras, Territorio y de la Recuperaci\u00f3n, Vicente Mart\u00ednez Mus, ha anunciado la inminente declaraci\u00f3n del Bosc de Ribera d\u2019Algemes\u00ed como paraje natural municipal tras a\u00f1os de tramitaci\u00f3n, \u201cuna medida con la que la Generalitat refuerza su compromiso con la protecci\u00f3n del paisaje como eje central de la planificaci\u00f3n territorial\u201d.<\/p>\n\n\n\n<p>Mart\u00ednez Mus ha visitado el Ayuntamiento de Algemes\u00ed, donde se ha reunido con el alcalde, Jos\u00e9 Javier Sanchis, con motivo de la presentaci\u00f3n de esta declaraci\u00f3n como Paraje Natural Municipal, que ser\u00e1 elevada en las pr\u00f3ximas semanas para su aprobaci\u00f3n por el Consell. En el encuentro tambi\u00e9n han participado la secretaria auton\u00f3mica de Medio Ambiente, Sabina Goretti Galindo, y el director general de Medio Natural y Animal, Luis Gomis.<\/p>\n\n\n\n<figure class=\"wp-block-gallery has-nested-images columns-default is-cropped wp-block-gallery-1 is-layout-flex wp-block-gallery-is-layout-flex\">\n<figure class=\"wp-block-image size-large\"><img loading=\"lazy\" decoding=\"async\" width=\"1024\" height=\"691\" data-id=\"289663\" src=\"https:\/\/www.tucomarca.com\/wordpress\/segunda\/wp-content\/uploads\/2026\/01\/BosqueRiberaAlgemesi_2-1024x691.jpg\" alt=\"\" class=\"wp-image-289663\" srcset=\"https:\/\/www.tucomarca.com\/wordpress\/segunda\/wp-content\/uploads\/2026\/01\/BosqueRiberaAlgemesi_2-1024x691.jpg 1024w, https:\/\/www.tucomarca.com\/wordpress\/segunda\/wp-content\/uploads\/2026\/01\/BosqueRiberaAlgemesi_2-300x202.jpg 300w, https:\/\/www.tucomarca.com\/wordpress\/segunda\/wp-content\/uploads\/2026\/01\/BosqueRiberaAlgemesi_2-768x518.jpg 768w, https:\/\/www.tucomarca.com\/wordpress\/segunda\/wp-content\/uploads\/2026\/01\/BosqueRiberaAlgemesi_2.jpg 1181w\" sizes=\"auto, (max-width: 1024px) 100vw, 1024px\" \/><\/figure>\n\n\n\n<figure class=\"wp-block-image size-large\"><img loading=\"lazy\" decoding=\"async\" width=\"1024\" height=\"691\" data-id=\"289665\" src=\"https:\/\/www.tucomarca.com\/wordpress\/segunda\/wp-content\/uploads\/2026\/01\/BosqueRiberaAlgemesi_3-1024x691.jpg\" alt=\"\" class=\"wp-image-289665\" srcset=\"https:\/\/www.tucomarca.com\/wordpress\/segunda\/wp-content\/uploads\/2026\/01\/BosqueRiberaAlgemesi_3-1024x691.jpg 1024w, https:\/\/www.tucomarca.com\/wordpress\/segunda\/wp-content\/uploads\/2026\/01\/BosqueRiberaAlgemesi_3-300x202.jpg 300w, https:\/\/www.tucomarca.com\/wordpress\/segunda\/wp-content\/uploads\/2026\/01\/BosqueRiberaAlgemesi_3-768x518.jpg 768w, https:\/\/www.tucomarca.com\/wordpress\/segunda\/wp-content\/uploads\/2026\/01\/BosqueRiberaAlgemesi_3.jpg 1181w\" sizes=\"auto, (max-width: 1024px) 100vw, 1024px\" \/><\/figure>\n<\/figure>\n\n\n\n<p>Durante su visita al futuro paraje natural municipal, el vicepresidente ha se\u00f1alado que esta iniciativa \u201ctiene el objetivo de proteger espacios naturales de alto valor ecol\u00f3gico e impulsar un modelo de conservaci\u00f3n compatible con el conocimiento, la participaci\u00f3n ciudadana y el uso p\u00fablico responsable del territorio\u201d.<\/p>\n\n\n\n<p>Asimismo, Mart\u00ednez Mus ha subrayado que esta declaraci\u00f3n permitir\u00e1 reforzar los valores paisaj\u00edsticos \u201ccomo criterio determinante\u201d en la ordenaci\u00f3n del espacio, condicionando la ubicaci\u00f3n de infraestructuras, equipamientos y usos para garantizar la preservaci\u00f3n de la calidad visual, ambiental y ecol\u00f3gica del entorno.<\/p>\n\n\n\n<p>El Bosc de Ribera d\u2019Algemes\u00ed se consolida as\u00ed como un enclave natural de referencia en la Comunitat Valenciana, ya que conserva uno de los escasos ejemplos de bosque de ribera existentes, fruto del desv\u00edo de la desembocadura del r\u00edo Magro hacia el r\u00edo J\u00facar. Adem\u00e1s, por su ubicaci\u00f3n, accesibilidad e inter\u00e9s paisaj\u00edstico, ofrece condiciones id\u00f3neas para el desarrollo de la educaci\u00f3n ambiental, la investigaci\u00f3n cient\u00edfica y un turismo rural plenamente compatible con la conservaci\u00f3n del patrimonio natural.<\/p>\n\n\n\n<p>Mart\u00ednez Mus ha destacado que la preservaci\u00f3n del estado natural de las riberas del J\u00facar y el Magro, y en particular de este enclave, \u201cresulta fundamental para el equilibrio ecol\u00f3gico y para la seguridad territorial\u201d, ya que su vegetaci\u00f3n act\u00faa como una infraestructura verde que estabiliza las orillas, reduce la erosi\u00f3n y filtra el agua, mejorando su calidad.<\/p>\n\n\n\n<p>Adem\u00e1s, ha se\u00f1alado que los bosques de ribera funcionan como \u201cesponjas\u201d naturales que laminan las crecidas, disminuyendo la velocidad y la fuerza del agua y protegiendo a Algemes\u00ed y a otras poblaciones cercanas. De hecho, este entorno fue afectado durante las riadas de 2024 y ha conseguido recuperarse en paralelo a infraestructuras del municipio como pasarelas o la carretera CV-42, tal y como ha recordado Mart\u00ednez Mus.<\/p>\n\n\n\n<p><strong>Tramitaci\u00f3n del decreto<\/strong><\/p>\n\n\n\n<p>Por otro lado, el vicepresidente ha recordado que la tramitaci\u00f3n del decreto se inici\u00f3 a solicitud del Ayuntamiento de Algemes\u00ed en diciembre de 2016 y ha seguido \u00edntegramente el procedimiento establecido en la normativa auton\u00f3mica, incorporando los informes preceptivos de la Abogac\u00eda General de la Generalitat y del Consell Jur\u00eddic Consultiu. Tras la emisi\u00f3n del dictamen de este \u00faltimo en noviembre de 2025 y la incorporaci\u00f3n de todas sus indicaciones, el proyecto normativo cuenta ya con texto definitivo para su elevaci\u00f3n y aprobaci\u00f3n por el Consell.<\/p>\n\n\n\n<p>En cuanto a la gesti\u00f3n del futuro Paraje Natural Municipal, el Ayuntamiento de Algemes\u00ed tendr\u00e1 en cuenta, en la autorizaci\u00f3n o informe de proyectos dentro del parque, los efectos de cada intervenci\u00f3n sobre los valores paisaj\u00edsticos, reforzando la corresponsabilidad institucional en su conservaci\u00f3n. En esta l\u00ednea, los cerramientos de uso p\u00fablico ser\u00e1n sencillos y visualmente permeables, especialmente en los puntos con vistas panor\u00e1micas, garantizando la continuidad visual del paisaje.<\/p>\n\n\n\n<p>Del mismo modo, los caminos rurales y las infraestructuras que, de manera excepcional, puedan autorizarse deber\u00e1n ejecutarse con criterios de m\u00e1xima integraci\u00f3n paisaj\u00edstica y m\u00ednimo impacto ambiental, respetando la topograf\u00eda y el car\u00e1cter natural del espacio.<\/p>\n\n\n\n<p>Finalmente, Mart\u00ednez Mus ha se\u00f1alado que estos criterios \u201crefuerzan un modelo de gesti\u00f3n que protege el paisaje como patrimonio colectivo, compatibilizando la conservaci\u00f3n del Paraje Natural Municipal con el disfrute ciudadano, la educaci\u00f3n ambiental y el desarrollo sostenible del territorio\u201d.<\/p>\n","protected":false},"excerpt":{"rendered":"<div class=\"mh-excerpt\">Mart\u00ednez Mus se\u00f1ala que la Generalitat \u201crefuerza su compromiso con la protecci\u00f3n del paisaje como eje central de la planificaci\u00f3n territorial\u201d. Los bosques de ribera funcionan como \u201cesponjas\u201d naturales que laminan las crecidas, disminuyendo la <a class=\"mh-excerpt-more\" href=\"https:\/\/www.tucomarca.com\/wordpress\/segunda\/la-generalitat-promueve-la-declaracion-del-bosc-de-ribera-dalgemesi-como-paraje-natural-municipal\/\" title=\"La Generalitat promueve la declaraci\u00f3n del Bosc de Ribera d\u2019Algemes\u00ed como paraje natural municipal\">[+] <\/a><\/div>\n","protected":false},"author":12,"featured_media":289661,"comment_status":"open","ping_status":"open","sticky":false,"template":"","format":"gallery","meta":{"footnotes":""},"categories":[99,21465,128,8,72,42,117,142,3,116,45],"tags":[10409,23657,10716,23658,1407,21856],"class_list":{"0":"post-289659","1":"post","2":"type-post","3":"status-publish","4":"format-gallery","5":"has-post-thumbnail","7":"category-algemesi","8":"category-dana","9":"category-infraestructuras","10":"category-la-comarca","11":"category-sin-categorizar","12":"category-la-ribera","13":"category-medio-ambiente-la-comarca","14":"category-politica-la-comarca","15":"category-seccion","16":"category-sucesos-la-comarca","17":"category-ventana","18":"tag-algemesi","19":"tag-bosc-de-ribera-dalgemesi","20":"tag-generalitat-valenciana","21":"tag-paraje-natural-municipal","22":"tag-ribera-alta","23":"tag-vicente-martinez-mus","24":"post_format-post-format-gallery"},"_links":{"self":[{"href":"https:\/\/www.tucomarca.com\/wordpress\/segunda\/wp-json\/wp\/v2\/posts\/289659","targetHints":{"allow":["GET"]}}],"collection":[{"href":"https:\/\/www.tucomarca.com\/wordpress\/segunda\/wp-json\/wp\/v2\/posts"}],"about":[{"href":"https:\/\/www.tucomarca.com\/wordpress\/segunda\/wp-json\/wp\/v2\/types\/post"}],"author":[{"embeddable":true,"href":"https:\/\/www.tucomarca.com\/wordpress\/segunda\/wp-json\/wp\/v2\/users\/12"}],"replies":[{"embeddable":true,"href":"https:\/\/www.tucomarca.com\/wordpress\/segunda\/wp-json\/wp\/v2\/comments?post=289659"}],"version-history":[{"count":0,"href":"https:\/\/www.tucomarca.com\/wordpress\/segunda\/wp-json\/wp\/v2\/posts\/289659\/revisions"}],"wp:featuredmedia":[{"embeddable":true,"href":"https:\/\/www.tucomarca.com\/wordpress\/segunda\/wp-json\/wp\/v2\/media\/289661"}],"wp:attachment":[{"href":"https:\/\/www.tucomarca.com\/wordpress\/segunda\/wp-json\/wp\/v2\/media?parent=289659"}],"wp:term":[{"taxonomy":"category","embeddable":true,"href":"https:\/\/www.tucomarca.com\/wordpress\/segunda\/wp-json\/wp\/v2\/categories?post=289659"},{"taxonomy":"post_tag","embeddable":true,"href":"https:\/\/www.tucomarca.com\/wordpress\/segunda\/wp-json\/wp\/v2\/tags?post=289659"}],"curies":[{"name":"wp","href":"https:\/\/api.w.org\/{rel}","templated":true}]}}