{"id":289717,"date":"2026-01-09T10:45:00","date_gmt":"2026-01-09T09:45:00","guid":{"rendered":"https:\/\/www.tucomarca.com\/wordpress\/segunda\/?p=289717"},"modified":"2026-01-09T18:11:06","modified_gmt":"2026-01-09T17:11:06","slug":"ens-uneix-apoya-a-mar-chorda-despues-de-la-reapertura-del-caso-de-acoso-por-parte-de-un-regidor-del-gobierno-de-alzira","status":"publish","type":"post","link":"https:\/\/www.tucomarca.com\/wordpress\/segunda\/ens-uneix-apoya-a-mar-chorda-despues-de-la-reapertura-del-caso-de-acoso-por-parte-de-un-regidor-del-gobierno-de-alzira\/","title":{"rendered":"Ens Uneix apoya a Mar Chord\u00e1 despu\u00e9s de la reapertura del caso de acoso por parte de un concejal del gobierno de Alzira"},"content":{"rendered":"\n<h3 class=\"wp-block-heading\">La vicepresidenta de la Diputaci\u00f3n de Val\u00e8ncia y portavoz de Ens Uneix, Natalia Enguix, advierte que \u201cmirar hacia otro lado ante una denuncia de acoso no es neutral, sino una forma de complicidad institucional\u201d.<\/h3>\n\n\n\n<h3 class=\"wp-block-heading\">Enguix tambi\u00e9n reclama voluntad pol\u00edtica a partidos \u201csupuestamente democr\u00e1ticos y progresistas\u201d para proteger la v\u00edctima y apartar el investigado por acoso\u201d<\/h3>\n\n\n\n<p>\u00abMirar hacia otro lado cuando una mujer denuncia una situaci\u00f3n de acoso no es una posici\u00f3n neutral, sino una forma de complicidad institucional\u00bb. As\u00ed se ha expresado la vicepresidenta de la Diputaci\u00f3n de Val\u00e8ncia, diputada de Igualdad y portavoz de Ens Uneix, Natalia Enguix, este viernes durante la rueda de prensa celebrada en el Ayuntamiento de Alzira, en la cual ha reiterado p\u00fablicamente el apoyo de la formaci\u00f3n a la regidora de Alzira Mar Chord\u00e1.\u00a0<\/p>\n\n\n\n<p>Enguix ha realizado estas declaraciones despu\u00e9s de conocerse la reapertura de la causa judicial contra el teniente de alcalde y portavoz de UCIN, Enrique Montalv\u00e1, investigado por un presunto delito de acoso, despu\u00e9s de que el Juzgado de Instrucci\u00f3n n\u00famero 4 de Alzira haya estimado los recursos presentados por la Fiscal\u00eda y por la propia denunciante.<\/p>\n\n\n\n<p>La jueza ha acordado la pr\u00e1ctica de nuevas diligencias de instrucci\u00f3n, entre ellas la ratificaci\u00f3n de la denuncia por parte de Mar Chord\u00e1, la declaraci\u00f3n del investigado y de varios testigos, as\u00ed como la ampliaci\u00f3n de la denuncia realizada por Chord\u00e1. La causa se investiga inicialmente en el marco del art\u00edculo 173 del C\u00f3digo Penal, sin perjuicio de una calificaci\u00f3n distinta en funci\u00f3n del resultado de la instrucci\u00f3n judicial.<\/p>\n\n\n\n<p>Durante la rueda de prensa, Mar Chord\u00e1 ha expuesto el contexto en que decidi\u00f3 interponer la denuncia, se\u00f1alando que antes de acudir a la v\u00eda judicial \u00abactu\u00f3 con responsabilidad institucional\u00bb e intent\u00f3 resolver la situaci\u00f3n en el \u00e1mbito interno, informando el alcalde de Alzira y la primera teniente de alcalde de los hechos que estaba sufriendo.<\/p>\n\n\n\n<p>La regidora ha explicado que, lejos de activarse mecanismos de protecci\u00f3n o protocolos de igualdad, \u00abfui apartada del gobierno municipal y se me retiraron todas las competencias\u00bb, una decisi\u00f3n que, seg\u00fan ha relatado, se adopt\u00f3 con el visto bueno de su partido de entonces y que contribuy\u00f3 a su aislamiento pol\u00edtico e institucional.<\/p>\n\n\n\n<p>Chord\u00e1 ha denunciado as\u00ed mismo que, mientras ella era expulsada del ejecutivo local, \u00abla persona denunciada no solo se mantuvo en el gobierno, sino que asumi\u00f3 nuevas responsabilidades\u00bb, y ha criticado que se haya trasladado a la ciudadan\u00eda la idea que el caso estaba cerrado cuando, tal como ha recordado, \u00abel procedimiento judicial segu\u00eda en marcha\u00bb, una circunstancia que ahora \u2014ha subrayado\u2014 queda acreditada con la reapertura de la causa.<\/p>\n\n\n\n<p>La vicepresidenta de la Diputaci\u00f3n ha recordado que ya en enero de 2025 defendi\u00f3 y apoyar a una moci\u00f3n en la Diputaci\u00f3n de Val\u00e8ncia para instar el Ayuntamiento de Alzira a garantizar un entorno laboral seguro y respetuoso que permitiera a Mar Chord\u00e1 ejercer sus funciones como cargo electo, una iniciativa que fue aprobada pero que no cont\u00f3 con el apoyo de PSPV, Comprom\u00eds ni Vox.<\/p>\n\n\n\n<p>Enguix ha advertido que los partidos que se definen como progresistas y feministas tienen una responsabilidad a\u00f1adida para actuar con coherencia, especialmente cuando los hechos afectan socios de gobierno, y ha insistido que la defensa de la igualdad no puede quedarse en los discursos ni supeditarse a c\u00e1lculos pol\u00edticos. La vicepresidenta ha insistido en que \u201cel que estamos pidiendo es una cuesti\u00f3n de voluntad pol\u00edtica: que se aparte al regidor supuestamente acosador y se proteja a Mar, la v\u00edctima. Pedimos dignidad pol\u00edtica y que se posicionen a favor de una mujer que ha sufrido acoso\u201d porque, ha lamentado que, a pesar de ese pronunciamiento institucional de la Diputaci\u00f3n, el Ayuntamiento de Alzira contin\u00fae sin ofrecer una respuesta clara y efectiva, y ha denunciado que la regidora denunciando haya sido apartada de sus responsabilidades pol\u00edticas mientras la persona investigada ha continuado formando parte del gobierno local.<\/p>\n\n\n\n<p>Natalia Enguix ha se\u00f1alado tambi\u00e9n que este caso se enmarca en un contexto m\u00e1s amplio en que, a escala estatal, se est\u00e1n conociendo situaciones parecidas en que las organizaciones pol\u00edticas optan para proteger estructuras de poder en lugar de situar las v\u00edctimas en el centro, y ha reiterado que la defensa de la igualdad no puede quedarse en los discursos ni depender de c\u00e1lculos pol\u00edticos.<\/p>\n\n\n\n<p>Finalmente, Enguix ha reiterado el apoyo de Ens Uneix a Mar Chord\u00e1 y ha reclamado a las instituciones implicadas que act\u00faen con responsabilidad, transparencia y respecto a las v\u00edctimas, sin deslegitimar las denuncias ni convertirlas en un problema pol\u00edtico, porque \u2014ha subrayado\u2014 la igualdad y la dignidad de las mujeres tienen que estar siempre por encima de cualquier pacto de gobierno.<\/p>\n\n\n\n<figure class=\"wp-block-image size-large\"><img loading=\"lazy\" decoding=\"async\" width=\"1024\" height=\"683\" src=\"https:\/\/www.tucomarca.com\/wordpress\/segunda\/wp-content\/uploads\/2026\/01\/MarChordaNataliaEnguix3-1024x683.jpg\" alt=\"\" class=\"wp-image-289728\" srcset=\"https:\/\/www.tucomarca.com\/wordpress\/segunda\/wp-content\/uploads\/2026\/01\/MarChordaNataliaEnguix3-1024x683.jpg 1024w, https:\/\/www.tucomarca.com\/wordpress\/segunda\/wp-content\/uploads\/2026\/01\/MarChordaNataliaEnguix3-300x200.jpg 300w, https:\/\/www.tucomarca.com\/wordpress\/segunda\/wp-content\/uploads\/2026\/01\/MarChordaNataliaEnguix3-768x512.jpg 768w, https:\/\/www.tucomarca.com\/wordpress\/segunda\/wp-content\/uploads\/2026\/01\/MarChordaNataliaEnguix3-1536x1024.jpg 1536w, https:\/\/www.tucomarca.com\/wordpress\/segunda\/wp-content\/uploads\/2026\/01\/MarChordaNataliaEnguix3-2048x1365.jpg 2048w\" sizes=\"auto, (max-width: 1024px) 100vw, 1024px\" \/><\/figure>\n","protected":false},"excerpt":{"rendered":"<div class=\"mh-excerpt\">La vicepresidenta de la Diputaci\u00f3n de Val\u00e8ncia y portavoz de Ens Uneix, Natalia Enguix, advierte que \u201cmirar hacia otro lado ante una denuncia de acoso no es neutral, sino una forma de complicidad institucional\u201d. Enguix <a class=\"mh-excerpt-more\" href=\"https:\/\/www.tucomarca.com\/wordpress\/segunda\/ens-uneix-apoya-a-mar-chorda-despues-de-la-reapertura-del-caso-de-acoso-por-parte-de-un-regidor-del-gobierno-de-alzira\/\" title=\"Ens Uneix apoya a Mar Chord\u00e1 despu\u00e9s de la reapertura del caso de acoso por parte de un concejal del gobierno de Alzira\">[+] <\/a><\/div>\n","protected":false},"author":1,"featured_media":289726,"comment_status":"open","ping_status":"open","sticky":false,"template":"","format":"standard","meta":{"footnotes":""},"categories":[69,128,8,72,42,142,3,116,45],"tags":[10402,20185,3640,20261],"class_list":{"0":"post-289717","1":"post","2":"type-post","3":"status-publish","4":"format-standard","5":"has-post-thumbnail","7":"category-alzira","8":"category-infraestructuras","9":"category-la-comarca","10":"category-sin-categorizar","11":"category-la-ribera","12":"category-politica-la-comarca","13":"category-seccion","14":"category-sucesos-la-comarca","15":"category-ventana","16":"tag-alzira","17":"tag-ens-uneix","18":"tag-la-ribera-alta","19":"tag-natalia-enguix"},"_links":{"self":[{"href":"https:\/\/www.tucomarca.com\/wordpress\/segunda\/wp-json\/wp\/v2\/posts\/289717","targetHints":{"allow":["GET"]}}],"collection":[{"href":"https:\/\/www.tucomarca.com\/wordpress\/segunda\/wp-json\/wp\/v2\/posts"}],"about":[{"href":"https:\/\/www.tucomarca.com\/wordpress\/segunda\/wp-json\/wp\/v2\/types\/post"}],"author":[{"embeddable":true,"href":"https:\/\/www.tucomarca.com\/wordpress\/segunda\/wp-json\/wp\/v2\/users\/1"}],"replies":[{"embeddable":true,"href":"https:\/\/www.tucomarca.com\/wordpress\/segunda\/wp-json\/wp\/v2\/comments?post=289717"}],"version-history":[{"count":0,"href":"https:\/\/www.tucomarca.com\/wordpress\/segunda\/wp-json\/wp\/v2\/posts\/289717\/revisions"}],"wp:featuredmedia":[{"embeddable":true,"href":"https:\/\/www.tucomarca.com\/wordpress\/segunda\/wp-json\/wp\/v2\/media\/289726"}],"wp:attachment":[{"href":"https:\/\/www.tucomarca.com\/wordpress\/segunda\/wp-json\/wp\/v2\/media?parent=289717"}],"wp:term":[{"taxonomy":"category","embeddable":true,"href":"https:\/\/www.tucomarca.com\/wordpress\/segunda\/wp-json\/wp\/v2\/categories?post=289717"},{"taxonomy":"post_tag","embeddable":true,"href":"https:\/\/www.tucomarca.com\/wordpress\/segunda\/wp-json\/wp\/v2\/tags?post=289717"}],"curies":[{"name":"wp","href":"https:\/\/api.w.org\/{rel}","templated":true}]}}