{"id":289803,"date":"2026-01-10T12:00:00","date_gmt":"2026-01-10T11:00:00","guid":{"rendered":"https:\/\/www.tucomarca.com\/wordpress\/segunda\/?p=289803"},"modified":"2026-01-11T21:54:40","modified_gmt":"2026-01-11T20:54:40","slug":"mompo-ante-1-300-afiliados-y-simpatizantes-el-pp-esta-fuerte-unido-y-preparado-para-ganar-en-2027","status":"publish","type":"post","link":"https:\/\/www.tucomarca.com\/wordpress\/segunda\/mompo-ante-1-300-afiliados-y-simpatizantes-el-pp-esta-fuerte-unido-y-preparado-para-ganar-en-2027\/","title":{"rendered":"Momp\u00f3,\u00a0ante 1.300 afiliados y simpatizantes: \u00abEl PP est\u00e1 fuerte, unido y preparado para ganar en 2027\u00bb"},"content":{"rendered":"\n<h3 class=\"wp-block-heading\">La Junta Directiva Provincial se re\u00fane en\u00a0Alzira\u00a0y vuelve a exhibir m\u00fasculo: \u201cEsta imagen\u00a0dice m\u00e1s que cualquier eslogan.\u00a0\u00a0Cerramos\u00a02025\u00a0con\u00a0m\u00e1s de 1.100 nuevos afiliados. Queremos revalidar, consolidar y mejorar\u00a0lo que conseguimos en 2023\u201d.<\/h3>\n\n\n\n<h3 class=\"wp-block-heading\">Momp\u00f3 asegura que \u201cante un Gobierno de Espa\u00f1a que ha abandonado a las valencianas y a los valencianos, el PP es la alternativa seria, honesta y pegada al territorio\u201d.<\/h3>\n\n\n\n<p>El presidente del PP de la provincia de Valencia, Vicent Momp\u00f3,&nbsp;ha destacado que el&nbsp;partido \u201cest\u00e1 fuerte, unido y preparado para ganar en 2027\u201d.&nbsp;Es lo que representa para Momp\u00f3 la imagen de 1.300 afiliados y simpatizantes reunidos esta tarde en Alzira, donde se ha celebrado la Junta Directiva Provincial. Una imagen, ha asegurado, que \u201cvale m\u00e1s que cualquier eslogan\u201d.<\/p>\n\n\n\n<p>Para Momp\u00f3 tambi\u00e9n los datos demuestran esta fortaleza: \u201cen un a\u00f1o complicado, hemos cerrado 2025 en m\u00e1s de 1.100 nuevos afiliados. Esto no es casualidad, es el resultado de entender que las elecciones se ganan en equipo, cuidando el partido y sumando a gente&nbsp;competente y buena.&nbsp;Por eso hoy no es un acto m\u00e1s: hoy empieza de verdad el camino hacia 2027, cuando queremos revalidar, consolidar y mejorar lo que conseguimos en 2023\u201d.<\/p>\n\n\n\n<p>Otro de los pilares, seg\u00fan Momp\u00f3, que contribuyen a la buena salud del proyecto popular es el trabajo del PP en las instituciones: \u201cHemos dejado atr\u00e1s la pol\u00edtica del ruido, de la excusa y del enfrentamiento permanente, y hemos asumido una cosa mucho m\u00e1s exigente: liderar en seriedad el cambio que necesita nuestra tierra\u201d.&nbsp;En este sentido,&nbsp;ha subrayado, \u201cen 2025, la provincia de Val\u00e8ncia ha liderado la creaci\u00f3n de trabajo en Espa\u00f1a,&nbsp;la constituci\u00f3n de empresas y&nbsp;el descenso del paro\u201d.<\/p>\n\n\n\n<p>Todo pese a \u201cun Gobierno de Espa\u00f1a que ha abandonado a las valencianas y a los valencianos\u201d. \u201cLo que est\u00e1 pasando en las obras pendientes no es un problema administrativo: es un fracaso pol\u00edtico. La reconstrucci\u00f3n avanza, s\u00ed, pero gracias a la Generalitat, a la Diputaci\u00f3n y&nbsp;a&nbsp;los ayuntamientos\u201d, ha asegurado el l\u00edder provincial.&nbsp;<\/p>\n\n\n\n<p>Del mismo modo, ha criticado, \u201clos retrasos son injustificables. Las excusas, inaceptables. Y el silencio, irresponsable. Cada d\u00eda se superan m\u00e1s. Intentan calcular los tiempos, mesurar los impactos medi\u00e1ticos y buscar siempre el beneficio electoral y esto no es gobernar, esto es jugar con la seguridad de las valencianas y de los valencianos\u201d.<\/p>\n\n\n\n<p>Por ello, ha remarcado Momp\u00f3, \u201cnos necesitamos fuertes y unidos\u201d. \u201cAnte esa pol\u00edtica del abandono y del c\u00e1lculo permanente, hay una alternativa y se llama Partido Popular. Una alternativa seria, honesta y pegada en el territorio. Si continuamos trabajando as\u00ed, no solo ganaremos en 2027, sino que revalidaremos la confianza de la gente, lideraremos en seriedad y demostraremos que Espa\u00f1a necesita menos propaganda y m\u00e1s gesti\u00f3n, menos c\u00e1lculo y m\u00e1s car\u00e1cter, menos excusas y m\u00e1s trabajar, trabajar y trabajar\u201d.<\/p>\n\n\n\n<p>Entre ese trabajo tambi\u00e9n est\u00e1 el de \u201cdefender nuestra identidad, que no es una opci\u00f3n, es una obligaci\u00f3n, y tenemos que hacerlo sin complejos. Aqu\u00ed hablamos valenciano y nuestra lengua es \u00fanica\u201d, ha advertido Momp\u00f3.&nbsp;Adem\u00e1s, el l\u00edder provincial tambi\u00e9n ha mostrado su apoyo al presidente de la Generalitat, Juanfran P\u00e9rez Llorca: \u201cTienes todo mi respaldo y el de toda la familia del Partido Popular de la provincia de Val\u00e8ncia. La lealtad es estar cuando toca estar\u201d.<\/p>\n\n\n\n<p>Por su parte, el presidente del PPCV, Juanfran P\u00e9rez Llorca ha afirmado que \u201chay dos formas de hacer las cosas: confrontaci\u00f3n o soluci\u00f3n. Yo me inclino por la segunda, la primera se la dejo a Diana Morant. Nosotros tenemos claro que los ciudadanos no quieren ese camino, sino que quieren soluciones y el PP est\u00e1 en la parte de las soluciones\u201d.<\/p>\n\n\n\n<p>Adem\u00e1s,&nbsp;P\u00e9rez Llorca&nbsp;ha agradecido la unidad del partido: \u201cEn los peores momentos hemos sabido estar unidos y hacer una transici\u00f3n de una forma ordenada y sosegada\u201d. \u201cSomos un gran partido con gente cualificada, por eso podemos elegir a los mejores\u201d, ha se\u00f1alado en referencia al nuevo secretario general de la formaci\u00f3n, Carlos Gil, tambi\u00e9n presente en el encuentro.<\/p>\n\n\n\n<p>El presidente del PPCV ha destacado que esa unidad del partido ser\u00e1 la que haga posible la recuperaci\u00f3n de m\u00e1s gobiernos municipales y tambi\u00e9n la llegada de Alberto N\u00fa\u00f1ez Feij\u00f3o a la Moncloa. \u201cEso s\u00ed, no va a ser un camino de rosas: Vamos a hacer un gran sprint a partir de este mes\u201d, ha advertido.<\/p>\n\n\n\n<p>En la misma l\u00ednea, el&nbsp;presidente del Comit\u00e9&nbsp;Electoral del PPCV,&nbsp;Esteban Gonz\u00e1lez Pons,&nbsp;ha defendido que el&nbsp;partido \u201cha de estar unido y preparado para cualquier escenario pol\u00edtico\u201d. As\u00ed, ha&nbsp;ensalzado la figura de Vicent Momp\u00f3 como garante de \u201cla&nbsp;fuerza\u201d del PP de la provincia&nbsp;y ha animado a los asistentes a seguir trabajando para conseguir que Feij\u00f3o llegue a ser presidente del Gobierno.<\/p>\n\n\n\n<p>Tambi\u00e9n ha asistido la secretaria general del PP de la provincia, Reme Mazzolari y&nbsp;&nbsp;el resto de la directiva provincial,&nbsp;as\u00ed como representantes&nbsp;comarcales y&nbsp;municipales.&nbsp;Momp\u00f3 ha excusado la presencia de Miguel Tellado y de Alberto N\u00fa\u00f1ez Feij\u00f3o.&nbsp;quienes le han trasladado \u201csu voluntad&nbsp;de estar aqu\u00ed, pero la Interparlamentaria que empieza ma\u00f1ana en Galicia se lo ha impedido\u201d.<\/p>\n\n\n\n<p>La Junta Directiva ha aprobado la creaci\u00f3n de seis nuevas secretarias para \u201cdar respuesta a los problemas reales de la provincia\u201d: \u2018Reconstrucci\u00f3n dana\u2019, \u2018V\u00edctimas y personas afectadas por la dana\u2019, \u2018Vivienda y juventud\u2019, \u2018Seguridad, convivencia y orden\u2019, y \u2018Bandas de m\u00fasica i conservatorios\u2019.<\/p>\n","protected":false},"excerpt":{"rendered":"<div class=\"mh-excerpt\">La Junta Directiva Provincial se re\u00fane en\u00a0Alzira\u00a0y vuelve a exhibir m\u00fasculo: \u201cEsta imagen\u00a0dice m\u00e1s que cualquier eslogan.\u00a0\u00a0Cerramos\u00a02025\u00a0con\u00a0m\u00e1s de 1.100 nuevos afiliados. Queremos revalidar, consolidar y mejorar\u00a0lo que conseguimos en 2023\u201d. Momp\u00f3 asegura que \u201cante un <a class=\"mh-excerpt-more\" href=\"https:\/\/www.tucomarca.com\/wordpress\/segunda\/mompo-ante-1-300-afiliados-y-simpatizantes-el-pp-esta-fuerte-unido-y-preparado-para-ganar-en-2027\/\" title=\"Momp\u00f3,\u00a0ante 1.300 afiliados y simpatizantes: \u00abEl PP est\u00e1 fuerte, unido y preparado para ganar en 2027\u00bb\">[+] <\/a><\/div>\n","protected":false},"author":12,"featured_media":289806,"comment_status":"open","ping_status":"open","sticky":false,"template":"","format":"standard","meta":{"footnotes":""},"categories":[69,128,8,72,42,142,3,45],"tags":[10402,20310,5500,1407],"class_list":{"0":"post-289803","1":"post","2":"type-post","3":"status-publish","4":"format-standard","5":"has-post-thumbnail","7":"category-alzira","8":"category-infraestructuras","9":"category-la-comarca","10":"category-sin-categorizar","11":"category-la-ribera","12":"category-politica-la-comarca","13":"category-seccion","14":"category-ventana","15":"tag-alzira","16":"tag-pp-de-la-provincia-de-valencia","17":"tag-ppcv","18":"tag-ribera-alta"},"_links":{"self":[{"href":"https:\/\/www.tucomarca.com\/wordpress\/segunda\/wp-json\/wp\/v2\/posts\/289803","targetHints":{"allow":["GET"]}}],"collection":[{"href":"https:\/\/www.tucomarca.com\/wordpress\/segunda\/wp-json\/wp\/v2\/posts"}],"about":[{"href":"https:\/\/www.tucomarca.com\/wordpress\/segunda\/wp-json\/wp\/v2\/types\/post"}],"author":[{"embeddable":true,"href":"https:\/\/www.tucomarca.com\/wordpress\/segunda\/wp-json\/wp\/v2\/users\/12"}],"replies":[{"embeddable":true,"href":"https:\/\/www.tucomarca.com\/wordpress\/segunda\/wp-json\/wp\/v2\/comments?post=289803"}],"version-history":[{"count":0,"href":"https:\/\/www.tucomarca.com\/wordpress\/segunda\/wp-json\/wp\/v2\/posts\/289803\/revisions"}],"wp:featuredmedia":[{"embeddable":true,"href":"https:\/\/www.tucomarca.com\/wordpress\/segunda\/wp-json\/wp\/v2\/media\/289806"}],"wp:attachment":[{"href":"https:\/\/www.tucomarca.com\/wordpress\/segunda\/wp-json\/wp\/v2\/media?parent=289803"}],"wp:term":[{"taxonomy":"category","embeddable":true,"href":"https:\/\/www.tucomarca.com\/wordpress\/segunda\/wp-json\/wp\/v2\/categories?post=289803"},{"taxonomy":"post_tag","embeddable":true,"href":"https:\/\/www.tucomarca.com\/wordpress\/segunda\/wp-json\/wp\/v2\/tags?post=289803"}],"curies":[{"name":"wp","href":"https:\/\/api.w.org\/{rel}","templated":true}]}}