{"id":289881,"date":"2026-01-12T09:45:00","date_gmt":"2026-01-12T08:45:00","guid":{"rendered":"https:\/\/www.tucomarca.com\/wordpress\/segunda\/?p=289881"},"modified":"2026-01-12T09:55:51","modified_gmt":"2026-01-12T08:55:51","slug":"la-banda-sinfonica-de-la-sm-la-artistica-de-bunol-anuncia-a-su-nuevo-director-josep-gil-gil","status":"publish","type":"post","link":"https:\/\/www.tucomarca.com\/wordpress\/segunda\/la-banda-sinfonica-de-la-sm-la-artistica-de-bunol-anuncia-a-su-nuevo-director-josep-gil-gil\/","title":{"rendered":"La Banda Sinf\u00f3nica de la SM \u201cLa Art\u00edstica\u201d de Bu\u00f1ol anuncia a su nuevo director: Josep Gil Gil\u00a0"},"content":{"rendered":"\n<p>Tras el proceso de selecci\u00f3n que comenz\u00f3 el pasado mes de septiembre, la Banda Sinf\u00f3nica de la Sociedad Musical \u201cLa Art\u00edstica\u201d ya cuenta con nuevo director: Josep Gil Gil. Dos fueron los candidatos que llegaron a la \u00faltima fase de la selecci\u00f3n, dirigiendo a los m\u00fasicos \u00abFeos\u00bb en los dos \u00faltimos conciertos del a\u00f1o. Tras estos conciertos, la Comisi\u00f3n Art\u00edstica trasladaba el pasado fin de semana la elecci\u00f3n de Josep Gil Gil, que fue ratificada por la Junta Directiva de La Art\u00edstica y comunicada a los m\u00fasicos. Natural de Vila-Real, curs\u00f3 sus estudios de direcci\u00f3n en el Conservatorio Nacional de Estonia (Tallinn) donde realiz\u00f3 el M\u00e1ster en Direcci\u00f3n de Orquesta y M\u00e1ster en Direcci\u00f3n de Coro con el profesor Toomas Kapten.\u00a0<\/p>\n\n\n\n<p>Ha trabajado como director asistente en instituciones de la talla del Palau de Les Arts de Valencia, el Gran Teatre del Liceu de Barcelona, el Teatro Real de Madrid, el Opera Royal de Wallonie, el Radio Philharmonie de Saarbr\u00fccken, el Teatro Municipale Giuseppe Verdi di Salerno y la Orquesta y Coro Nacionales de Espa\u00f1a. Adem\u00e1s, ha asistido a maestros como Gustavo Dudamel, James Gaffigan, Gustavo Gimeno o Daniel Oren.&nbsp;<\/p>\n\n\n\n<p>En su curr\u00edculum, destacan sus participaciones como director invitado con la Simf\u00f2nica del Vall\u00e9s en el Palau de la M\u00fasica Catalana, con la Orquesta Filarm\u00f3nica de Gran Canaria en el Auditorio Alfredo Kraus, con la Orquestra de la Comunitat Valenciana en el Palau de Les Arts Reina Sof\u00eda, con la Orquesta Nacional de Espa\u00f1a en el Auditorio Nacional y con la Orquesta Sinf\u00f3nica de Radio Televisi\u00f3n Espa\u00f1ola en el Teatro Monumental de Madrid.&nbsp;<\/p>\n\n\n\n<p>Cuenta con una dilatada experiencia en la direcci\u00f3n de \u00f3pera y oratorio, siendo desde el 2019, Director Art\u00edstico del Ciclo de M\u00fasica Cl\u00e1sica Crea Escena de Vila-real. Josep Gil afronta ahora el reto de dirigir a la Banda Sinf\u00f3nica de \u201cLos Feos\u201d aportando su experiencia y entusiasmo en este nueva etapa, que comenzar\u00e1 en las pr\u00f3ximas semanas y que se materializar\u00e1 en su estreno como director el pr\u00f3ximo mes de abril, en el Concierto conmemorativo del Aniversario del Teatro Montecarlo.&nbsp;<\/p>\n","protected":false},"excerpt":{"rendered":"<div class=\"mh-excerpt\">Tras el proceso de selecci\u00f3n que comenz\u00f3 el pasado mes de septiembre, la Banda Sinf\u00f3nica de la Sociedad Musical \u201cLa Art\u00edstica\u201d ya cuenta con nuevo director: Josep Gil Gil. Dos fueron los candidatos que llegaron <a class=\"mh-excerpt-more\" href=\"https:\/\/www.tucomarca.com\/wordpress\/segunda\/la-banda-sinfonica-de-la-sm-la-artistica-de-bunol-anuncia-a-su-nuevo-director-josep-gil-gil\/\" title=\"La Banda Sinf\u00f3nica de la SM \u201cLa Art\u00edstica\u201d de Bu\u00f1ol anuncia a su nuevo director: Josep Gil Gil\u00a0\">[+] <\/a><\/div>\n","protected":false},"author":12,"featured_media":289883,"comment_status":"open","ping_status":"open","sticky":false,"template":"","format":"standard","meta":{"footnotes":""},"categories":[18,66,8,10,7,3],"tags":[10385,23673,5952,3422,10559],"class_list":{"0":"post-289881","1":"post","2":"type-post","3":"status-publish","4":"format-standard","5":"has-post-thumbnail","7":"category-bunol","8":"category-musica","9":"category-la-comarca","10":"category-la-hoya","11":"category-ocio-y-cultura","12":"category-seccion","13":"tag-bunol","14":"tag-josep-gil-gil","15":"tag-la-hoya-de-bunol-chiva","16":"tag-nuevo-director","17":"tag-sm-la-artistica-de-bunol"},"_links":{"self":[{"href":"https:\/\/www.tucomarca.com\/wordpress\/segunda\/wp-json\/wp\/v2\/posts\/289881","targetHints":{"allow":["GET"]}}],"collection":[{"href":"https:\/\/www.tucomarca.com\/wordpress\/segunda\/wp-json\/wp\/v2\/posts"}],"about":[{"href":"https:\/\/www.tucomarca.com\/wordpress\/segunda\/wp-json\/wp\/v2\/types\/post"}],"author":[{"embeddable":true,"href":"https:\/\/www.tucomarca.com\/wordpress\/segunda\/wp-json\/wp\/v2\/users\/12"}],"replies":[{"embeddable":true,"href":"https:\/\/www.tucomarca.com\/wordpress\/segunda\/wp-json\/wp\/v2\/comments?post=289881"}],"version-history":[{"count":0,"href":"https:\/\/www.tucomarca.com\/wordpress\/segunda\/wp-json\/wp\/v2\/posts\/289881\/revisions"}],"wp:featuredmedia":[{"embeddable":true,"href":"https:\/\/www.tucomarca.com\/wordpress\/segunda\/wp-json\/wp\/v2\/media\/289883"}],"wp:attachment":[{"href":"https:\/\/www.tucomarca.com\/wordpress\/segunda\/wp-json\/wp\/v2\/media?parent=289881"}],"wp:term":[{"taxonomy":"category","embeddable":true,"href":"https:\/\/www.tucomarca.com\/wordpress\/segunda\/wp-json\/wp\/v2\/categories?post=289881"},{"taxonomy":"post_tag","embeddable":true,"href":"https:\/\/www.tucomarca.com\/wordpress\/segunda\/wp-json\/wp\/v2\/tags?post=289881"}],"curies":[{"name":"wp","href":"https:\/\/api.w.org\/{rel}","templated":true}]}}