{"id":289900,"date":"2026-01-12T09:00:00","date_gmt":"2026-01-12T08:00:00","guid":{"rendered":"https:\/\/www.tucomarca.com\/wordpress\/segunda\/?p=289900"},"modified":"2026-01-12T13:22:51","modified_gmt":"2026-01-12T12:22:51","slug":"el-cd-bunol-b-refuerza-la-pina-en-su-tradicional-cena-de-navidad","status":"publish","type":"post","link":"https:\/\/www.tucomarca.com\/wordpress\/segunda\/el-cd-bunol-b-refuerza-la-pina-en-su-tradicional-cena-de-navidad\/","title":{"rendered":"El CD Bu\u00f1ol B refuerza la pi\u00f1a en su tradicional cena de Navidad"},"content":{"rendered":"\n<p>El CD Bu\u00f1ol B celebr\u00f3 en los \u00faltimos d\u00edas su cena de Navidad en un ambiente marcado por el compa\u00f1erismo, el buen rollo y la cohesi\u00f3n de grupo. La plantilla del equipo amateur, junto al cuerpo t\u00e9cnico, comparti\u00f3 una velada distendida que sirvi\u00f3 para fortalecer los lazos fuera del terreno de juego.<\/p>\n\n\n\n<p>M\u00e1s all\u00e1 de los resultados deportivos, el encuentro evidenci\u00f3 el buen momento que atraviesa el vestuario. El CD Bu\u00f1ol B no solo est\u00e1 mostrando un rendimiento s\u00f3lido sobre el c\u00e9sped, sino que tambi\u00e9n demuestra que sabe disfrutar y convivir como grupo, un aspecto clave en la din\u00e1mica de cualquier equipo.<\/p>\n\n\n\n<p>La cena tuvo lugar el el restaurante Tr\u00e9bede y se convirti\u00f3 en una oportunidad para hacer balance de la temporada, intercambiar an\u00e9cdotas y reforzar el sentimiento de pertenencia al club, en una muestra m\u00e1s de que el buen ambiente es uno de los pilares del conjunto amateur.<\/p>\n\n\n\n<p>Este tipo de iniciativas contribuyen a mantener la motivaci\u00f3n y el compromiso del equipo, ingredientes fundamentales para seguir compitiendo al m\u00e1ximo nivel durante el resto de la temporada.<\/p>\n","protected":false},"excerpt":{"rendered":"<div class=\"mh-excerpt\">El CD Bu\u00f1ol B celebr\u00f3 en los \u00faltimos d\u00edas su cena de Navidad en un ambiente marcado por el compa\u00f1erismo, el buen rollo y la cohesi\u00f3n de grupo. La plantilla del equipo amateur, junto al <a class=\"mh-excerpt-more\" href=\"https:\/\/www.tucomarca.com\/wordpress\/segunda\/el-cd-bunol-b-refuerza-la-pina-en-su-tradicional-cena-de-navidad\/\" title=\"El CD Bu\u00f1ol B refuerza la pi\u00f1a en su tradicional cena de Navidad\">[+] <\/a><\/div>\n","protected":false},"author":12,"featured_media":289913,"comment_status":"open","ping_status":"open","sticky":false,"template":"","format":"standard","meta":{"footnotes":""},"categories":[18,50,6,8,10,3],"tags":[10385,17856,5952],"class_list":{"0":"post-289900","1":"post","2":"type-post","3":"status-publish","4":"format-standard","5":"has-post-thumbnail","7":"category-bunol","8":"category-futbol-deportes","9":"category-deportes","10":"category-la-comarca","11":"category-la-hoya","12":"category-seccion","13":"tag-bunol","14":"tag-cd-bunol-b","15":"tag-la-hoya-de-bunol-chiva"},"_links":{"self":[{"href":"https:\/\/www.tucomarca.com\/wordpress\/segunda\/wp-json\/wp\/v2\/posts\/289900","targetHints":{"allow":["GET"]}}],"collection":[{"href":"https:\/\/www.tucomarca.com\/wordpress\/segunda\/wp-json\/wp\/v2\/posts"}],"about":[{"href":"https:\/\/www.tucomarca.com\/wordpress\/segunda\/wp-json\/wp\/v2\/types\/post"}],"author":[{"embeddable":true,"href":"https:\/\/www.tucomarca.com\/wordpress\/segunda\/wp-json\/wp\/v2\/users\/12"}],"replies":[{"embeddable":true,"href":"https:\/\/www.tucomarca.com\/wordpress\/segunda\/wp-json\/wp\/v2\/comments?post=289900"}],"version-history":[{"count":0,"href":"https:\/\/www.tucomarca.com\/wordpress\/segunda\/wp-json\/wp\/v2\/posts\/289900\/revisions"}],"wp:featuredmedia":[{"embeddable":true,"href":"https:\/\/www.tucomarca.com\/wordpress\/segunda\/wp-json\/wp\/v2\/media\/289913"}],"wp:attachment":[{"href":"https:\/\/www.tucomarca.com\/wordpress\/segunda\/wp-json\/wp\/v2\/media?parent=289900"}],"wp:term":[{"taxonomy":"category","embeddable":true,"href":"https:\/\/www.tucomarca.com\/wordpress\/segunda\/wp-json\/wp\/v2\/categories?post=289900"},{"taxonomy":"post_tag","embeddable":true,"href":"https:\/\/www.tucomarca.com\/wordpress\/segunda\/wp-json\/wp\/v2\/tags?post=289900"}],"curies":[{"name":"wp","href":"https:\/\/api.w.org\/{rel}","templated":true}]}}