{"id":289939,"date":"2026-01-12T15:00:00","date_gmt":"2026-01-12T14:00:00","guid":{"rendered":"https:\/\/www.tucomarca.com\/wordpress\/segunda\/?p=289939"},"modified":"2026-01-12T16:26:59","modified_gmt":"2026-01-12T15:26:59","slug":"perez-llorca-insta-a-la-continuidad-de-la-central-nuclear-de-cofrentes-y-defiende-para-la-comunitat-valenciana-un-modelo-energetico-soberano","status":"publish","type":"post","link":"https:\/\/www.tucomarca.com\/wordpress\/segunda\/perez-llorca-insta-a-la-continuidad-de-la-central-nuclear-de-cofrentes-y-defiende-para-la-comunitat-valenciana-un-modelo-energetico-soberano\/","title":{"rendered":"P\u00e9rez Llorca insta a la continuidad de la central nuclear de Cofrentes y defiende para la Comunitat Valenciana un modelo energ\u00e9tico soberano"},"content":{"rendered":"\n<h3 class=\"wp-block-heading\">Resalta la importancia de esta infraestructura estrat\u00e9gica que \u201cproduce el 52% de la electricidad que se genera en la Comunitat Valenciana y tiene un enorme impacto para la competitividad de nuestra industria\u201d.<\/h3>\n\n\n\n<h3 class=\"wp-block-heading\">El president ha visitado la central nuclear de Cofrentes donde ha abogado por \u201caplicar el sentido com\u00fan\u201d para evitar el \u201ccierre ideol\u00f3gico\u201d de esta instalaci\u00f3n.<\/h3>\n\n\n\n<h3 class=\"wp-block-heading\">Avanza el desbloqueo de 8.000 expedientes de acceso a suministro el\u00e9ctrico en viviendas y empresas de la provincia de Valencia que estaban acumulados desde 2020 gracias al Plan Simplifica.<\/h3>\n\n\n\n<figure class=\"wp-block-image size-large\"><img loading=\"lazy\" decoding=\"async\" width=\"1024\" height=\"691\" src=\"https:\/\/www.tucomarca.com\/wordpress\/segunda\/wp-content\/uploads\/2026\/01\/GVANuclearCofrentes_49-1024x691.jpeg\" alt=\"\" class=\"wp-image-289947\" srcset=\"https:\/\/www.tucomarca.com\/wordpress\/segunda\/wp-content\/uploads\/2026\/01\/GVANuclearCofrentes_49-1024x691.jpeg 1024w, https:\/\/www.tucomarca.com\/wordpress\/segunda\/wp-content\/uploads\/2026\/01\/GVANuclearCofrentes_49-300x202.jpeg 300w, https:\/\/www.tucomarca.com\/wordpress\/segunda\/wp-content\/uploads\/2026\/01\/GVANuclearCofrentes_49-768x518.jpeg 768w, https:\/\/www.tucomarca.com\/wordpress\/segunda\/wp-content\/uploads\/2026\/01\/GVANuclearCofrentes_49.jpeg 1181w\" sizes=\"auto, (max-width: 1024px) 100vw, 1024px\" \/><\/figure>\n\n\n\n<p>El president de la Generalitat, Juanfran P\u00e9rez Llorca, ha reiterado el compromiso del Consell en la defensa de la continuidad de la central nuclear de Cofrentes y la apuesta por un modelo energ\u00e9tico valenciano soberano.<\/p>\n\n\n\n<p>El jefe del Consell ha visitado las instalaciones de la central a la que ha tildado de \u201cinfraestructura estrat\u00e9gica para nuestro territorio ya que produce el 52% de la electricidad que se genera en la Comunitat Valenciana\u201d.<\/p>\n\n\n\n<p>P\u00e9rez Llorca ha puesto en valor \u201cel enorme impacto\u201d para la competitividad de la industria de la Comunitat Valenciana que cuenta \u201ccon m\u00e1s de 12.000 empresas industriales dependientes del suministro el\u00e9ctrico, que generan 184.000 empleos directos y m\u00e1s de 230.000 empleos indirectos\u201d.&nbsp;<\/p>\n\n\n\n<figure class=\"wp-block-gallery has-nested-images columns-2 is-cropped wp-block-gallery-1 is-layout-flex wp-block-gallery-is-layout-flex\">\n<figure class=\"wp-block-image size-large\"><img loading=\"lazy\" decoding=\"async\" width=\"1024\" height=\"691\" data-id=\"289942\" src=\"https:\/\/www.tucomarca.com\/wordpress\/segunda\/wp-content\/uploads\/2026\/01\/GVANuclearCofrentes_17-1024x691.jpeg\" alt=\"\" class=\"wp-image-289942\" srcset=\"https:\/\/www.tucomarca.com\/wordpress\/segunda\/wp-content\/uploads\/2026\/01\/GVANuclearCofrentes_17-1024x691.jpeg 1024w, https:\/\/www.tucomarca.com\/wordpress\/segunda\/wp-content\/uploads\/2026\/01\/GVANuclearCofrentes_17-300x202.jpeg 300w, https:\/\/www.tucomarca.com\/wordpress\/segunda\/wp-content\/uploads\/2026\/01\/GVANuclearCofrentes_17-768x518.jpeg 768w, https:\/\/www.tucomarca.com\/wordpress\/segunda\/wp-content\/uploads\/2026\/01\/GVANuclearCofrentes_17.jpeg 1181w\" sizes=\"auto, (max-width: 1024px) 100vw, 1024px\" \/><\/figure>\n\n\n\n<figure class=\"wp-block-image size-large\"><img loading=\"lazy\" decoding=\"async\" width=\"1024\" height=\"691\" data-id=\"289941\" src=\"https:\/\/www.tucomarca.com\/wordpress\/segunda\/wp-content\/uploads\/2026\/01\/GVANuclearCofrentes_40-1024x691.jpeg\" alt=\"\" class=\"wp-image-289941\" srcset=\"https:\/\/www.tucomarca.com\/wordpress\/segunda\/wp-content\/uploads\/2026\/01\/GVANuclearCofrentes_40-1024x691.jpeg 1024w, https:\/\/www.tucomarca.com\/wordpress\/segunda\/wp-content\/uploads\/2026\/01\/GVANuclearCofrentes_40-300x202.jpeg 300w, https:\/\/www.tucomarca.com\/wordpress\/segunda\/wp-content\/uploads\/2026\/01\/GVANuclearCofrentes_40-768x518.jpeg 768w, https:\/\/www.tucomarca.com\/wordpress\/segunda\/wp-content\/uploads\/2026\/01\/GVANuclearCofrentes_40.jpeg 1181w\" sizes=\"auto, (max-width: 1024px) 100vw, 1024px\" \/><\/figure>\n\n\n\n<figure class=\"wp-block-image size-large\"><img loading=\"lazy\" decoding=\"async\" width=\"1024\" height=\"691\" data-id=\"289943\" src=\"https:\/\/www.tucomarca.com\/wordpress\/segunda\/wp-content\/uploads\/2026\/01\/GVANuclearCofrentes_08-1024x691.jpeg\" alt=\"\" class=\"wp-image-289943\" srcset=\"https:\/\/www.tucomarca.com\/wordpress\/segunda\/wp-content\/uploads\/2026\/01\/GVANuclearCofrentes_08-1024x691.jpeg 1024w, https:\/\/www.tucomarca.com\/wordpress\/segunda\/wp-content\/uploads\/2026\/01\/GVANuclearCofrentes_08-300x202.jpeg 300w, https:\/\/www.tucomarca.com\/wordpress\/segunda\/wp-content\/uploads\/2026\/01\/GVANuclearCofrentes_08-768x518.jpeg 768w, https:\/\/www.tucomarca.com\/wordpress\/segunda\/wp-content\/uploads\/2026\/01\/GVANuclearCofrentes_08.jpeg 1181w\" sizes=\"auto, (max-width: 1024px) 100vw, 1024px\" \/><\/figure>\n<\/figure>\n\n\n\n<p>El president ha asegurado que \u201cseguir adelante con un cierre programado para 2030 \u00fanicamente por cuestiones ideol\u00f3gicas es una irresponsabilidad\u201d y ha reclamado al Gobierno de Espa\u00f1a \u201caplicar el sentido com\u00fan para que una central tan segura como la de Cofrentes siga operativa\u201d.<\/p>\n\n\n\n<p>Al respecto, ha resaltado la apuesta que est\u00e1 realizando la Uni\u00f3n Europea por la energ\u00eda nuclear y ha recordado que la actual comisaria Teresa Ribera \u201capoy\u00f3 el cierre de Cofrentes cuando era ministra mientras que ahora respalda la construcci\u00f3n de nuevas instalaciones en Europa\u201d.<\/p>\n\n\n\n<p>Adem\u00e1s, cabe recordad que alargar la operatividad de la central nuclear permitir\u00eda reforzar el sistema el\u00e9ctrico, alcanzar la soberan\u00eda energ\u00e9tica y contribuir a la transici\u00f3n hacia un modelo energ\u00e9tico en la Comunitat Valenciana que priorice las renovables con el apoyo de las no renovables.&nbsp;<\/p>\n\n\n\n<p>P\u00e9rez Llorca ha visitado las instalaciones de la central nuclear acompa\u00f1ado por el vicepresidente tercero y conseller de Medio Ambiente, Infraestructuras, Territorio y de la Recuperaci\u00f3n, Vicente Mart\u00ednez Mus, y el CEO de Iberdrola Espa\u00f1a, Mario Ruiz-Tagle.<\/p>\n\n\n\n<p><strong>Desbloqueo a 8.000 expedientes para el acceso a suministro el\u00e9ctrico<\/strong><\/p>\n\n\n\n<p>El jefe del Consell ha avanzado que la Generalitat ha desbloqueado 8.000 expedientes de acceso a suministro el\u00e9ctrico de nuevas viviendas y empresas de la provincia de Valencia que estaban acumulados desde 2020.<\/p>\n\n\n\n<p>P\u00e9rez Llorca ha explicado que esta medida forma parte del segundo plan de simplificaci\u00f3n administrativa que ha puesto en marcha la Generalitat con el objetivo de acelerar estos procedimientos para facilitar el crecimiento econ\u00f3mico, el empleo y el bienestar de la ciudadan\u00eda.<\/p>\n\n\n\n<p>El president ha se\u00f1alado que \u201cestamos actuando con cercan\u00eda y rapidez para hacer una administraci\u00f3n mucho m\u00e1s eficiente y eficaz\u201d. De este modo, ha reclamado que este proceso de simplificaci\u00f3n se aplique tambi\u00e9n en el Gobierno de Espa\u00f1a.<\/p>\n","protected":false},"excerpt":{"rendered":"<div class=\"mh-excerpt\">Resalta la importancia de esta infraestructura estrat\u00e9gica que \u201cproduce el 52% de la electricidad que se genera en la Comunitat Valenciana y tiene un enorme impacto para la competitividad de nuestra industria\u201d. El president ha <a class=\"mh-excerpt-more\" href=\"https:\/\/www.tucomarca.com\/wordpress\/segunda\/perez-llorca-insta-a-la-continuidad-de-la-central-nuclear-de-cofrentes-y-defiende-para-la-comunitat-valenciana-un-modelo-energetico-soberano\/\" title=\"P\u00e9rez Llorca insta a la continuidad de la central nuclear de Cofrentes y defiende para la Comunitat Valenciana un modelo energ\u00e9tico soberano\">[+] <\/a><\/div>\n","protected":false},"author":12,"featured_media":289941,"comment_status":"open","ping_status":"open","sticky":false,"template":"","format":"gallery","meta":{"footnotes":""},"categories":[38,41,128,8,72,117,142,3,45],"tags":[22586,10716,23465,11436],"class_list":{"0":"post-289939","1":"post","2":"type-post","3":"status-publish","4":"format-gallery","5":"has-post-thumbnail","7":"category-ayora-cofrentes","8":"category-cofrentes","9":"category-infraestructuras","10":"category-la-comarca","11":"category-sin-categorizar","12":"category-medio-ambiente-la-comarca","13":"category-politica-la-comarca","14":"category-seccion","15":"category-ventana","16":"tag-central-nuclear-de-cofrentes","17":"tag-generalitat-valenciana","18":"tag-juanfran-perez-llorca","19":"tag-valle-de-ayora-cofrentes","20":"post_format-post-format-gallery"},"_links":{"self":[{"href":"https:\/\/www.tucomarca.com\/wordpress\/segunda\/wp-json\/wp\/v2\/posts\/289939","targetHints":{"allow":["GET"]}}],"collection":[{"href":"https:\/\/www.tucomarca.com\/wordpress\/segunda\/wp-json\/wp\/v2\/posts"}],"about":[{"href":"https:\/\/www.tucomarca.com\/wordpress\/segunda\/wp-json\/wp\/v2\/types\/post"}],"author":[{"embeddable":true,"href":"https:\/\/www.tucomarca.com\/wordpress\/segunda\/wp-json\/wp\/v2\/users\/12"}],"replies":[{"embeddable":true,"href":"https:\/\/www.tucomarca.com\/wordpress\/segunda\/wp-json\/wp\/v2\/comments?post=289939"}],"version-history":[{"count":0,"href":"https:\/\/www.tucomarca.com\/wordpress\/segunda\/wp-json\/wp\/v2\/posts\/289939\/revisions"}],"wp:featuredmedia":[{"embeddable":true,"href":"https:\/\/www.tucomarca.com\/wordpress\/segunda\/wp-json\/wp\/v2\/media\/289941"}],"wp:attachment":[{"href":"https:\/\/www.tucomarca.com\/wordpress\/segunda\/wp-json\/wp\/v2\/media?parent=289939"}],"wp:term":[{"taxonomy":"category","embeddable":true,"href":"https:\/\/www.tucomarca.com\/wordpress\/segunda\/wp-json\/wp\/v2\/categories?post=289939"},{"taxonomy":"post_tag","embeddable":true,"href":"https:\/\/www.tucomarca.com\/wordpress\/segunda\/wp-json\/wp\/v2\/tags?post=289939"}],"curies":[{"name":"wp","href":"https:\/\/api.w.org\/{rel}","templated":true}]}}