{"id":290032,"date":"2026-01-13T08:45:00","date_gmt":"2026-01-13T07:45:00","guid":{"rendered":"https:\/\/www.tucomarca.com\/wordpress\/segunda\/?p=290032"},"modified":"2026-01-13T18:45:15","modified_gmt":"2026-01-13T17:45:15","slug":"charla-montessori-en-el-hogar-en-escuela-infantil-zorita-de-requena","status":"publish","type":"post","link":"https:\/\/www.tucomarca.com\/wordpress\/segunda\/charla-montessori-en-el-hogar-en-escuela-infantil-zorita-de-requena\/","title":{"rendered":"Charla &#8216;Montessori en el hogar&#8217; en Escuela Infantil Zorita de Requena"},"content":{"rendered":"\n<p>El pr\u00f3ximo s\u00e1bado, 17 de enero, de 11,00 a 13,00 horas, la Escuela Infantil Zorita acoger\u00e1 una charla dirigida a familias y profesionales interesados en el enfoque Montessori para la educaci\u00f3n infantil. La charla ser\u00e1 dirigida por Sheila Masi\u00e1 con la colaboraci\u00f3n de Santi Salinas.<\/p>\n\n\n\n<p>La asistencia a la charla es libre y gratuita, aunque se ruega asistir sin ni\u00f1os, a excepci\u00f3n de beb\u00e9s lactantes.&nbsp;<\/p>\n\n\n\n<p>Sheila Masi\u00e1 es maestra en pedagog\u00eda Montessori con casi 10 a\u00f1os de experiencia liderando equipos y transformaciones Montessori en colegios infantiles entre los cuales figuran los del Grupo Palma.<\/p>\n\n\n\n<p>Sheila ha trabajado no s\u00f3lo en la educaci\u00f3n infantil, sino tambi\u00e9n en la formaci\u00f3n de adultos como futuras gu\u00edas Montessori tanto en Espa\u00f1a como en colaboraci\u00f3n con la Universidad de Hartford- (Connecticut).&nbsp;<\/p>\n\n\n\n<p>Su enfoque innovador ha permitido crear entornos de aprendizaje que promueven el respeto y la autonom\u00eda en los ni\u00f1os, y su pasi\u00f3n por la educaci\u00f3n Montessori es evidente en su desarrollo profesional.<\/p>\n\n\n\n<p>Santi Salinas es director de Escuela Zorita y asistente de Casa de Ni\u00f1os Montessori&nbsp; por la Asociaci\u00f3n Montessori Internacional. Adem\u00e1s se ha formado en otras ramas pedag\u00f3gicas&nbsp; alternativas, como el metodo Waldorf, Benenzon o la psicomotricidad relacional.&nbsp;<\/p>\n\n\n\n<p>Durante la charla, Sheila y Santi ofrecer\u00e1n una introducci\u00f3n completa al m\u00e9todo Montessori, adem\u00e1s de compartir aplicaciones pr\u00e1cticas que las familias pueden implementar en sus hogares. El objetivo principal es inspirar a los asistentes y proporcionarles ideas y recursos pr\u00e1cticos para integrar esta filosof\u00eda educativa en la vida diaria de sus hijos e hijas.<\/p>\n\n\n\n<p>Las familias interesadas en asistir tienen la oportunidad de conectar con un enfoque educativo que fomenta un ambiente de aprendizaje respetuoso y enriquecedor.<strong> Informa, Luis Ib\u00e1\u00f1ez.<\/strong><\/p>\n","protected":false},"excerpt":{"rendered":"<div class=\"mh-excerpt\">El pr\u00f3ximo s\u00e1bado, 17 de enero, de 11,00 a 13,00 horas, la Escuela Infantil Zorita acoger\u00e1 una charla dirigida a familias y profesionales interesados en el enfoque Montessori para la educaci\u00f3n infantil. La charla ser\u00e1 <a class=\"mh-excerpt-more\" href=\"https:\/\/www.tucomarca.com\/wordpress\/segunda\/charla-montessori-en-el-hogar-en-escuela-infantil-zorita-de-requena\/\" title=\"Charla &#8216;Montessori en el hogar&#8217; en Escuela Infantil Zorita de Requena\">[+] <\/a><\/div>\n","protected":false},"author":12,"featured_media":290034,"comment_status":"open","ping_status":"open","sticky":false,"template":"","format":"standard","meta":{"footnotes":""},"categories":[4,8,7,28,27,3],"tags":[23689,10388,10387],"class_list":{"0":"post-290032","1":"post","2":"type-post","3":"status-publish","4":"format-standard","5":"has-post-thumbnail","7":"category-agenda","8":"category-la-comarca","9":"category-ocio-y-cultura","10":"category-requena","11":"category-requena-utiel","12":"category-seccion","13":"tag-escuela-infantil-zorita","14":"tag-requena","15":"tag-requena-utiel"},"_links":{"self":[{"href":"https:\/\/www.tucomarca.com\/wordpress\/segunda\/wp-json\/wp\/v2\/posts\/290032","targetHints":{"allow":["GET"]}}],"collection":[{"href":"https:\/\/www.tucomarca.com\/wordpress\/segunda\/wp-json\/wp\/v2\/posts"}],"about":[{"href":"https:\/\/www.tucomarca.com\/wordpress\/segunda\/wp-json\/wp\/v2\/types\/post"}],"author":[{"embeddable":true,"href":"https:\/\/www.tucomarca.com\/wordpress\/segunda\/wp-json\/wp\/v2\/users\/12"}],"replies":[{"embeddable":true,"href":"https:\/\/www.tucomarca.com\/wordpress\/segunda\/wp-json\/wp\/v2\/comments?post=290032"}],"version-history":[{"count":0,"href":"https:\/\/www.tucomarca.com\/wordpress\/segunda\/wp-json\/wp\/v2\/posts\/290032\/revisions"}],"wp:featuredmedia":[{"embeddable":true,"href":"https:\/\/www.tucomarca.com\/wordpress\/segunda\/wp-json\/wp\/v2\/media\/290034"}],"wp:attachment":[{"href":"https:\/\/www.tucomarca.com\/wordpress\/segunda\/wp-json\/wp\/v2\/media?parent=290032"}],"wp:term":[{"taxonomy":"category","embeddable":true,"href":"https:\/\/www.tucomarca.com\/wordpress\/segunda\/wp-json\/wp\/v2\/categories?post=290032"},{"taxonomy":"post_tag","embeddable":true,"href":"https:\/\/www.tucomarca.com\/wordpress\/segunda\/wp-json\/wp\/v2\/tags?post=290032"}],"curies":[{"name":"wp","href":"https:\/\/api.w.org\/{rel}","templated":true}]}}