{"id":290126,"date":"2026-01-13T10:00:00","date_gmt":"2026-01-13T09:00:00","guid":{"rendered":"https:\/\/www.tucomarca.com\/wordpress\/segunda\/?p=290126"},"modified":"2026-01-13T20:11:17","modified_gmt":"2026-01-13T19:11:17","slug":"ens-uneix-denuncia-el-apoyo-politico-de-compromis-y-pspv-de-alzira-al-regidor-imputado-por-acoso","status":"publish","type":"post","link":"https:\/\/www.tucomarca.com\/wordpress\/segunda\/ens-uneix-denuncia-el-apoyo-politico-de-compromis-y-pspv-de-alzira-al-regidor-imputado-por-acoso\/","title":{"rendered":"Ens Uneix denuncia el apoyo pol\u00edtico de Comprom\u00eds y PSPV de Alzira al regidor imputado por acoso"},"content":{"rendered":"\n<h3 class=\"wp-block-heading\">La vicepresidenta de la Diputaci\u00f3n de Val\u00e8ncia y portavoz de Ens Uneix, Natalia Enguix, advierte que \u201cel gobierno de Alzira tiene que dejarse de excusas y afrontar la verdad\u201d, con una causa reabierta en que la Fiscal\u00eda aprecia una actitud vejatoria<\/h3>\n\n\n\n<p>Ens Uneix denuncia el apoyo pol\u00edtico de Comprom\u00eds y PSPV de Alzira a un regidor imputado por un presunto delito de acoso. Este posicionamiento ha quedado evidenciado este martes en una rueda de prensa conjunta celebrada al Ayuntamiento de Alzira, con la participaci\u00f3n del alcalde Alfons Dom\u00ednguez (Comprom\u00eds), la regidora Gemma Al\u00f3s (PSPV) y el propio regidor imputado, Enrique Montalb\u00e1n (UCIN).<\/p>\n\n\n\n<p>Desde Ens Uneix consideran especialmente grave que, despu\u00e9s de esta comparecencia p\u00fablica, no se haya apoyado a la regidora denunciante, Mar Chord\u00e1, mientras se ha optado para dar cobertura pol\u00edtica a la persona investigada. La formaci\u00f3n advierte que\u00a0\u201cmirar hacia otro lado cuando una mujer denuncia una situaci\u00f3n de acoso no es una posici\u00f3n neutral, sino una forma de complicidad institucional\u201d, una actitud que ha generado un profundo malestar en sectores del movimiento feminista y en una parte significativa de la ciudadan\u00eda de Alzira.<\/p>\n\n\n\n<p>La portavoz de Ens Uneix, diputada de Igualdad y vicepresidenta de la Diputaci\u00f3n de Val\u00e8ncia, Natalia Enguix, ha sido clara:\u00a0\u201cEl gobierno de Alzira tiene que dejarse de excusas y afrontar la verdad. Est\u00e1n apoyando pol\u00edtico a un imputado por acoso, mientras la mujer que denunci\u00f3 ha quedado apartada y desprotegida\u201d. En este sentido, ha recordado que la Fiscal\u00eda ha se\u00f1alado la existencia de una actitud vejatoria y ha insistido que\u00a0\u201cel resto de argumentos que est\u00e1n utilizando no son m\u00e1s que excusas por no asumir responsabilidades pol\u00edticas\u201d.<\/p>\n\n\n\n<p>As\u00ed mismo, Ens Uneix reclama explicaciones p\u00fablicas sobre si Comprom\u00eds y PSPV consideran aceptables los comentarios sexistas y degradantes atribuidos al imputado y publicados por el diario\u00a0\u201cLas Provincias\u201d. En esa informaci\u00f3n se recogen expresiones como \u201cpeque\u00f1o escote lleves\u201d, \u201cqu\u00e9 corta vas\u201d o \u201cque fresca\u201d, as\u00ed como otras frases de contenido sexual e intimidatorio que constan en la denuncia judicial. Para la formaci\u00f3n municipalista, tolerar o minimizar estas expresiones es incompatible con cualquier discurso de defensa de la igualdad y de los derechos de las mujeres.<\/p>\n\n\n\n<p>La formaci\u00f3n recuerda que el regidor imputado ha sido citado a declarar junto con casi una decena de testigos que, seg\u00fan el procedimiento judicial, avalar\u00edan la versi\u00f3n de la denunciante. Al mismo tiempo, subraya que Mar Chord\u00e1 tuvo que cogerse la baja m\u00e9dica por depresi\u00f3n como consecuencia directa de la situaci\u00f3n vivida.<\/p>\n\n\n\n<p>En este contexto, Ens Uneix destaca que en Alzira se ha dado credibilidad social a la denuncia presentada por Chord\u00e1, en buena parte porque muchas personas conocen las maneras de actuar del regidor imputado. Tal como se\u00f1ala Enguix,\u00a0\u201cno estamos ante un relato pol\u00edtico ni de una estrategia partidista, sino de un caso que ha causado un da\u00f1o personal y psicol\u00f3gico real\u201d.<\/p>\n\n\n\n<p>Adem\u00e1s, Ens Uneix recuerda que la propia Mar Chord\u00e1 ha reiterado en varias ocasiones que el gobierno municipal no est\u00e1 en peligro, un hecho que deja sin base el argumento utilizado para justificar la inacci\u00f3n. Desde la formaci\u00f3n se\u00f1alan que\u00a0\u201cla clave de todo este caso es muy clara: el que estamos pidiendo es una cuesti\u00f3n de voluntad pol\u00edtica, que se aparte el regidor acosador y se proteja Mar, la v\u00edctima, con dignidad pol\u00edtica y con un posicionamiento claro a favor de una mujer que ha sufrido acoso. Estamos defendiendo la dignidad de las mujeres y luchando contra la violencia hacia las mujeres\u201d.<\/p>\n","protected":false},"excerpt":{"rendered":"<div class=\"mh-excerpt\">La vicepresidenta de la Diputaci\u00f3n de Val\u00e8ncia y portavoz de Ens Uneix, Natalia Enguix, advierte que \u201cel gobierno de Alzira tiene que dejarse de excusas y afrontar la verdad\u201d, con una causa reabierta en que <a class=\"mh-excerpt-more\" href=\"https:\/\/www.tucomarca.com\/wordpress\/segunda\/ens-uneix-denuncia-el-apoyo-politico-de-compromis-y-pspv-de-alzira-al-regidor-imputado-por-acoso\/\" title=\"Ens Uneix denuncia el apoyo pol\u00edtico de Comprom\u00eds y PSPV de Alzira al regidor imputado por acoso\">[+] <\/a><\/div>\n","protected":false},"author":1,"featured_media":289724,"comment_status":"open","ping_status":"open","sticky":false,"template":"","format":"standard","meta":{"footnotes":""},"categories":[69,128,8,72,42,142,3,116,45],"tags":[10402,20185,3640,20401],"class_list":{"0":"post-290126","1":"post","2":"type-post","3":"status-publish","4":"format-standard","5":"has-post-thumbnail","7":"category-alzira","8":"category-infraestructuras","9":"category-la-comarca","10":"category-sin-categorizar","11":"category-la-ribera","12":"category-politica-la-comarca","13":"category-seccion","14":"category-sucesos-la-comarca","15":"category-ventana","16":"tag-alzira","17":"tag-ens-uneix","18":"tag-la-ribera-alta","19":"tag-natalia-enguix-2"},"_links":{"self":[{"href":"https:\/\/www.tucomarca.com\/wordpress\/segunda\/wp-json\/wp\/v2\/posts\/290126","targetHints":{"allow":["GET"]}}],"collection":[{"href":"https:\/\/www.tucomarca.com\/wordpress\/segunda\/wp-json\/wp\/v2\/posts"}],"about":[{"href":"https:\/\/www.tucomarca.com\/wordpress\/segunda\/wp-json\/wp\/v2\/types\/post"}],"author":[{"embeddable":true,"href":"https:\/\/www.tucomarca.com\/wordpress\/segunda\/wp-json\/wp\/v2\/users\/1"}],"replies":[{"embeddable":true,"href":"https:\/\/www.tucomarca.com\/wordpress\/segunda\/wp-json\/wp\/v2\/comments?post=290126"}],"version-history":[{"count":0,"href":"https:\/\/www.tucomarca.com\/wordpress\/segunda\/wp-json\/wp\/v2\/posts\/290126\/revisions"}],"wp:featuredmedia":[{"embeddable":true,"href":"https:\/\/www.tucomarca.com\/wordpress\/segunda\/wp-json\/wp\/v2\/media\/289724"}],"wp:attachment":[{"href":"https:\/\/www.tucomarca.com\/wordpress\/segunda\/wp-json\/wp\/v2\/media?parent=290126"}],"wp:term":[{"taxonomy":"category","embeddable":true,"href":"https:\/\/www.tucomarca.com\/wordpress\/segunda\/wp-json\/wp\/v2\/categories?post=290126"},{"taxonomy":"post_tag","embeddable":true,"href":"https:\/\/www.tucomarca.com\/wordpress\/segunda\/wp-json\/wp\/v2\/tags?post=290126"}],"curies":[{"name":"wp","href":"https:\/\/api.w.org\/{rel}","templated":true}]}}