{"id":290188,"date":"2026-01-14T16:30:00","date_gmt":"2026-01-14T15:30:00","guid":{"rendered":"https:\/\/www.tucomarca.com\/wordpress\/segunda\/?p=290188"},"modified":"2026-01-14T10:43:18","modified_gmt":"2026-01-14T09:43:18","slug":"la-diputacio-presenta-una-feria-taurina-de-fallas-con-presencia-equilibrada-de-figuras-consagradas-y-jovenes-figuras","status":"publish","type":"post","link":"https:\/\/www.tucomarca.com\/wordpress\/segunda\/la-diputacio-presenta-una-feria-taurina-de-fallas-con-presencia-equilibrada-de-figuras-consagradas-y-jovenes-figuras\/","title":{"rendered":"La Diputaci\u00f3 presenta una Feria taurina de Fallas con presencia equilibrada de figuras consagradas y j\u00f3venes figuras"},"content":{"rendered":"\n<h3 class=\"wp-block-heading\">La corporaci\u00f3n provincial y Nautalia hacen oficiales los carteles de la feria taurina que se celebrar\u00e1 del 8 al 19 de marzo en la renovada Plaza de Toros de Valencia, y que consta de seis corridas de toros, una de rejones y dos novilladas.<\/h3>\n\n\n\n<h3 class=\"wp-block-heading\">El presidente Vicent Momp\u00f3 destaca el protagonismo de figuras valencianas y avanza que durante este a\u00f1o se llevar\u00e1n a cabo nuevas actuaciones que mejorar\u00e1n la plaza sin interferir en la actividad taurina.<\/h3>\n\n\n\n<p>La&nbsp;Diputaci\u00f3 de Val\u00e8ncia, propietaria de la Plaza de Toros de Valencia,&nbsp;ha presentado junto a Nautalia, actual empresa gestora del recinto, los carteles de la Feria de Fallas 2026, que se desarrollar\u00e1 entre el 8 y el 19 de marzo en el reci\u00e9n remodelado coso de la calle X\u00e0tiva.<\/p>\n\n\n\n<p>En un acto celebrado en el Centre Cultural La Benefic\u00e8ncia, el presidente de la instituci\u00f3n provincial, Vicent Momp\u00f3, y los representantes de Nautalia, Rafael G\u00aa Garrido y V\u00edctor Zabala de la Serna, han mostrado la composici\u00f3n de las seis corridas de toros, la matinal de rejones, y las dos novilladas con picadores que forman parte del ciclo fallero de 2026.<\/p>\n\n\n\n<p>Unos carteles que se caracterizan por la presencia equilibrada de figuras consagradas y savia nueva del toreo que viene empujando fuerte durante la \u00faltima temporada. Adem\u00e1s, hay que destacar de manera especial el protagonismo de dos toreros y dos novilleros valencianos en la feria, tres de ellos (Rom\u00e1n, Marco Polope y Juan Alberto Torrijos) ex alumnos de la Escuela Taurina que gestiona la Diputaci\u00f3n.<\/p>\n\n\n\n<p>\u201cNos felicitamos porque esta feria ser\u00e1 una feria que hable valenciano. Hay historias de superaci\u00f3n que nos emocionan como la de Samuel Naval\u00f3n, que tras la grav\u00edsima cornada sufrida en Algemes\u00ed, reaparecer\u00e1 en nuestra plaza. Adem\u00e1s nuestra tierra seguir\u00e1 disfrutando de Rom\u00e1n, que tantas tardes de gloria nos ha regalado, y de j\u00f3venes novilleros con proyecci\u00f3n y pasi\u00f3n, como Juan Alberto Torrijos, de Algemes\u00ed, y Marco Polope, de Torrent\u201d, ha destacado Vicent Momp\u00f3.<\/p>\n\n\n\n<p>El presidente de la Diputaci\u00f3n ha subrayado, asimismo, que \u201cdespu\u00e9s de meses de trabajo, los toros vuelven a la plaza de Valencia, y lo hacen en un espacio renovado, m\u00e1s seguro y moderno, pero conservando intacta la esencia que hace de esta plaza un templo del toreo en el Cap i Casal\u201d, y ha anunciado que \u201cen 2026 vamos a avanzar con actuaciones que mejorar\u00e1n la plaza sin interferir en la actividad taurina. Lo haremos porque queremos que Valencia tenga la mejor plaza de Espa\u00f1a. Entre las obras, est\u00e1n contempladas la restauraci\u00f3n de la balaustrada de la fachada exterior, la rehabilitaci\u00f3n de las verjas de acceso de la planta baja, la renovaci\u00f3n de carpinter\u00eda y tabiquer\u00eda en los pasillos, y el inicio de un estudio de viabilidad para incorporar ascensores. Tambi\u00e9n estamos analizando la posibilidad de cambiar la arena por una espec\u00edfica que evite problemas de obstrucci\u00f3n en los sumideros, adem\u00e1s aprovecharemos para pavimentar los corrales e incorporar bebederos\u201d.<\/p>\n\n\n\n<p><strong>Figuras y j\u00f3venes<\/strong><\/p>\n\n\n\n<p>La Feria de Fallas, la primera gran feria de la temporada taurina a nivel mundial, seguir\u00e1 contando con las principales figuras actuales de la tauromaquia, destacando el doblete de Alejandro Talavante los d\u00edas 14 y 19 de marzo, la presencia temprana de Andr\u00e9s Roca Rey en la corrida del 14 de marzo, y la presencia de otros diestros consagrados como Sebasti\u00e1n Castella, Jose Mar\u00eda Manzanares y Pablo Aguado, que torean juntos en la vespertina del 15 de marzo; Miguel \u00c1ngel Perera el 17 de marzo; y Emilio de Justo y Juan Ortega, que cerrar\u00e1n la feria el d\u00eda de San Jos\u00e9.<\/p>\n\n\n\n<figure class=\"wp-block-gallery has-nested-images columns-default is-cropped wp-block-gallery-1 is-layout-flex wp-block-gallery-is-layout-flex\">\n<figure class=\"wp-block-image size-large\"><img loading=\"lazy\" decoding=\"async\" width=\"1024\" height=\"665\" data-id=\"290191\" src=\"https:\/\/www.tucomarca.com\/wordpress\/segunda\/wp-content\/uploads\/2026\/01\/PresentacionFeriaTaurinaFallas26_1-1024x665.jpg\" alt=\"\" class=\"wp-image-290191\" srcset=\"https:\/\/www.tucomarca.com\/wordpress\/segunda\/wp-content\/uploads\/2026\/01\/PresentacionFeriaTaurinaFallas26_1-1024x665.jpg 1024w, https:\/\/www.tucomarca.com\/wordpress\/segunda\/wp-content\/uploads\/2026\/01\/PresentacionFeriaTaurinaFallas26_1-300x195.jpg 300w, https:\/\/www.tucomarca.com\/wordpress\/segunda\/wp-content\/uploads\/2026\/01\/PresentacionFeriaTaurinaFallas26_1-768x499.jpg 768w, https:\/\/www.tucomarca.com\/wordpress\/segunda\/wp-content\/uploads\/2026\/01\/PresentacionFeriaTaurinaFallas26_1-1536x998.jpg 1536w, https:\/\/www.tucomarca.com\/wordpress\/segunda\/wp-content\/uploads\/2026\/01\/PresentacionFeriaTaurinaFallas26_1-2048x1331.jpg 2048w\" sizes=\"auto, (max-width: 1024px) 100vw, 1024px\" \/><\/figure>\n\n\n\n<figure class=\"wp-block-image size-large\"><img loading=\"lazy\" decoding=\"async\" width=\"1024\" height=\"428\" data-id=\"290195\" src=\"https:\/\/www.tucomarca.com\/wordpress\/segunda\/wp-content\/uploads\/2026\/01\/PresentacionFeriaTaurinaFallas26_3-1024x428.jpg\" alt=\"\" class=\"wp-image-290195\" srcset=\"https:\/\/www.tucomarca.com\/wordpress\/segunda\/wp-content\/uploads\/2026\/01\/PresentacionFeriaTaurinaFallas26_3-1024x428.jpg 1024w, https:\/\/www.tucomarca.com\/wordpress\/segunda\/wp-content\/uploads\/2026\/01\/PresentacionFeriaTaurinaFallas26_3-300x125.jpg 300w, https:\/\/www.tucomarca.com\/wordpress\/segunda\/wp-content\/uploads\/2026\/01\/PresentacionFeriaTaurinaFallas26_3-768x321.jpg 768w, https:\/\/www.tucomarca.com\/wordpress\/segunda\/wp-content\/uploads\/2026\/01\/PresentacionFeriaTaurinaFallas26_3-1536x642.jpg 1536w, https:\/\/www.tucomarca.com\/wordpress\/segunda\/wp-content\/uploads\/2026\/01\/PresentacionFeriaTaurinaFallas26_3-2048x856.jpg 2048w\" sizes=\"auto, (max-width: 1024px) 100vw, 1024px\" \/><\/figure>\n<\/figure>\n\n\n\n<p>Pero si por algo se caracteriza el ciclo josefino de este a\u00f1o es por el debut de cuatro j\u00f3venes que har\u00e1n las delicias de unos aficionados \u00e1vidos de novedades en el escalaf\u00f3n taurino. Se trata de David de Miranda, que se estrena el d\u00eda 13 junto a Jim\u00e9nez Fortes y el valenciano Rom\u00e1n; el torero de Ayora Samuel Naval\u00f3n, presente en la corrida del d\u00eda 14 junto a Alejandro Talavante y Roca Rey; y los j\u00f3venes V\u00edctor Hern\u00e1ndez y Marco P\u00e9rez, que debutar\u00e1n el martes 17 de marzo.<\/p>\n\n\n\n<p>La feria se completa con un mano a mano de alto voltaje entre dos de los toreros que se encuentran en mejor estado de forma, como son Borja Jim\u00e9nez y Tom\u00e1s Rufo, el d\u00eda 18 de marzo. En cuanto a la matinal de rejones del domingo 15 de marzo, estar\u00e1 protagonizada por el n\u00famero uno del toreo a caballo, Diego Ventura, junto a Lea Vicens y Andy Cartagena.<\/p>\n\n\n\n<p>Por \u00faltimo, las dos novilladas con picadores re\u00fanen a lo m\u00e1s granado del escalaf\u00f3n novillero, como son Emiliano Osornio, el prometedor catal\u00e1n Mario Vilau, y el valenciano Marco Polope (8 de marzo); y el novillero de Algemes\u00ed Juan Alberto Torrijos, Julio Norte y Julio M\u00e9ndez (16 de marzo).<\/p>\n\n\n\n<p><strong>Ganader\u00edas prestigiosas<\/strong><\/p>\n\n\n\n<p>En el apartado ganadero el plantel para Fallas 2026 es de aut\u00e9ntico lujo, ya que se contar\u00e1 con seis hierros de post\u00edn para cada una de las corridas de toros. Estar\u00e1n presentes las triunfadoras de las \u00faltimas ferias como Santiago Domecq, a la que pertenec\u00eda el \u00faltimo toro indultado en esta plaza en julio de 2024; La Quinta, triunfadora de las Fallas el a\u00f1o pasado; y Jandilla, la mejor de las Fallas en 2024.<\/p>\n\n\n\n<p>A ellas hay que sumar hierros con un gran palmar\u00e9s en Valencia, como Victoriano del R\u00edo, Domingo Hern\u00e1ndez y N\u00fa\u00f1ez del Cuvillo.<\/p>\n","protected":false},"excerpt":{"rendered":"<div class=\"mh-excerpt\">La corporaci\u00f3n provincial y Nautalia hacen oficiales los carteles de la feria taurina que se celebrar\u00e1 del 8 al 19 de marzo en la renovada Plaza de Toros de Valencia, y que consta de seis <a class=\"mh-excerpt-more\" href=\"https:\/\/www.tucomarca.com\/wordpress\/segunda\/la-diputacio-presenta-una-feria-taurina-de-fallas-con-presencia-equilibrada-de-figuras-consagradas-y-jovenes-figuras\/\" title=\"La Diputaci\u00f3 presenta una Feria taurina de Fallas con presencia equilibrada de figuras consagradas y j\u00f3venes figuras\">[+] <\/a><\/div>\n","protected":false},"author":12,"featured_media":290193,"comment_status":"open","ping_status":"open","sticky":false,"template":"","format":"gallery","meta":{"footnotes":""},"categories":[72,7,3,45],"tags":[3677,23711,23712],"class_list":{"0":"post-290188","1":"post","2":"type-post","3":"status-publish","4":"format-gallery","5":"has-post-thumbnail","7":"category-sin-categorizar","8":"category-ocio-y-cultura","9":"category-seccion","10":"category-ventana","11":"tag-diputacio-de-valencia","12":"tag-feria-de-fallas","13":"tag-feria-taurina","14":"post_format-post-format-gallery"},"_links":{"self":[{"href":"https:\/\/www.tucomarca.com\/wordpress\/segunda\/wp-json\/wp\/v2\/posts\/290188","targetHints":{"allow":["GET"]}}],"collection":[{"href":"https:\/\/www.tucomarca.com\/wordpress\/segunda\/wp-json\/wp\/v2\/posts"}],"about":[{"href":"https:\/\/www.tucomarca.com\/wordpress\/segunda\/wp-json\/wp\/v2\/types\/post"}],"author":[{"embeddable":true,"href":"https:\/\/www.tucomarca.com\/wordpress\/segunda\/wp-json\/wp\/v2\/users\/12"}],"replies":[{"embeddable":true,"href":"https:\/\/www.tucomarca.com\/wordpress\/segunda\/wp-json\/wp\/v2\/comments?post=290188"}],"version-history":[{"count":0,"href":"https:\/\/www.tucomarca.com\/wordpress\/segunda\/wp-json\/wp\/v2\/posts\/290188\/revisions"}],"wp:featuredmedia":[{"embeddable":true,"href":"https:\/\/www.tucomarca.com\/wordpress\/segunda\/wp-json\/wp\/v2\/media\/290193"}],"wp:attachment":[{"href":"https:\/\/www.tucomarca.com\/wordpress\/segunda\/wp-json\/wp\/v2\/media?parent=290188"}],"wp:term":[{"taxonomy":"category","embeddable":true,"href":"https:\/\/www.tucomarca.com\/wordpress\/segunda\/wp-json\/wp\/v2\/categories?post=290188"},{"taxonomy":"post_tag","embeddable":true,"href":"https:\/\/www.tucomarca.com\/wordpress\/segunda\/wp-json\/wp\/v2\/tags?post=290188"}],"curies":[{"name":"wp","href":"https:\/\/api.w.org\/{rel}","templated":true}]}}