{"id":290205,"date":"2026-01-14T17:15:00","date_gmt":"2026-01-14T16:15:00","guid":{"rendered":"https:\/\/www.tucomarca.com\/wordpress\/segunda\/?p=290205"},"modified":"2026-01-14T21:21:29","modified_gmt":"2026-01-14T20:21:29","slug":"la-diputacio-interviene-en-sot-de-chera-para-prevenir-desprendimientos-y-proteger-viviendas","status":"publish","type":"post","link":"https:\/\/www.tucomarca.com\/wordpress\/segunda\/la-diputacio-interviene-en-sot-de-chera-para-prevenir-desprendimientos-y-proteger-viviendas\/","title":{"rendered":"La Diputaci\u00f3 interviene en Sot de Chera para prevenir desprendimientos y proteger viviendas"},"content":{"rendered":"\n<h3 class=\"wp-block-heading\">El \u00e1rea provincial de Medio Ambiente que dirige Avelino Mascarell interviene en una roca sobre el camino de Cubillas y un talud junto a la calle Joaqu\u00edn Licer.<\/h3>\n\n\n\n<p>La Diputaci\u00f3 de Val\u00e8ncia, a trav\u00e9s de la secci\u00f3n de Riesgos Geol\u00f3gicos y Espacios Degradados del Servicio de Medio Ambiente, est\u00e1 ejecutando una actuaci\u00f3n destinada a reducir riesgos geol\u00f3gicos en Sot de Chera, con el objetivo de mejorar la seguridad de las personas y proteger tanto las infraestructuras viarias como las viviendas situadas en zonas sensibles.<\/p>\n\n\n\n<p>La intervenci\u00f3n contempla dos actuaciones diferenciadas que dan respuesta a problemas de inestabilidad detectados en distintos puntos del t\u00e9rmino municipal. Por un lado, se est\u00e1 actuando sobre una roca fracturada y en voladizo situada sobre el camino de Cubillas, que presenta riesgo de desprendimiento. Para evitar su ca\u00edda, los trabajos consisten en la consolidaci\u00f3n de la roca mediante la ejecuci\u00f3n de un muro de hormig\u00f3n armado de 40 cent\u00edmetros de espesor, que servir\u00e1 como apoyo estructural y garantizar\u00e1 su estabilidad.<\/p>\n\n\n\n<p>La segunda actuaci\u00f3n se est\u00e1 llevando a cabo en un talud situado junto a la calle Joaqu\u00edn Licer, donde se producen de manera recurrente desprendimientos de piedras que caen tanto sobre la calzada como sobre las viviendas colindantes, generando una situaci\u00f3n de riesgo para las personas y sus propiedades. En este caso, la obra para reducir los riesgos geol\u00f3gicos consiste en la instalaci\u00f3n, mediante t\u00e9cnicas de alpinismo, de una malla de triple torsi\u00f3n que cubre una superficie aproximada de 900 metros cuadrados. Esta malla se ancla al terreno mediante picas de acero corrugado y se refuerza con cable de acero galvanizado tanto en la coronaci\u00f3n como en la base del talud, con el fin de contener posibles desprendimientos.<\/p>\n\n\n\n<p>El diputado de Medio Ambiente, Avelino Mascarell, ha anunciado que \u00ablas obras est\u00e1n pr\u00e1cticamente finalizadas\u00bb y destaca que \u201cestas actuaciones permiten anticiparse a posibles situaciones de riesgo y actuar antes de que se produzcan da\u00f1os personales o materiales, especialmente en municipios con una orograf\u00eda compleja como Sot de Chera\u201d. Mascarell ha subrayado adem\u00e1s que \u201cla prevenci\u00f3n y la reducci\u00f3n de riesgos geol\u00f3gicos forman parte de la estrategia de la Diputaci\u00f3 para garantizar la seguridad de la ciudadan\u00eda y preservar el entorno, actuando all\u00ed donde los informes t\u00e9cnicos detectan situaciones de inestabilidad\u201d.<\/p>\n\n\n\n<p>El presupuesto total de estas actuaciones supera los 27.000 euros, y se enmarca en la l\u00ednea de trabajos que desarrolla la Diputaci\u00f3 de Val\u00e8ncia para prevenir riesgos geol\u00f3gicos y mejorar la seguridad en municipios de la provincia, especialmente en entornos con condicionantes geogr\u00e1ficos complejos.<\/p>\n","protected":false},"excerpt":{"rendered":"<div class=\"mh-excerpt\">El \u00e1rea provincial de Medio Ambiente que dirige Avelino Mascarell interviene en una roca sobre el camino de Cubillas y un talud junto a la calle Joaqu\u00edn Licer. La Diputaci\u00f3 de Val\u00e8ncia, a trav\u00e9s de <a class=\"mh-excerpt-more\" href=\"https:\/\/www.tucomarca.com\/wordpress\/segunda\/la-diputacio-interviene-en-sot-de-chera-para-prevenir-desprendimientos-y-proteger-viviendas\/\" title=\"La Diputaci\u00f3 interviene en Sot de Chera para prevenir desprendimientos y proteger viviendas\">[+] <\/a><\/div>\n","protected":false},"author":12,"featured_media":290207,"comment_status":"open","ping_status":"open","sticky":false,"template":"","format":"standard","meta":{"footnotes":""},"categories":[128,8,59,117,142,3,197,116,45],"tags":[3677,3912,10400,23715,10449],"class_list":{"0":"post-290205","1":"post","2":"type-post","3":"status-publish","4":"format-standard","5":"has-post-thumbnail","7":"category-infraestructuras","8":"category-la-comarca","9":"category-los-serranos","10":"category-medio-ambiente-la-comarca","11":"category-politica-la-comarca","12":"category-seccion","13":"category-sot-de-chera","14":"category-sucesos-la-comarca","15":"category-ventana","16":"tag-diputacio-de-valencia","17":"tag-la-serrania","18":"tag-los-serranos","19":"tag-prevencion-de-desprendimientos","20":"tag-sot-de-chera"},"_links":{"self":[{"href":"https:\/\/www.tucomarca.com\/wordpress\/segunda\/wp-json\/wp\/v2\/posts\/290205","targetHints":{"allow":["GET"]}}],"collection":[{"href":"https:\/\/www.tucomarca.com\/wordpress\/segunda\/wp-json\/wp\/v2\/posts"}],"about":[{"href":"https:\/\/www.tucomarca.com\/wordpress\/segunda\/wp-json\/wp\/v2\/types\/post"}],"author":[{"embeddable":true,"href":"https:\/\/www.tucomarca.com\/wordpress\/segunda\/wp-json\/wp\/v2\/users\/12"}],"replies":[{"embeddable":true,"href":"https:\/\/www.tucomarca.com\/wordpress\/segunda\/wp-json\/wp\/v2\/comments?post=290205"}],"version-history":[{"count":0,"href":"https:\/\/www.tucomarca.com\/wordpress\/segunda\/wp-json\/wp\/v2\/posts\/290205\/revisions"}],"wp:featuredmedia":[{"embeddable":true,"href":"https:\/\/www.tucomarca.com\/wordpress\/segunda\/wp-json\/wp\/v2\/media\/290207"}],"wp:attachment":[{"href":"https:\/\/www.tucomarca.com\/wordpress\/segunda\/wp-json\/wp\/v2\/media?parent=290205"}],"wp:term":[{"taxonomy":"category","embeddable":true,"href":"https:\/\/www.tucomarca.com\/wordpress\/segunda\/wp-json\/wp\/v2\/categories?post=290205"},{"taxonomy":"post_tag","embeddable":true,"href":"https:\/\/www.tucomarca.com\/wordpress\/segunda\/wp-json\/wp\/v2\/tags?post=290205"}],"curies":[{"name":"wp","href":"https:\/\/api.w.org\/{rel}","templated":true}]}}