{"id":290255,"date":"2026-01-15T09:30:00","date_gmt":"2026-01-15T08:30:00","guid":{"rendered":"https:\/\/www.tucomarca.com\/wordpress\/segunda\/?p=290255"},"modified":"2026-01-15T21:18:12","modified_gmt":"2026-01-15T20:18:12","slug":"el-oro-acoge-la-presentacion-del-libro-la-casa-azul-de-margarita-arenas","status":"publish","type":"post","link":"https:\/\/www.tucomarca.com\/wordpress\/segunda\/el-oro-acoge-la-presentacion-del-libro-la-casa-azul-de-margarita-arenas\/","title":{"rendered":"El Oro acoge la presentaci\u00f3n del libro &#8216;La casa azul&#8217;, de Margarita Arenas"},"content":{"rendered":"\n<p>El Centro Social de El Oro ser\u00e1 el escenario, el pr\u00f3ximo <strong>s\u00e1bado 24 de enero a las 17:00 horas<\/strong>, de la presentaci\u00f3n del libro <em>La casa azul<\/em>, de la autora <strong>Margarita Arenas<\/strong>, publicado por Loto Azul Editorial.<\/p>\n\n\n<div class=\"wp-block-image\">\n<figure class=\"alignleft size-large is-resized\"><img loading=\"lazy\" decoding=\"async\" width=\"641\" height=\"1024\" src=\"https:\/\/www.tucomarca.com\/wordpress\/segunda\/wp-content\/uploads\/2026\/01\/LacasaazulElOro-641x1024.jpg\" alt=\"\" class=\"wp-image-290260\" style=\"width:274px;height:auto\" srcset=\"https:\/\/www.tucomarca.com\/wordpress\/segunda\/wp-content\/uploads\/2026\/01\/LacasaazulElOro-641x1024.jpg 641w, https:\/\/www.tucomarca.com\/wordpress\/segunda\/wp-content\/uploads\/2026\/01\/LacasaazulElOro-188x300.jpg 188w, https:\/\/www.tucomarca.com\/wordpress\/segunda\/wp-content\/uploads\/2026\/01\/LacasaazulElOro-768x1228.jpg 768w, https:\/\/www.tucomarca.com\/wordpress\/segunda\/wp-content\/uploads\/2026\/01\/LacasaazulElOro-961x1536.jpg 961w, https:\/\/www.tucomarca.com\/wordpress\/segunda\/wp-content\/uploads\/2026\/01\/LacasaazulElOro.jpg 1001w\" sizes=\"auto, (max-width: 641px) 100vw, 641px\" \/><\/figure>\n<\/div>\n\n\n<p>El acto contar\u00e1 con la participaci\u00f3n de <strong>Mar Ca\u00f1ada<\/strong>, que acompa\u00f1ar\u00e1 a la autora durante la presentaci\u00f3n, en un encuentro abierto al p\u00fablico en el que se dar\u00e1 a conocer la novela y se compartir\u00e1 un espacio de di\u00e1logo con los asistentes.<\/p>\n\n\n\n<p>La cita tendr\u00e1 lugar en el <strong>Centro Social de El Oro<\/strong> y cuenta con la colaboraci\u00f3n del <strong>Ayuntamiento de Cortes de Pall\u00e1s<\/strong>, que respalda esta iniciativa cultural destinada a fomentar la lectura y la actividad literaria en la pedan\u00eda.<\/p>\n\n\n\n<p>La presentaci\u00f3n de <em>La casa azul<\/em> se suma as\u00ed a la programaci\u00f3n cultural local, ofreciendo a vecinos y visitantes la oportunidad de acercarse a la literatura contempor\u00e1nea y conocer de primera mano a su autora.<\/p>\n","protected":false},"excerpt":{"rendered":"<div class=\"mh-excerpt\">El Centro Social de El Oro ser\u00e1 el escenario, el pr\u00f3ximo s\u00e1bado 24 de enero a las 17:00 horas, de la presentaci\u00f3n del libro La casa azul, de la autora Margarita Arenas, publicado por Loto <a class=\"mh-excerpt-more\" href=\"https:\/\/www.tucomarca.com\/wordpress\/segunda\/el-oro-acoge-la-presentacion-del-libro-la-casa-azul-de-margarita-arenas\/\" title=\"El Oro acoge la presentaci\u00f3n del libro &#8216;La casa azul&#8217;, de Margarita Arenas\">[+] <\/a><\/div>\n","protected":false},"author":12,"featured_media":290258,"comment_status":"open","ping_status":"open","sticky":false,"template":"","format":"standard","meta":{"footnotes":""},"categories":[4,38,40,8,7,3],"tags":[10392,3105,10651,23723,23722],"class_list":{"0":"post-290255","1":"post","2":"type-post","3":"status-publish","4":"format-standard","5":"has-post-thumbnail","7":"category-agenda","8":"category-ayora-cofrentes","9":"category-cortes-de-pallas","10":"category-la-comarca","11":"category-ocio-y-cultura","12":"category-seccion","13":"tag-cortes-de-pallas","14":"tag-el-oro","15":"tag-el-valle-de-ayora-cofrentes","16":"tag-la-casa-azul","17":"tag-margarita-arenas"},"_links":{"self":[{"href":"https:\/\/www.tucomarca.com\/wordpress\/segunda\/wp-json\/wp\/v2\/posts\/290255","targetHints":{"allow":["GET"]}}],"collection":[{"href":"https:\/\/www.tucomarca.com\/wordpress\/segunda\/wp-json\/wp\/v2\/posts"}],"about":[{"href":"https:\/\/www.tucomarca.com\/wordpress\/segunda\/wp-json\/wp\/v2\/types\/post"}],"author":[{"embeddable":true,"href":"https:\/\/www.tucomarca.com\/wordpress\/segunda\/wp-json\/wp\/v2\/users\/12"}],"replies":[{"embeddable":true,"href":"https:\/\/www.tucomarca.com\/wordpress\/segunda\/wp-json\/wp\/v2\/comments?post=290255"}],"version-history":[{"count":0,"href":"https:\/\/www.tucomarca.com\/wordpress\/segunda\/wp-json\/wp\/v2\/posts\/290255\/revisions"}],"wp:featuredmedia":[{"embeddable":true,"href":"https:\/\/www.tucomarca.com\/wordpress\/segunda\/wp-json\/wp\/v2\/media\/290258"}],"wp:attachment":[{"href":"https:\/\/www.tucomarca.com\/wordpress\/segunda\/wp-json\/wp\/v2\/media?parent=290255"}],"wp:term":[{"taxonomy":"category","embeddable":true,"href":"https:\/\/www.tucomarca.com\/wordpress\/segunda\/wp-json\/wp\/v2\/categories?post=290255"},{"taxonomy":"post_tag","embeddable":true,"href":"https:\/\/www.tucomarca.com\/wordpress\/segunda\/wp-json\/wp\/v2\/tags?post=290255"}],"curies":[{"name":"wp","href":"https:\/\/api.w.org\/{rel}","templated":true}]}}