{"id":290287,"date":"2026-01-15T09:35:00","date_gmt":"2026-01-15T08:35:00","guid":{"rendered":"https:\/\/www.tucomarca.com\/wordpress\/segunda\/?p=290287"},"modified":"2026-01-15T21:20:24","modified_gmt":"2026-01-15T20:20:24","slug":"siete-aguas-celebra-san-anton-con-concurso-de-hogueras-y-la-bendicion-de-animales","status":"publish","type":"post","link":"https:\/\/www.tucomarca.com\/wordpress\/segunda\/siete-aguas-celebra-san-anton-con-concurso-de-hogueras-y-la-bendicion-de-animales\/","title":{"rendered":"Siete Aguas celebra San Ant\u00f3n con concurso de hogueras y la bendici\u00f3n de animales"},"content":{"rendered":"\n<p>El municipio de Siete Aguas celebrar\u00e1 este fin de semana la festividad de San Ant\u00f3n con una programaci\u00f3n que combina tradici\u00f3n, participaci\u00f3n vecinal y actos populares, teniendo como protagonistas las hogueras y la bendici\u00f3n de animales.<\/p>\n\n\n\n<p>Uno de los actos centrales ser\u00e1 el Concurso de Hogueras, en el que podr\u00e1n participar las personas interesadas previa inscripci\u00f3n en las oficinas del Ayuntamiento hasta el 16 de enero. La noche festiva continuar\u00e1 el s\u00e1bado con la entrega de premios del concurso a las 23,00 horas, seguida, a las 00.00 horas, del encendido de la Hoguera Municipal, que reunir\u00e1 a vecinos y visitantes alrededor del fuego.<\/p>\n\n\n\n<p>La celebraci\u00f3n se completar\u00e1 el domingo 18 de enero con el Concurso y Bendici\u00f3n de Animales, una de las tradiciones m\u00e1s arraigadas de San Ant\u00f3n. El acto tendr\u00e1 lugar a partir de las 11,45 horas en la Plaza de la Constituci\u00f3n, donde se espera la participaci\u00f3n de numerosos animales y sus propietarios.<\/p>\n\n\n\n<p>Con esta programaci\u00f3n, Siete Aguas mantiene viva una de sus fiestas m\u00e1s emblem\u00e1ticas, reforzando el car\u00e1cter popular y festivo de San Ant\u00f3n y fomentando la convivencia entre vecinos y visitantes.<\/p>\n","protected":false},"excerpt":{"rendered":"<div class=\"mh-excerpt\">El municipio de Siete Aguas celebrar\u00e1 este fin de semana la festividad de San Ant\u00f3n con una programaci\u00f3n que combina tradici\u00f3n, participaci\u00f3n vecinal y actos populares, teniendo como protagonistas las hogueras y la bendici\u00f3n de <a class=\"mh-excerpt-more\" href=\"https:\/\/www.tucomarca.com\/wordpress\/segunda\/siete-aguas-celebra-san-anton-con-concurso-de-hogueras-y-la-bendicion-de-animales\/\" title=\"Siete Aguas celebra San Ant\u00f3n con concurso de hogueras y la bendici\u00f3n de animales\">[+] <\/a><\/div>\n","protected":false},"author":12,"featured_media":290290,"comment_status":"open","ping_status":"open","sticky":false,"template":"","format":"standard","meta":{"footnotes":""},"categories":[4,8,10,7,3,12],"tags":[5952,23663,10381],"class_list":{"0":"post-290287","1":"post","2":"type-post","3":"status-publish","4":"format-standard","5":"has-post-thumbnail","7":"category-agenda","8":"category-la-comarca","9":"category-la-hoya","10":"category-ocio-y-cultura","11":"category-seccion","12":"category-siete-aguas","13":"tag-la-hoya-de-bunol-chiva","14":"tag-san-anton-2026","15":"tag-siete-aguas"},"_links":{"self":[{"href":"https:\/\/www.tucomarca.com\/wordpress\/segunda\/wp-json\/wp\/v2\/posts\/290287","targetHints":{"allow":["GET"]}}],"collection":[{"href":"https:\/\/www.tucomarca.com\/wordpress\/segunda\/wp-json\/wp\/v2\/posts"}],"about":[{"href":"https:\/\/www.tucomarca.com\/wordpress\/segunda\/wp-json\/wp\/v2\/types\/post"}],"author":[{"embeddable":true,"href":"https:\/\/www.tucomarca.com\/wordpress\/segunda\/wp-json\/wp\/v2\/users\/12"}],"replies":[{"embeddable":true,"href":"https:\/\/www.tucomarca.com\/wordpress\/segunda\/wp-json\/wp\/v2\/comments?post=290287"}],"version-history":[{"count":0,"href":"https:\/\/www.tucomarca.com\/wordpress\/segunda\/wp-json\/wp\/v2\/posts\/290287\/revisions"}],"wp:featuredmedia":[{"embeddable":true,"href":"https:\/\/www.tucomarca.com\/wordpress\/segunda\/wp-json\/wp\/v2\/media\/290290"}],"wp:attachment":[{"href":"https:\/\/www.tucomarca.com\/wordpress\/segunda\/wp-json\/wp\/v2\/media?parent=290287"}],"wp:term":[{"taxonomy":"category","embeddable":true,"href":"https:\/\/www.tucomarca.com\/wordpress\/segunda\/wp-json\/wp\/v2\/categories?post=290287"},{"taxonomy":"post_tag","embeddable":true,"href":"https:\/\/www.tucomarca.com\/wordpress\/segunda\/wp-json\/wp\/v2\/tags?post=290287"}],"curies":[{"name":"wp","href":"https:\/\/api.w.org\/{rel}","templated":true}]}}