{"id":2903,"date":"2012-06-04T10:07:26","date_gmt":"2012-06-04T08:07:26","guid":{"rendered":"http:\/\/www.tucomarca.com\/wordpress\/segunda\/?p=2903"},"modified":"2012-06-04T10:08:28","modified_gmt":"2012-06-04T08:08:28","slug":"el-cd-utiel-se-jugara-con-el-alqueries-una-plaza-en-3%c2%aa-division","status":"publish","type":"post","link":"https:\/\/www.tucomarca.com\/wordpress\/segunda\/el-cd-utiel-se-jugara-con-el-alqueries-una-plaza-en-3%c2%aa-division\/","title":{"rendered":"El CD Utiel se jugar\u00e1 con el Alquer\u00edes una plaza en 3\u00aa Divisi\u00f3n"},"content":{"rendered":"<figure id=\"attachment_2904\" aria-describedby=\"caption-attachment-2904\" style=\"width: 300px\" class=\"wp-caption alignleft\"><a rel=\"attachment wp-att-2904\" href=\"https:\/\/www.tucomarca.com\/wordpress\/segunda\/?attachment_id=2904\"><img loading=\"lazy\" decoding=\"async\" class=\"size-full wp-image-2904\" src=\"https:\/\/www.tucomarca.com\/wordpress\/segunda\/wp-content\/uploads\/2012\/06\/fotoprincipal.png\" alt=\"El CD Utiel volvi\u00f3 a ganar. tc.c\" width=\"300\" height=\"225\" \/><\/a><figcaption id=\"caption-attachment-2904\" class=\"wp-caption-text\">El CD Utiel volvi\u00f3 a ganar. tc.c<\/figcaption><\/figure>\n<p>El CD Utiel tuvo que emplearse a fondo para doblegar al San Pedro en la primera eliminatoria de ascenso a 3\u00aa Divisi\u00f3n. Los rojillos, que tra\u00edan una c\u00f3moda ventaja del partido de ida (0-2) se impusieron por 2 goles a 1 en un choque en el que sobresali\u00f3 la figura de V\u00edctor Cardona, autor de los dos goles utielanos. El\u00a0 primero\u00a0 de ellos en el ecuador del primer tiempo, mientras que el segundo lo marc\u00f3 en el arranque del segundo acto, dejando la eliminatoria vista para sentencia.<\/p>\n<p>El tanto del San Pedro qued\u00f3 finalmente como mera an\u00e9cdota en una eliminatoria en la que los utielanos han sido muy superiores. Ahora toca pensar en el Alquer\u00edes, un rival que ha eliminado de forma contundente al Torre Levante Orriols, equipo que tambi\u00e9n ha militado en el grupo II de Regional Preferente.<\/p>\n<p>&nbsp;<\/p>\n","protected":false},"excerpt":{"rendered":"<div class=\"mh-excerpt\">El CD Utiel tuvo que emplearse a fondo para doblegar al San Pedro en la primera eliminatoria de ascenso a 3\u00aa Divisi\u00f3n. Los rojillos, que tra\u00edan una c\u00f3moda ventaja del partido de ida (0-2) se <a class=\"mh-excerpt-more\" href=\"https:\/\/www.tucomarca.com\/wordpress\/segunda\/el-cd-utiel-se-jugara-con-el-alqueries-una-plaza-en-3%c2%aa-division\/\" title=\"El CD Utiel se jugar\u00e1 con el Alquer\u00edes una plaza en 3\u00aa Divisi\u00f3n\">[+] <\/a><\/div>\n","protected":false},"author":2,"featured_media":0,"comment_status":"open","ping_status":"open","sticky":false,"template":"","format":"standard","meta":{"footnotes":""},"categories":[50,6,27,3,29],"tags":[271],"class_list":{"0":"post-2903","1":"post","2":"type-post","3":"status-publish","4":"format-standard","6":"category-futbol-deportes","7":"category-deportes","8":"category-requena-utiel","9":"category-seccion","10":"category-utiel","11":"tag-ascenso"},"_links":{"self":[{"href":"https:\/\/www.tucomarca.com\/wordpress\/segunda\/wp-json\/wp\/v2\/posts\/2903","targetHints":{"allow":["GET"]}}],"collection":[{"href":"https:\/\/www.tucomarca.com\/wordpress\/segunda\/wp-json\/wp\/v2\/posts"}],"about":[{"href":"https:\/\/www.tucomarca.com\/wordpress\/segunda\/wp-json\/wp\/v2\/types\/post"}],"author":[{"embeddable":true,"href":"https:\/\/www.tucomarca.com\/wordpress\/segunda\/wp-json\/wp\/v2\/users\/2"}],"replies":[{"embeddable":true,"href":"https:\/\/www.tucomarca.com\/wordpress\/segunda\/wp-json\/wp\/v2\/comments?post=2903"}],"version-history":[{"count":0,"href":"https:\/\/www.tucomarca.com\/wordpress\/segunda\/wp-json\/wp\/v2\/posts\/2903\/revisions"}],"wp:attachment":[{"href":"https:\/\/www.tucomarca.com\/wordpress\/segunda\/wp-json\/wp\/v2\/media?parent=2903"}],"wp:term":[{"taxonomy":"category","embeddable":true,"href":"https:\/\/www.tucomarca.com\/wordpress\/segunda\/wp-json\/wp\/v2\/categories?post=2903"},{"taxonomy":"post_tag","embeddable":true,"href":"https:\/\/www.tucomarca.com\/wordpress\/segunda\/wp-json\/wp\/v2\/tags?post=2903"}],"curies":[{"name":"wp","href":"https:\/\/api.w.org\/{rel}","templated":true}]}}