{"id":290310,"date":"2026-01-15T09:20:00","date_gmt":"2026-01-15T08:20:00","guid":{"rendered":"https:\/\/www.tucomarca.com\/wordpress\/segunda\/?p=290310"},"modified":"2026-01-15T21:13:15","modified_gmt":"2026-01-15T20:13:15","slug":"cheste-celebra-este-fin-de-semana-la-tradicional-fiesta-de-san-anton","status":"publish","type":"post","link":"https:\/\/www.tucomarca.com\/wordpress\/segunda\/cheste-celebra-este-fin-de-semana-la-tradicional-fiesta-de-san-anton\/","title":{"rendered":"Cheste celebra este fin de semana la tradicional Fiesta de San Ant\u00f3n"},"content":{"rendered":"\n<p>El municipio de <strong>Cheste<\/strong> celebrar\u00e1 este <strong>domingo 18 de enero<\/strong> la <strong>Fiesta de San Ant\u00f3n<\/strong>, una de las tradiciones m\u00e1s arraigadas vinculadas al mundo animal y rural, que tendr\u00e1 lugar en la <strong>Plaza de la Ermita<\/strong>.<\/p>\n\n\n\n<p>El acto central de la jornada ser\u00e1 la bendici\u00f3n de animales, prevista para las <strong>12:30 horas<\/strong>, a la que est\u00e1n invitadas todas las vecinas y vecinos a acudir con sus mascotas para participar en esta cita tan especial. La celebraci\u00f3n se completar\u00e1 con exhibiciones de ganado y actividades ecuestres, que aportar\u00e1n un marcado car\u00e1cter tradicional y festivo a la ma\u00f1ana.<\/p>\n\n\n\n<p>Adem\u00e1s, las personas asistentes podr\u00e1n disfrutar del panecillo de San Blas, golosinas para los animales y un peque\u00f1o obsequio como recuerdo de la jornada.<\/p>\n\n\n\n<p>Con esta programaci\u00f3n, Cheste ofrece una ma\u00f1ana pensada para el disfrute en comunidad, el respeto y el cari\u00f1o hacia los animales, manteniendo viva una tradici\u00f3n que forma parte de la identidad del municipio.<\/p>\n","protected":false},"excerpt":{"rendered":"<div class=\"mh-excerpt\">El municipio de Cheste celebrar\u00e1 este domingo 18 de enero la Fiesta de San Ant\u00f3n, una de las tradiciones m\u00e1s arraigadas vinculadas al mundo animal y rural, que tendr\u00e1 lugar en la Plaza de la <a class=\"mh-excerpt-more\" href=\"https:\/\/www.tucomarca.com\/wordpress\/segunda\/cheste-celebra-este-fin-de-semana-la-tradicional-fiesta-de-san-anton\/\" title=\"Cheste celebra este fin de semana la tradicional Fiesta de San Ant\u00f3n\">[+] <\/a><\/div>\n","protected":false},"author":12,"featured_media":290312,"comment_status":"open","ping_status":"open","sticky":false,"template":"","format":"standard","meta":{"footnotes":""},"categories":[4,17,8,10,7,3],"tags":[339,5952,23663],"class_list":{"0":"post-290310","1":"post","2":"type-post","3":"status-publish","4":"format-standard","5":"has-post-thumbnail","7":"category-agenda","8":"category-cheste","9":"category-la-comarca","10":"category-la-hoya","11":"category-ocio-y-cultura","12":"category-seccion","13":"tag-cheste-2","14":"tag-la-hoya-de-bunol-chiva","15":"tag-san-anton-2026"},"_links":{"self":[{"href":"https:\/\/www.tucomarca.com\/wordpress\/segunda\/wp-json\/wp\/v2\/posts\/290310","targetHints":{"allow":["GET"]}}],"collection":[{"href":"https:\/\/www.tucomarca.com\/wordpress\/segunda\/wp-json\/wp\/v2\/posts"}],"about":[{"href":"https:\/\/www.tucomarca.com\/wordpress\/segunda\/wp-json\/wp\/v2\/types\/post"}],"author":[{"embeddable":true,"href":"https:\/\/www.tucomarca.com\/wordpress\/segunda\/wp-json\/wp\/v2\/users\/12"}],"replies":[{"embeddable":true,"href":"https:\/\/www.tucomarca.com\/wordpress\/segunda\/wp-json\/wp\/v2\/comments?post=290310"}],"version-history":[{"count":0,"href":"https:\/\/www.tucomarca.com\/wordpress\/segunda\/wp-json\/wp\/v2\/posts\/290310\/revisions"}],"wp:featuredmedia":[{"embeddable":true,"href":"https:\/\/www.tucomarca.com\/wordpress\/segunda\/wp-json\/wp\/v2\/media\/290312"}],"wp:attachment":[{"href":"https:\/\/www.tucomarca.com\/wordpress\/segunda\/wp-json\/wp\/v2\/media?parent=290310"}],"wp:term":[{"taxonomy":"category","embeddable":true,"href":"https:\/\/www.tucomarca.com\/wordpress\/segunda\/wp-json\/wp\/v2\/categories?post=290310"},{"taxonomy":"post_tag","embeddable":true,"href":"https:\/\/www.tucomarca.com\/wordpress\/segunda\/wp-json\/wp\/v2\/tags?post=290310"}],"curies":[{"name":"wp","href":"https:\/\/api.w.org\/{rel}","templated":true}]}}