{"id":290318,"date":"2026-01-15T09:15:00","date_gmt":"2026-01-15T08:15:00","guid":{"rendered":"https:\/\/www.tucomarca.com\/wordpress\/segunda\/?p=290318"},"modified":"2026-01-15T21:09:03","modified_gmt":"2026-01-15T20:09:03","slug":"la-biblioteca-municipal-de-bunol-acoge-este-viernes-el-concierto-presentacion-de-la-ultima-obra-de-francisco-ruiz","status":"publish","type":"post","link":"https:\/\/www.tucomarca.com\/wordpress\/segunda\/la-biblioteca-municipal-de-bunol-acoge-este-viernes-el-concierto-presentacion-de-la-ultima-obra-de-francisco-ruiz\/","title":{"rendered":"La biblioteca municipal de Bu\u00f1ol acoge este viernes el concierto-presentaci\u00f3n de la \u00faltima obra de Francisco Ruiz"},"content":{"rendered":"\n<p>La <strong>Biblioteca Municipal de Bu\u00f1ol<\/strong> ser\u00e1 escenario este <strong>viernes, 16 de enero<\/strong>, de un <strong>concierto-recital<\/strong> con motivo de la presentaci\u00f3n de la \u00faltima obra literaria de <strong>Francisco Ruiz<\/strong>.<\/p>\n\n\n<div class=\"wp-block-image\">\n<figure class=\"alignleft size-large is-resized\"><img loading=\"lazy\" decoding=\"async\" width=\"819\" height=\"1024\" src=\"https:\/\/www.tucomarca.com\/wordpress\/segunda\/wp-content\/uploads\/2026\/01\/LibroFrancis-819x1024.jpg\" alt=\"\" class=\"wp-image-290320\" style=\"width:423px;height:auto\" srcset=\"https:\/\/www.tucomarca.com\/wordpress\/segunda\/wp-content\/uploads\/2026\/01\/LibroFrancis-819x1024.jpg 819w, https:\/\/www.tucomarca.com\/wordpress\/segunda\/wp-content\/uploads\/2026\/01\/LibroFrancis-240x300.jpg 240w, https:\/\/www.tucomarca.com\/wordpress\/segunda\/wp-content\/uploads\/2026\/01\/LibroFrancis-768x960.jpg 768w, https:\/\/www.tucomarca.com\/wordpress\/segunda\/wp-content\/uploads\/2026\/01\/LibroFrancis.jpg 1080w\" sizes=\"auto, (max-width: 819px) 100vw, 819px\" \/><\/figure>\n<\/div>\n\n\n<p>El acto combinar\u00e1 literatura y m\u00fasica en una propuesta art\u00edstica singular que incluir\u00e1 un <strong>concierto de percusi\u00f3n a cargo de Rafael Ferr\u00fas<\/strong>, acompa\u00f1ado por la <strong>voz y los textos del propio Francisco Ruiz<\/strong>. La parte musical contar\u00e1 adem\u00e1s con composiciones de <strong>Manuel Carrascosa<\/strong>, creadas expresamente en di\u00e1logo con el contenido del libro <strong><em>Camino de Burdeos<\/em><\/strong>.<\/p>\n\n\n\n<p>Esta cita cultural ofrecer\u00e1 al p\u00fablico una experiencia sensorial en la que palabra y m\u00fasica se entrelazan, convirti\u00e9ndose en una oportunidad para descubrir la nueva obra del autor en un formato original y cercano.<\/p>\n","protected":false},"excerpt":{"rendered":"<div class=\"mh-excerpt\">La Biblioteca Municipal de Bu\u00f1ol ser\u00e1 escenario este viernes, 16 de enero, de un concierto-recital con motivo de la presentaci\u00f3n de la \u00faltima obra literaria de Francisco Ruiz. El acto combinar\u00e1 literatura y m\u00fasica en <a class=\"mh-excerpt-more\" href=\"https:\/\/www.tucomarca.com\/wordpress\/segunda\/la-biblioteca-municipal-de-bunol-acoge-este-viernes-el-concierto-presentacion-de-la-ultima-obra-de-francisco-ruiz\/\" title=\"La biblioteca municipal de Bu\u00f1ol acoge este viernes el concierto-presentaci\u00f3n de la \u00faltima obra de Francisco Ruiz\">[+] <\/a><\/div>\n","protected":false},"author":12,"featured_media":290323,"comment_status":"open","ping_status":"open","sticky":false,"template":"","format":"standard","meta":{"footnotes":""},"categories":[4,18,8,10,7,3],"tags":[10595,10385,23733,23732,5952],"class_list":{"0":"post-290318","1":"post","2":"type-post","3":"status-publish","4":"format-standard","5":"has-post-thumbnail","7":"category-agenda","8":"category-bunol","9":"category-la-comarca","10":"category-la-hoya","11":"category-ocio-y-cultura","12":"category-seccion","13":"tag-biblioteca-municipal-de-bunol","14":"tag-bunol","15":"tag-camino-de-burdeos","16":"tag-francisco-ruiz","17":"tag-la-hoya-de-bunol-chiva"},"_links":{"self":[{"href":"https:\/\/www.tucomarca.com\/wordpress\/segunda\/wp-json\/wp\/v2\/posts\/290318","targetHints":{"allow":["GET"]}}],"collection":[{"href":"https:\/\/www.tucomarca.com\/wordpress\/segunda\/wp-json\/wp\/v2\/posts"}],"about":[{"href":"https:\/\/www.tucomarca.com\/wordpress\/segunda\/wp-json\/wp\/v2\/types\/post"}],"author":[{"embeddable":true,"href":"https:\/\/www.tucomarca.com\/wordpress\/segunda\/wp-json\/wp\/v2\/users\/12"}],"replies":[{"embeddable":true,"href":"https:\/\/www.tucomarca.com\/wordpress\/segunda\/wp-json\/wp\/v2\/comments?post=290318"}],"version-history":[{"count":0,"href":"https:\/\/www.tucomarca.com\/wordpress\/segunda\/wp-json\/wp\/v2\/posts\/290318\/revisions"}],"wp:featuredmedia":[{"embeddable":true,"href":"https:\/\/www.tucomarca.com\/wordpress\/segunda\/wp-json\/wp\/v2\/media\/290323"}],"wp:attachment":[{"href":"https:\/\/www.tucomarca.com\/wordpress\/segunda\/wp-json\/wp\/v2\/media?parent=290318"}],"wp:term":[{"taxonomy":"category","embeddable":true,"href":"https:\/\/www.tucomarca.com\/wordpress\/segunda\/wp-json\/wp\/v2\/categories?post=290318"},{"taxonomy":"post_tag","embeddable":true,"href":"https:\/\/www.tucomarca.com\/wordpress\/segunda\/wp-json\/wp\/v2\/tags?post=290318"}],"curies":[{"name":"wp","href":"https:\/\/api.w.org\/{rel}","templated":true}]}}