{"id":290540,"date":"2026-01-19T12:00:00","date_gmt":"2026-01-19T11:00:00","guid":{"rendered":"https:\/\/www.tucomarca.com\/wordpress\/segunda\/?p=290540"},"modified":"2026-01-19T12:54:17","modified_gmt":"2026-01-19T11:54:17","slug":"juanfran-perez-llorca-preside-un-minuto-de-silencio-en-memoria-de-las-victimas-del-accidente-ferroviario-de-adamuz","status":"publish","type":"post","link":"https:\/\/www.tucomarca.com\/wordpress\/segunda\/juanfran-perez-llorca-preside-un-minuto-de-silencio-en-memoria-de-las-victimas-del-accidente-ferroviario-de-adamuz\/","title":{"rendered":"Juanfran P\u00e9rez Llorca preside un minuto de silencio en memoria de las v\u00edctimas del accidente ferroviario de Adamuz"},"content":{"rendered":"\n<p>El president de la Generalitat Valenciana, Juanfran P\u00e9rez Llorca, ha presidido un minuto de silencio en memoria de las v\u00edctimas del accidente ferroviario ocurrido en la localidad de Adamuz en la provincia de C\u00f3rdoba.<\/p>\n","protected":false},"excerpt":{"rendered":"<div class=\"mh-excerpt\">El president de la Generalitat Valenciana, Juanfran P\u00e9rez Llorca, ha presidido un minuto de silencio en memoria de las v\u00edctimas del accidente ferroviario ocurrido en la localidad de Adamuz en la provincia de C\u00f3rdoba.<\/div>\n","protected":false},"author":1,"featured_media":290547,"comment_status":"open","ping_status":"open","sticky":false,"template":"","format":"standard","meta":{"footnotes":""},"categories":[128,8,72,142,3,116,45],"tags":[264,23755,3329,23754,23756,23465,2142,1052,594],"class_list":{"0":"post-290540","1":"post","2":"type-post","3":"status-publish","4":"format-standard","5":"has-post-thumbnail","7":"category-infraestructuras","8":"category-la-comarca","9":"category-sin-categorizar","10":"category-politica-la-comarca","11":"category-seccion","12":"category-sucesos-la-comarca","13":"category-ventana","14":"tag-accidente","15":"tag-adamuz","16":"tag-adif","17":"tag-alvia","18":"tag-ferroviario","19":"tag-juanfran-perez-llorca","20":"tag-la-comunitat","21":"tag-renfe","22":"tag-tren"},"_links":{"self":[{"href":"https:\/\/www.tucomarca.com\/wordpress\/segunda\/wp-json\/wp\/v2\/posts\/290540","targetHints":{"allow":["GET"]}}],"collection":[{"href":"https:\/\/www.tucomarca.com\/wordpress\/segunda\/wp-json\/wp\/v2\/posts"}],"about":[{"href":"https:\/\/www.tucomarca.com\/wordpress\/segunda\/wp-json\/wp\/v2\/types\/post"}],"author":[{"embeddable":true,"href":"https:\/\/www.tucomarca.com\/wordpress\/segunda\/wp-json\/wp\/v2\/users\/1"}],"replies":[{"embeddable":true,"href":"https:\/\/www.tucomarca.com\/wordpress\/segunda\/wp-json\/wp\/v2\/comments?post=290540"}],"version-history":[{"count":0,"href":"https:\/\/www.tucomarca.com\/wordpress\/segunda\/wp-json\/wp\/v2\/posts\/290540\/revisions"}],"wp:featuredmedia":[{"embeddable":true,"href":"https:\/\/www.tucomarca.com\/wordpress\/segunda\/wp-json\/wp\/v2\/media\/290547"}],"wp:attachment":[{"href":"https:\/\/www.tucomarca.com\/wordpress\/segunda\/wp-json\/wp\/v2\/media?parent=290540"}],"wp:term":[{"taxonomy":"category","embeddable":true,"href":"https:\/\/www.tucomarca.com\/wordpress\/segunda\/wp-json\/wp\/v2\/categories?post=290540"},{"taxonomy":"post_tag","embeddable":true,"href":"https:\/\/www.tucomarca.com\/wordpress\/segunda\/wp-json\/wp\/v2\/tags?post=290540"}],"curies":[{"name":"wp","href":"https:\/\/api.w.org\/{rel}","templated":true}]}}