{"id":290767,"date":"2026-01-20T11:00:00","date_gmt":"2026-01-20T10:00:00","guid":{"rendered":"https:\/\/www.tucomarca.com\/wordpress\/segunda\/?p=290767"},"modified":"2026-01-20T18:57:44","modified_gmt":"2026-01-20T17:57:44","slug":"la-diputacio-mejora-dos-caminos-de-castielfabib-que-refuerzan-la-conexion-con-vallanca-y-la-serrania-baja-de-cuenca","status":"publish","type":"post","link":"https:\/\/www.tucomarca.com\/wordpress\/segunda\/la-diputacio-mejora-dos-caminos-de-castielfabib-que-refuerzan-la-conexion-con-vallanca-y-la-serrania-baja-de-cuenca\/","title":{"rendered":"La Diputaci\u00f3 mejora dos caminos de Castielfabib que refuerzan la conexi\u00f3n con Vallanca y la Serran\u00eda Baja de Cuenca"},"content":{"rendered":"\n<h3 class=\"wp-block-heading\">El \u00e1rea de Carreteras que dirige la vicepresidenta segunda Reme Mazzolari financia el proyecto que contempla el refuerzo del firme, la mejora del drenaje y la instalaci\u00f3n de se\u00f1ales y de sistemas de contenci\u00f3n.<\/h3>\n\n\n\n<p>La Diputaci\u00f3 de Val\u00e8ncia financiar\u00e1 con 816.000 euros la rehabilitaci\u00f3n de dos caminos rurales situados en el t\u00e9rmino municipal de Castielfabib, con el objetivo de mejorar las condiciones de circulaci\u00f3n y reforzar la conectividad de los municipios, tanto de la comarca del Rinc\u00f3n de Ademuz como de la Serran\u00eda Baja de Cuenca.&nbsp;<\/p>\n\n\n\n<p>Uno de los caminos objeto de actuaci\u00f3n se localiza en las inmediaciones del casco urbano de Castielfabib, con acceso desde la carretera CV-479. En la actualidad, el estado del firme impide la circulaci\u00f3n de turismos, limit\u00e1ndose pr\u00e1cticamente a veh\u00edculos todoterreno. La rehabilitaci\u00f3n de este tramo adquiere especial relevancia como v\u00eda alternativa en caso de incidencias en la CV-479, la \u00fanica carretera de acceso al municipio desde la N-420, que con frecuencia se ve afectada por desprendimientos u otros cortes de tr\u00e1fico.<\/p>\n\n\n\n<p>El alcalde de Castielfabib, Eduardo Aguilar, ha subrayado que esta actuaci\u00f3n \u201cno solo mejora un camino agrario, sino que garantiza una salida de emergencia fundamental para el municipio y para la pedan\u00eda de La Cuesta del Rato, evitando rodeos de m\u00e1s de 30 kil\u00f3metros en caso de corte de la carretera principal\u201d. Aguilar ha destacado adem\u00e1s que esta v\u00eda \u201crefuerza la comunicaci\u00f3n con municipios vecinos de la provincia de Teruel, como El Cuervo o Torm\u00f3n, y mejora de forma directa la seguridad de todo el entorno\u201d.<\/p>\n\n\n\n<p>La segunda intervenci\u00f3n, aunque tambi\u00e9n en t\u00e9rmino de Castielfabib, se centra en un camino forestal que conecta Vallanca con la carretera N-420. El tramo afectado es transitable actualmente, pero gracias a esta intervenci\u00f3n se podr\u00e1 ampliar su anchura y aumentar la durabilidad del firme, mejorando notablemente sus condiciones de uso. Se trata de una v\u00eda con un fuerte valor hist\u00f3rico y funcional, muy utilizada tradicionalmente por los vecinos de Vallanca y que sigue siendo clave tanto para el tr\u00e1nsito cotidiano como para la gesti\u00f3n y protecci\u00f3n del entorno natural.<\/p>\n\n\n\n<p>La alcaldesa de Vallanca, Ruth S\u00e1nchez, ha puesto el acento en la dimensi\u00f3n supramunicipal de la actuaci\u00f3n, se\u00f1alando que \u201cpara Vallanca, el acondicionamiento de este camino es esencial, porque supone hoy por hoy la principal conexi\u00f3n con la N-420 y con los municipios de la Serran\u00eda Baja de Cuenca\u201d. Asimismo, la responsable municipal ha destacado que \u00abla actuaci\u00f3n liderada por la Diputaci\u00f3, que afecta tanto a Castielfabib como a Vallanca, es un ejemplo de c\u00f3mo la coordinaci\u00f3n entre municipios vecinos y la propia instituci\u00f3n provincial permite mejorar la movilidad, los servicios y las oportunidades de municipios como los nuestros\u00bb y concluye que \u00abla mejora de las comunicaciones es clave para luchar contra el fen\u00f3meno de la despoblaci\u00f3n\u201d.<\/p>\n\n\n\n<p>En este sentido, el alcalde de Castielfabib ha valorado muy positivamente que la Diputaci\u00f3n de Val\u00e8ncia \u201chaya sabido entender estas sinergias entre municipios del interior, atendiendo actuaciones largamente demandadas que mejoran la accesibilidad, la seguridad y la vertebraci\u00f3n territorial m\u00e1s all\u00e1 de los l\u00edmites administrativos\u201d.<\/p>\n\n\n<div class=\"wp-block-image\">\n<figure class=\"alignleft size-large is-resized\"><img loading=\"lazy\" decoding=\"async\" width=\"768\" height=\"1024\" src=\"https:\/\/www.tucomarca.com\/wordpress\/segunda\/wp-content\/uploads\/2026\/01\/Castielfabib2-768x1024.jpg\" alt=\"\" class=\"wp-image-290771\" style=\"width:424px;height:auto\" srcset=\"https:\/\/www.tucomarca.com\/wordpress\/segunda\/wp-content\/uploads\/2026\/01\/Castielfabib2-768x1024.jpg 768w, https:\/\/www.tucomarca.com\/wordpress\/segunda\/wp-content\/uploads\/2026\/01\/Castielfabib2-225x300.jpg 225w, https:\/\/www.tucomarca.com\/wordpress\/segunda\/wp-content\/uploads\/2026\/01\/Castielfabib2-1152x1536.jpg 1152w, https:\/\/www.tucomarca.com\/wordpress\/segunda\/wp-content\/uploads\/2026\/01\/Castielfabib2-1536x2048.jpg 1536w, https:\/\/www.tucomarca.com\/wordpress\/segunda\/wp-content\/uploads\/2026\/01\/Castielfabib2.jpg 1701w\" sizes=\"auto, (max-width: 768px) 100vw, 768px\" \/><\/figure>\n<\/div>\n\n\n<p><strong>Mejoras en la seguridad y en el drenaje<\/strong><\/p>\n\n\n\n<p>Los trabajos previstos en ambos caminos consistir\u00e1n en el refuerzo del firme mediante materiales que aumentan la resistencia y durabilidad de los pavimentos, incorporando t\u00e9cnicas de fabricaci\u00f3n sostenibles y con menor impacto medioambiental. En el primero de los tramos se contempla, adem\u00e1s, la ejecuci\u00f3n de un nuevo trazado de 140 metros de longitud.<\/p>\n\n\n\n<p>El proyecto incluye tambi\u00e9n la instalaci\u00f3n de se\u00f1alizaci\u00f3n horizontal y vertical, actualmente inexistente, as\u00ed como balizamiento y sistemas de contenci\u00f3n en los puntos con desniveles superiores a cinco metros. Asimismo, se mejorar\u00e1 el drenaje transversal y longitudinal mediante cunetas de hormig\u00f3n y conformadas en tierra, garantizando una correcta evacuaci\u00f3n de las aguas superficiales y aumentando la seguridad de la circulaci\u00f3n.<\/p>\n\n\n\n<p>La ayuda fue aprobada por la Junta de Gobierno de la Diputaci\u00f3, y se ejecutar\u00e1 a modo de subvenci\u00f3n en especie al ayuntamiento de Castielfabib, ya que se trata de caminos de titularidad municipal.<\/p>\n","protected":false},"excerpt":{"rendered":"<div class=\"mh-excerpt\">El \u00e1rea de Carreteras que dirige la vicepresidenta segunda Reme Mazzolari financia el proyecto que contempla el refuerzo del firme, la mejora del drenaje y la instalaci\u00f3n de se\u00f1ales y de sistemas de contenci\u00f3n. La <a class=\"mh-excerpt-more\" href=\"https:\/\/www.tucomarca.com\/wordpress\/segunda\/la-diputacio-mejora-dos-caminos-de-castielfabib-que-refuerzan-la-conexion-con-vallanca-y-la-serrania-baja-de-cuenca\/\" title=\"La Diputaci\u00f3 mejora dos caminos de Castielfabib que refuerzan la conexi\u00f3n con Vallanca y la Serran\u00eda Baja de Cuenca\">[+] <\/a><\/div>\n","protected":false},"author":1,"featured_media":290769,"comment_status":"open","ping_status":"open","sticky":false,"template":"","format":"image","meta":{"footnotes":""},"categories":[49,226,128,8,72,117,142,3,229,45],"tags":[10397,17520,3677,18253],"class_list":{"0":"post-290767","1":"post","2":"type-post","3":"status-publish","4":"format-image","5":"has-post-thumbnail","7":"category-ademuz","8":"category-castielfabib","9":"category-infraestructuras","10":"category-la-comarca","11":"category-sin-categorizar","12":"category-medio-ambiente-la-comarca","13":"category-politica-la-comarca","14":"category-seccion","15":"category-vallanca","16":"category-ventana","17":"tag-ademuz","18":"tag-castielfabib","19":"tag-diputacio-de-valencia","20":"tag-vallanca","21":"post_format-post-format-image"},"_links":{"self":[{"href":"https:\/\/www.tucomarca.com\/wordpress\/segunda\/wp-json\/wp\/v2\/posts\/290767","targetHints":{"allow":["GET"]}}],"collection":[{"href":"https:\/\/www.tucomarca.com\/wordpress\/segunda\/wp-json\/wp\/v2\/posts"}],"about":[{"href":"https:\/\/www.tucomarca.com\/wordpress\/segunda\/wp-json\/wp\/v2\/types\/post"}],"author":[{"embeddable":true,"href":"https:\/\/www.tucomarca.com\/wordpress\/segunda\/wp-json\/wp\/v2\/users\/1"}],"replies":[{"embeddable":true,"href":"https:\/\/www.tucomarca.com\/wordpress\/segunda\/wp-json\/wp\/v2\/comments?post=290767"}],"version-history":[{"count":0,"href":"https:\/\/www.tucomarca.com\/wordpress\/segunda\/wp-json\/wp\/v2\/posts\/290767\/revisions"}],"wp:featuredmedia":[{"embeddable":true,"href":"https:\/\/www.tucomarca.com\/wordpress\/segunda\/wp-json\/wp\/v2\/media\/290769"}],"wp:attachment":[{"href":"https:\/\/www.tucomarca.com\/wordpress\/segunda\/wp-json\/wp\/v2\/media?parent=290767"}],"wp:term":[{"taxonomy":"category","embeddable":true,"href":"https:\/\/www.tucomarca.com\/wordpress\/segunda\/wp-json\/wp\/v2\/categories?post=290767"},{"taxonomy":"post_tag","embeddable":true,"href":"https:\/\/www.tucomarca.com\/wordpress\/segunda\/wp-json\/wp\/v2\/tags?post=290767"}],"curies":[{"name":"wp","href":"https:\/\/api.w.org\/{rel}","templated":true}]}}