{"id":290955,"date":"2026-01-22T11:00:00","date_gmt":"2026-01-22T10:00:00","guid":{"rendered":"https:\/\/www.tucomarca.com\/wordpress\/segunda\/?p=290955"},"modified":"2026-01-23T09:06:00","modified_gmt":"2026-01-23T08:06:00","slug":"la-guardia-civil-detiene-a-tres-personas-como-responsables-del-homicidio-de-benifaio-acaecido-en-agosto-del-ano-pasado","status":"publish","type":"post","link":"https:\/\/www.tucomarca.com\/wordpress\/segunda\/la-guardia-civil-detiene-a-tres-personas-como-responsables-del-homicidio-de-benifaio-acaecido-en-agosto-del-ano-pasado\/","title":{"rendered":"La Guardia Civil detiene a tres personas como responsables del homicidio de Benifai\u00f2 acaecido en agosto del a\u00f1o pasado"},"content":{"rendered":"\n<h3 class=\"wp-block-heading\">Tres personas han sido detenidas por su implicaci\u00f3n en el suceso acaecido el 18 de agosto de 2025 y posterior incendio de la vivienda.<\/h3>\n\n\n\n<p>La Guardia Civil ha detenido a tres personas en Alginet y Valencia por su implicaci\u00f3n en los hechos acaecidos el pasado mes de agosto que terminaron con el incendio de una vivienda y un hombre fallecido.\u00a0<\/p>\n\n\n\n<p>El 18 de agosto de 2025 se produjo el incendio de una vivienda de Benifai\u00f3, precedido de una gran explosi\u00f3n que provoc\u00f3 que numerosos vecinos se alertasen y se asomasen a ventanas y balcones.\u00a0<\/p>\n\n\n\n<p>Instantes despu\u00e9s, vieron como uno de sus moradores sal\u00eda corriendo del portal. Ten\u00eda gran parte de su cuerpo afectado con quemaduras y se\u00f1alaba que tres encapuchados hab\u00edan matado a su padre por una deuda y hab\u00edan huido.<\/p>\n\n\n\n<p>En el desarrollo de la investigaci\u00f3n se han realizado varias gestiones, entre ellas, la toma de declaraciones a personas del entorno de la v\u00edctima, visionado de grabaciones de im\u00e1genes de seguridad y an\u00e1lisis telef\u00f3nicos. De todo eso, se ha concluido que el crimen lo cometieron dos personas allegadas a la v\u00edctima y el incendio lo provoc\u00f3 el hijo del fallecido.<\/p>\n\n\n\n<p>El d\u00eda 20 de enero por parte del Grupo de Homicidios se practicaron las detenciones de los tres implicados en las localidades de Alginet y Valencia. Los detenidos tienen nacionalidad espa\u00f1ola. Dos de ellos tienen 21 a\u00f1os y otro 23. Se les atribuyen los siguientes delitos: homicidio, contra la salud p\u00fablica, incendio, amenazas y lesiones.<\/p>\n\n\n\n<p>La investigaci\u00f3n ha sido llevada a cabo por agentes del Grupo de Homicidios y Personas Desaparecidas de la UOPJ de la Comandancia de Valencia.&nbsp;<\/p>\n\n\n\n<p>Las diligencias fueron entregadas en el Juzgado de Primera Instancia e Instrucci\u00f3n n\u00famero 2 de Carlet.&nbsp;<\/p>\n","protected":false},"excerpt":{"rendered":"<div class=\"mh-excerpt\">Tres personas han sido detenidas por su implicaci\u00f3n en el suceso acaecido el 18 de agosto de 2025 y posterior incendio de la vivienda. La Guardia Civil ha detenido a tres personas en Alginet y <a class=\"mh-excerpt-more\" href=\"https:\/\/www.tucomarca.com\/wordpress\/segunda\/la-guardia-civil-detiene-a-tres-personas-como-responsables-del-homicidio-de-benifaio-acaecido-en-agosto-del-ano-pasado\/\" title=\"La Guardia Civil detiene a tres personas como responsables del homicidio de Benifai\u00f2 acaecido en agosto del a\u00f1o pasado\">[+] <\/a><\/div>\n","protected":false},"author":1,"featured_media":275980,"comment_status":"open","ping_status":"open","sticky":false,"template":"","format":"standard","meta":{"footnotes":""},"categories":[267,8,72,42,3,116,45],"tags":[10460,1098,3640],"class_list":{"0":"post-290955","1":"post","2":"type-post","3":"status-publish","4":"format-standard","5":"has-post-thumbnail","7":"category-benifaio","8":"category-la-comarca","9":"category-sin-categorizar","10":"category-la-ribera","11":"category-seccion","12":"category-sucesos-la-comarca","13":"category-ventana","14":"tag-benifaio","15":"tag-guardia-civil","16":"tag-la-ribera-alta"},"_links":{"self":[{"href":"https:\/\/www.tucomarca.com\/wordpress\/segunda\/wp-json\/wp\/v2\/posts\/290955","targetHints":{"allow":["GET"]}}],"collection":[{"href":"https:\/\/www.tucomarca.com\/wordpress\/segunda\/wp-json\/wp\/v2\/posts"}],"about":[{"href":"https:\/\/www.tucomarca.com\/wordpress\/segunda\/wp-json\/wp\/v2\/types\/post"}],"author":[{"embeddable":true,"href":"https:\/\/www.tucomarca.com\/wordpress\/segunda\/wp-json\/wp\/v2\/users\/1"}],"replies":[{"embeddable":true,"href":"https:\/\/www.tucomarca.com\/wordpress\/segunda\/wp-json\/wp\/v2\/comments?post=290955"}],"version-history":[{"count":0,"href":"https:\/\/www.tucomarca.com\/wordpress\/segunda\/wp-json\/wp\/v2\/posts\/290955\/revisions"}],"wp:featuredmedia":[{"embeddable":true,"href":"https:\/\/www.tucomarca.com\/wordpress\/segunda\/wp-json\/wp\/v2\/media\/275980"}],"wp:attachment":[{"href":"https:\/\/www.tucomarca.com\/wordpress\/segunda\/wp-json\/wp\/v2\/media?parent=290955"}],"wp:term":[{"taxonomy":"category","embeddable":true,"href":"https:\/\/www.tucomarca.com\/wordpress\/segunda\/wp-json\/wp\/v2\/categories?post=290955"},{"taxonomy":"post_tag","embeddable":true,"href":"https:\/\/www.tucomarca.com\/wordpress\/segunda\/wp-json\/wp\/v2\/tags?post=290955"}],"curies":[{"name":"wp","href":"https:\/\/api.w.org\/{rel}","templated":true}]}}