{"id":2910,"date":"2012-06-04T12:42:49","date_gmt":"2012-06-04T10:42:49","guid":{"rendered":"http:\/\/www.tucomarca.com\/wordpress\/segunda\/?p=2910"},"modified":"2012-06-04T12:42:52","modified_gmt":"2012-06-04T10:42:52","slug":"la-policia-reanuda-la-busqueda-del-cuerpo-de-nino-de-3-anos-en-el-vertedero-de-dos-aguas","status":"publish","type":"post","link":"https:\/\/www.tucomarca.com\/wordpress\/segunda\/la-policia-reanuda-la-busqueda-del-cuerpo-de-nino-de-3-anos-en-el-vertedero-de-dos-aguas\/","title":{"rendered":"La Polic\u00eda reanuda la b\u00fasqueda del cuerpo de ni\u00f1o de 3 a\u00f1os en el vertedero de Dos Aguas"},"content":{"rendered":"<figure id=\"attachment_2911\" aria-describedby=\"caption-attachment-2911\" style=\"width: 300px\" class=\"wp-caption alignleft\"><a rel=\"attachment wp-att-2911\" href=\"https:\/\/www.tucomarca.com\/wordpress\/segunda\/?attachment_id=2911\"><img loading=\"lazy\" decoding=\"async\" class=\"size-medium wp-image-2911\" src=\"https:\/\/www.tucomarca.com\/wordpress\/segunda\/wp-content\/uploads\/2012\/06\/4614687w-365xXx80-300x180.jpg\" alt=\"La polic\u00eda sigue con la b\u00fasqueda. EFE\" width=\"300\" height=\"180\" srcset=\"https:\/\/www.tucomarca.com\/wordpress\/segunda\/wp-content\/uploads\/2012\/06\/4614687w-365xXx80-300x180.jpg 300w, https:\/\/www.tucomarca.com\/wordpress\/segunda\/wp-content\/uploads\/2012\/06\/4614687w-365xXx80.jpg 365w\" sizes=\"auto, (max-width: 300px) 100vw, 300px\" \/><\/a><figcaption id=\"caption-attachment-2911\" class=\"wp-caption-text\">La polic\u00eda sigue con la b\u00fasqueda. EFE<\/figcaption><\/figure>\n<p>Agentes de la Polic\u00eda cient\u00edfica han retomado a primera de este lunes, d\u00eda 4 de junio, las tareas de b\u00fasqueda del cad\u00e1ver del ni\u00f1o de tres a\u00f1os que intentan localizar desde el pasado viernes en el vertedero de Dos Aguas, seg\u00fan ha informado la agencia EFE. Los agentes trabajan en este cuarto d\u00eda de b\u00fasqueda con el apoyo de perros de la unidad de canina llegada de Madrid, especializados en la detecci\u00f3n de cad\u00e1veres, aunque su pericia no ha ayudado a dar con el cuerpo del menor.<br \/>\nComo se ha informado, en la intensa b\u00fasqueda se ha escudri\u00f1ado, de momento, alrededor 200 toneladas de residuos. La medici\u00f3n ha sido posible sobre todo debido a que en esta instalaci\u00f3n ubicada en La Matrona la basura llega en balas, por lo que los agentes de la polic\u00eda realizan el rastreo por paquetes que contienen entre una tonelada y una tonelada y media de residuos.<br \/>\nEl menor, cuya desaparici\u00f3n fue denunciada el pasado mi\u00e9rcoles, estaba al cuidado de dos mujeres, amigas de su madre, que han sido detenidas despu\u00e9s de que una de ellas reconociera que el ni\u00f1o hab\u00eda fallecido y que hab\u00edan dejado el cuerpo en un contenedor de basura de Valencia.<\/p>\n","protected":false},"excerpt":{"rendered":"<div class=\"mh-excerpt\">Agentes de la Polic\u00eda cient\u00edfica han retomado a primera de este lunes, d\u00eda 4 de junio, las tareas de b\u00fasqueda del cad\u00e1ver del ni\u00f1o de tres a\u00f1os que intentan localizar desde el pasado viernes en <a class=\"mh-excerpt-more\" href=\"https:\/\/www.tucomarca.com\/wordpress\/segunda\/la-policia-reanuda-la-busqueda-del-cuerpo-de-nino-de-3-anos-en-el-vertedero-de-dos-aguas\/\" title=\"La Polic\u00eda reanuda la b\u00fasqueda del cuerpo de ni\u00f1o de 3 a\u00f1os en el vertedero de Dos Aguas\">[+] <\/a><\/div>\n","protected":false},"author":2,"featured_media":2911,"comment_status":"open","ping_status":"open","sticky":false,"template":"","format":"standard","meta":{"footnotes":""},"categories":[15,8,10,3,116],"tags":[33],"class_list":{"0":"post-2910","1":"post","2":"type-post","3":"status-publish","4":"format-standard","5":"has-post-thumbnail","7":"category-dos-aguas","8":"category-la-comarca","9":"category-la-hoya","10":"category-seccion","11":"category-sucesos-la-comarca","12":"tag-sucesos"},"_links":{"self":[{"href":"https:\/\/www.tucomarca.com\/wordpress\/segunda\/wp-json\/wp\/v2\/posts\/2910","targetHints":{"allow":["GET"]}}],"collection":[{"href":"https:\/\/www.tucomarca.com\/wordpress\/segunda\/wp-json\/wp\/v2\/posts"}],"about":[{"href":"https:\/\/www.tucomarca.com\/wordpress\/segunda\/wp-json\/wp\/v2\/types\/post"}],"author":[{"embeddable":true,"href":"https:\/\/www.tucomarca.com\/wordpress\/segunda\/wp-json\/wp\/v2\/users\/2"}],"replies":[{"embeddable":true,"href":"https:\/\/www.tucomarca.com\/wordpress\/segunda\/wp-json\/wp\/v2\/comments?post=2910"}],"version-history":[{"count":0,"href":"https:\/\/www.tucomarca.com\/wordpress\/segunda\/wp-json\/wp\/v2\/posts\/2910\/revisions"}],"wp:featuredmedia":[{"embeddable":true,"href":"https:\/\/www.tucomarca.com\/wordpress\/segunda\/wp-json\/wp\/v2\/media\/2911"}],"wp:attachment":[{"href":"https:\/\/www.tucomarca.com\/wordpress\/segunda\/wp-json\/wp\/v2\/media?parent=2910"}],"wp:term":[{"taxonomy":"category","embeddable":true,"href":"https:\/\/www.tucomarca.com\/wordpress\/segunda\/wp-json\/wp\/v2\/categories?post=2910"},{"taxonomy":"post_tag","embeddable":true,"href":"https:\/\/www.tucomarca.com\/wordpress\/segunda\/wp-json\/wp\/v2\/tags?post=2910"}],"curies":[{"name":"wp","href":"https:\/\/api.w.org\/{rel}","templated":true}]}}