{"id":291052,"date":"2026-01-24T12:00:00","date_gmt":"2026-01-24T11:00:00","guid":{"rendered":"https:\/\/www.tucomarca.com\/wordpress\/segunda\/?p=291052"},"modified":"2026-01-24T20:48:40","modified_gmt":"2026-01-24T19:48:40","slug":"la-comunitat-valenciana-reconvierte-su-estand-en-fitur-en-un-espacio-experiencial-para-el-publico-general","status":"publish","type":"post","link":"https:\/\/www.tucomarca.com\/wordpress\/segunda\/la-comunitat-valenciana-reconvierte-su-estand-en-fitur-en-un-espacio-experiencial-para-el-publico-general\/","title":{"rendered":"La Comunitat Valenciana reconvierte su estand en Fitur en un espacio experiencial para el p\u00fablico general"},"content":{"rendered":"\n<h3 class=\"wp-block-heading\">Experiencias inmersivas, talleres de artesan\u00eda, astroturismo y gastronom\u00eda son algunas de las propuestas que muestran la diversidad y pluralidad de la Comunitat Valenciana al visitante.<\/h3>\n\n\n\n<h3 class=\"wp-block-heading\">Mari\u00e1n Cano destaca que \u201ctras tres d\u00edas de intensa actividad profesional, ahora el estand se transforma para albergar actividades l\u00fadicas organizadas por las marcas tur\u00edsticas, empresas y municipios\u201d.<\/h3>\n\n\n\n<p>Turisme Comunitat Valenciana ha transformado este fin de semana su estand de Fitur 2026 en un espacio dirigido al p\u00fablico general, con m\u00faltiples propuestas inmersivas, talleres en vivo, representaciones de fiestas, artesan\u00eda, gastronom\u00eda y experiencias para toda la familia.<\/p>\n\n\n\n<p>As\u00ed, tanto la plaza central, como la zona de empresas y las zonas habilitadas para mantener reuniones durante los d\u00edas del certamen dedicado al p\u00fablico profesional, se han reconvertido para albergar actividades dirigidas al visitante madrile\u00f1o. Asimismo, el espacio de Valencia Turisme, Costa Blanca y Castell\u00f3n Mediterr\u00e1neo incorporan mostradores de atenci\u00f3n de informaci\u00f3n tur\u00edstica.<\/p>\n\n\n\n<p>La consellera de Industria, Turismo, Innovaci\u00f3n y Comercio, Mari\u00e1n Cano, ha destacado que \u201ctras tres d\u00edas de intensa actividad profesional, ahora el estand se reconvierte para mostrar a los visitantes la gran oferta tur\u00edstica y de experiencias de la Comunitat Valenciana\u201d. Seg\u00fan ha apuntado la titular de Turisme \u201cnuestro espacio se transforma para mostrar a nuestro principal mercado nacional la riqueza del destino a trav\u00e9s de nuestras marcas tur\u00edsticas, empresas y municipios que ofrecen al p\u00fablico un amplio y diverso programa\u201d.<\/p>\n\n\n\n<p>Entre las propuestas tecnol\u00f3gicas que se presentan estos d\u00edas, destacan Utiel con \u2018Utiel 360\u00ba\u2019, y Pilar de la Horadada con experiencias de realidad virtual que recrean su patrimonio hist\u00f3rico. Por su parte, Finestrat combina tecnolog\u00eda inmersiva con patrimonio automovil\u00edstico, mostrando un DeLorean en la experiencia \u2018Una ventana al pasado y una mirada al futuro\u2019.<\/p>\n\n\n\n<p>Gand\u00eda invita a los visitantes a participar en actividades interactivas y sorteos, mientras que Vila-real aporta teatro de calle con zancudos y patinadores, y La Vila Joiosa presenta el espect\u00e1culo visual \u2018Gran Circus Maximus\u2019.<\/p>\n\n\n\n<p>Asimismo, la artesan\u00eda tiene un protagonismo especial con la presencia de la Escuela Municipal de Artesan\u00eda Salinera de Torrevieja, as\u00ed como talleres demostrativos del Centro de Artesan\u00eda CV, que incluyen arte floral, artista fallero, alfarer\u00eda al torno y elaboraci\u00f3n tradicional de alpargatas de c\u00e1\u00f1amo y yute.<\/p>\n\n\n\n<p>Adem\u00e1s, el turismo familiar se potencia con talleres infantiles en la ludoteca de la Diputaci\u00f3n de Valencia, con actividades como el Mosaico de Nolla en Meliana y los talleres impulsados desde Val\u00e8ncia Turisme.<\/p>\n\n\n\n<p>El estand tambi\u00e9n refuerza el turismo emergente con \u2018Valencia Turismo de Estrellas\u2019, centrado en el astroturismo y la promoci\u00f3n de experiencias Starlight en la provincia de Valencia.<\/p>\n\n\n\n<p>Castell\u00f3 de la Plana desarrolla una acci\u00f3n promocional interactiva con obsequios para los participantes, mientras que Onda dispone de un punto de atenci\u00f3n y dinamizaci\u00f3n de su oferta tur\u00edstica municipal. Oropesa del Mar sorprende a los visitantes con un espacio que evoca a las vacaciones so\u00f1adas invitando al p\u00fablico a interactuar, compartir en redes sociales y vivir una experiencia memorable.<\/p>\n\n\n\n<p>Con esta reconversi\u00f3n, la Generalitat reafirma su apuesta por un estand vivo, accesible y experiencial, que pone en valor la pluralidad y riqueza de los diferentes municipios de la Comunitat Valenciana, consolid\u00e1ndola como destino l\u00edder en el \u00e1mbito nacional e internacional.<\/p>\n","protected":false},"excerpt":{"rendered":"<div class=\"mh-excerpt\">Experiencias inmersivas, talleres de artesan\u00eda, astroturismo y gastronom\u00eda son algunas de las propuestas que muestran la diversidad y pluralidad de la Comunitat Valenciana al visitante. Mari\u00e1n Cano destaca que \u201ctras tres d\u00edas de intensa actividad <a class=\"mh-excerpt-more\" href=\"https:\/\/www.tucomarca.com\/wordpress\/segunda\/la-comunitat-valenciana-reconvierte-su-estand-en-fitur-en-un-espacio-experiencial-para-el-publico-general\/\" title=\"La Comunitat Valenciana reconvierte su estand en Fitur en un espacio experiencial para el p\u00fablico general\">[+] <\/a><\/div>\n","protected":false},"author":1,"featured_media":291054,"comment_status":"open","ping_status":"open","sticky":false,"template":"","format":"standard","meta":{"footnotes":""},"categories":[8,72,7,3,45],"tags":[653,10716],"class_list":{"0":"post-291052","1":"post","2":"type-post","3":"status-publish","4":"format-standard","5":"has-post-thumbnail","7":"category-la-comarca","8":"category-sin-categorizar","9":"category-ocio-y-cultura","10":"category-seccion","11":"category-ventana","12":"tag-fitur","13":"tag-generalitat-valenciana"},"_links":{"self":[{"href":"https:\/\/www.tucomarca.com\/wordpress\/segunda\/wp-json\/wp\/v2\/posts\/291052","targetHints":{"allow":["GET"]}}],"collection":[{"href":"https:\/\/www.tucomarca.com\/wordpress\/segunda\/wp-json\/wp\/v2\/posts"}],"about":[{"href":"https:\/\/www.tucomarca.com\/wordpress\/segunda\/wp-json\/wp\/v2\/types\/post"}],"author":[{"embeddable":true,"href":"https:\/\/www.tucomarca.com\/wordpress\/segunda\/wp-json\/wp\/v2\/users\/1"}],"replies":[{"embeddable":true,"href":"https:\/\/www.tucomarca.com\/wordpress\/segunda\/wp-json\/wp\/v2\/comments?post=291052"}],"version-history":[{"count":0,"href":"https:\/\/www.tucomarca.com\/wordpress\/segunda\/wp-json\/wp\/v2\/posts\/291052\/revisions"}],"wp:featuredmedia":[{"embeddable":true,"href":"https:\/\/www.tucomarca.com\/wordpress\/segunda\/wp-json\/wp\/v2\/media\/291054"}],"wp:attachment":[{"href":"https:\/\/www.tucomarca.com\/wordpress\/segunda\/wp-json\/wp\/v2\/media?parent=291052"}],"wp:term":[{"taxonomy":"category","embeddable":true,"href":"https:\/\/www.tucomarca.com\/wordpress\/segunda\/wp-json\/wp\/v2\/categories?post=291052"},{"taxonomy":"post_tag","embeddable":true,"href":"https:\/\/www.tucomarca.com\/wordpress\/segunda\/wp-json\/wp\/v2\/tags?post=291052"}],"curies":[{"name":"wp","href":"https:\/\/api.w.org\/{rel}","templated":true}]}}