{"id":291059,"date":"2026-01-24T12:15:00","date_gmt":"2026-01-24T11:15:00","guid":{"rendered":"https:\/\/www.tucomarca.com\/wordpress\/segunda\/?p=291059"},"modified":"2026-01-24T20:56:19","modified_gmt":"2026-01-24T19:56:19","slug":"la-generalitat-refuerza-en-fitur-las-politicas-de-juventud-e-igualdad-vinculadas-a-un-ocio-y-turismo-seguros-inclusivos-y-con-ventajas-para-la-juventud","status":"publish","type":"post","link":"https:\/\/www.tucomarca.com\/wordpress\/segunda\/la-generalitat-refuerza-en-fitur-las-politicas-de-juventud-e-igualdad-vinculadas-a-un-ocio-y-turismo-seguros-inclusivos-y-con-ventajas-para-la-juventud\/","title":{"rendered":"La Generalitat refuerza en Fitur las pol\u00edticas de juventud e igualdad vinculadas a un ocio y turismo seguros, inclusivos y con ventajas para la juventud"},"content":{"rendered":"\n<h3 class=\"wp-block-heading\">Susana Camarero anuncia los nuevos locales y festivales que se unen al convenio del Ivaj y Fotur para aportar m\u00e1s beneficios a los\u00a0titulares del Carnet Jove.<\/h3>\n\n\n\n<h3 class=\"wp-block-heading\"><strong>La vicepresidenta primera valora la implicaci\u00f3n del sector del ocio en la apuesta por fomentar espacios libres de violencia de g\u00e9nero y de LGTBIQ+fobia<\/strong>.<\/h3>\n\n\n\n<h3 class=\"wp-block-heading\">La Conselleria avanza en el impulso de nuevos talleres de empleo para mujeres que permitan recuperar oficios de pesca tradicionales valencianos.<\/h3>\n\n\n\n<p>La vicepresidenta primera y consellera de Vivienda, Empleo, Juventud e Igualdad, Susana Camarero, ha destacado el compromiso de la Generalitat con un modelo de ocio y turismo responsable, inclusivo y accesible para la juventud, alineado con las pol\u00edticas de igualdad y prevenci\u00f3n de violencias.<\/p>\n\n\n\n<p>Camarero ha insistido en este objetivo durante su participaci\u00f3n esta semana en la Feria Internacional de Turismo (Fitur) de Madrid, en la que ha mantenido un encuentro con el presidente de la Federaci\u00f3n de Ocio y Turismo de la Comunitat Valenciana (Fotur), V\u00edctor P\u00e9rez, y representantes del sector.<\/p>\n\n\n\n<p>Durante la reuni\u00f3n, la vicepresidenta ha recordado la implicaci\u00f3n del sector tanto en la apuesta por fomentar espacios libres de violencia de g\u00e9nero y de LGTBIQ+fobia, as\u00ed como en la importancia del convenio que permite a las personas titulares del Carnet Jove acceder a descuentos y ventajas en locales y festivales de la Comunitat Valenciana, fomentando un ocio cultural y de calidad con beneficios directos para la juventud.<\/p>\n\n\n\n<p>En este sentido, ha explicado que, desde el pasado mes de agosto en que se puso en marcha el convenio, se han adherido establecimientos como Marina Club, Finnegans, Panorama Restaurant y La Pepica, as\u00ed como festivales y eventos culturales como Sonido de Valencia Remember de Les Arts, Dona Festival, Homenaje a la Ruta, Tardeo Remember Xeraco, Poblafest y Latin Fest Valencia y Benidorm.<\/p>\n\n\n\n<p>Adem\u00e1s, la vicepresidenta ha anunciado la pr\u00f3xima incorporaci\u00f3n de nuevos locales y festivales, entre ellos Alegal, Azza, Palau, Room, Tulum e Indiana, y grandes citas musicales como el Arenal Sound, FIB, Verbeneo de Museo, Bigsound Festival, Love to Rock, Zevra y Medusa, ampliando as\u00ed la red de espacios con ventajas para Carnet Jove.<\/p>\n\n\n\n<p>En el \u00e1mbito de la seguridad y la igualdad, Camarero ha recordado las iniciativas impulsadas por la Conselleria para garantizar un ocio seguro, como la implantaci\u00f3n del Punto Violeta en establecimientos y fiestas, as\u00ed como en los principales festivales de la Comunitat Valenciana, y ha puesto en valor el protocolo de actuaci\u00f3n contra las violencias sexuales en espacios de ocio, que establece pautas de prevenci\u00f3n, actuaci\u00f3n y atenci\u00f3n a las v\u00edctimas en espacios de ocio y eventos multitudinarios.<\/p>\n\n\n\n<p>Asimismo, ha recordado la iniciativa pionera de la Comunitat Valenciana con la implementaci\u00f3n del protocolo de espacios libres de LGTBIQ+fobia, que se puso en marcha en la edici\u00f3n anterior de Fitur, y que otorga un sello distintivo a empresas y entidades que garanticen el respeto a los derechos LGTBI, con el objetivo de asegurar entornos respetuosos, inclusivos y libres de discriminaci\u00f3n, reforzando la convivencia y la igualdad real.<\/p>\n\n\n\n<p>\u201cEstas pol\u00edticas demuestran que el turismo y el ocio pueden y deben ser motores de bienestar, inclusi\u00f3n y oportunidades para la juventud, garantizando siempre la seguridad y el respeto\u201d, ha subrayado Susana Camarero.<\/p>\n\n\n\n<p><strong>Recuperaci\u00f3n de oficios tradicionales en municipios pesqueros<\/strong><\/p>\n\n\n\n<p>La vicepresidenta primera tambi\u00e9n ha avanzado que el Consell est\u00e1 analizando la puesta en marcha de talleres de empleo dirigidos a mujeres, orientados a la recuperaci\u00f3n de oficios de pesca tradicionales valencianos, como el de rederas, y a la generaci\u00f3n de nuevas oportunidades laborales.<\/p>\n\n\n\n<p>Durante el encuentro que ha mantenido esta semana en Fitur con la presidenta de la Asociaci\u00f3n Nacional de Mujeres de la Pesca (ANMUPESCA), Mercedes del Pilar Otero, y con el alcalde de Villajoyosa, Marcos Zaragoza, Camarero ha explicado que los talleres de empleo subvencionados por Labora permitir\u00edan \u201cimpulsar el empleo entre las mujeres y, al mismo tiempo, preservar y potenciar oficios tradicionales ligados a la identidad y al patrimonio laboral de la Comunitat Valenciana\u201d.<\/p>\n\n\n\n<p>En este sentido, la consellera de Empleo ha resaltado que este tipo de iniciativas \u201ccombinan formaci\u00f3n y trabajo remunerado, favorecen la inserci\u00f3n laboral femenina y refuerzan la cohesi\u00f3n social y territorial\u201d, especialmente en municipios con una fuerte vinculaci\u00f3n al sector pesquero.<\/p>\n\n\n\n<p>Con este compromiso, la vicepresidenta da continuidad a la reuni\u00f3n mantenida el pasado lunes, en la que ya se abord\u00f3 la necesidad de impulsar medidas espec\u00edficas de apoyo al empleo femenino en el sector pesquero, reforzando el compromiso del Consell de seguir trabajando con las entidades representativas y las administraciones locales para convertir estas iniciativas en proyectos concretos de empleo y formaci\u00f3n.<\/p>\n","protected":false},"excerpt":{"rendered":"<div class=\"mh-excerpt\">Susana Camarero anuncia los nuevos locales y festivales que se unen al convenio del Ivaj y Fotur para aportar m\u00e1s beneficios a los\u00a0titulares del Carnet Jove. La vicepresidenta primera valora la implicaci\u00f3n del sector del <a class=\"mh-excerpt-more\" href=\"https:\/\/www.tucomarca.com\/wordpress\/segunda\/la-generalitat-refuerza-en-fitur-las-politicas-de-juventud-e-igualdad-vinculadas-a-un-ocio-y-turismo-seguros-inclusivos-y-con-ventajas-para-la-juventud\/\" title=\"La Generalitat refuerza en Fitur las pol\u00edticas de juventud e igualdad vinculadas a un ocio y turismo seguros, inclusivos y con ventajas para la juventud\">[+] <\/a><\/div>\n","protected":false},"author":1,"featured_media":291060,"comment_status":"open","ping_status":"open","sticky":false,"template":"","format":"standard","meta":{"footnotes":""},"categories":[172,46,8,72,7,3,45],"tags":[23749,10716],"class_list":{"0":"post-291059","1":"post","2":"type-post","3":"status-publish","4":"format-standard","5":"has-post-thumbnail","7":"category-benaguasil","8":"category-camp-de-turia","9":"category-la-comarca","10":"category-sin-categorizar","11":"category-ocio-y-cultura","12":"category-seccion","13":"category-ventana","14":"tag-fitur-2026","15":"tag-generalitat-valenciana"},"_links":{"self":[{"href":"https:\/\/www.tucomarca.com\/wordpress\/segunda\/wp-json\/wp\/v2\/posts\/291059","targetHints":{"allow":["GET"]}}],"collection":[{"href":"https:\/\/www.tucomarca.com\/wordpress\/segunda\/wp-json\/wp\/v2\/posts"}],"about":[{"href":"https:\/\/www.tucomarca.com\/wordpress\/segunda\/wp-json\/wp\/v2\/types\/post"}],"author":[{"embeddable":true,"href":"https:\/\/www.tucomarca.com\/wordpress\/segunda\/wp-json\/wp\/v2\/users\/1"}],"replies":[{"embeddable":true,"href":"https:\/\/www.tucomarca.com\/wordpress\/segunda\/wp-json\/wp\/v2\/comments?post=291059"}],"version-history":[{"count":0,"href":"https:\/\/www.tucomarca.com\/wordpress\/segunda\/wp-json\/wp\/v2\/posts\/291059\/revisions"}],"wp:featuredmedia":[{"embeddable":true,"href":"https:\/\/www.tucomarca.com\/wordpress\/segunda\/wp-json\/wp\/v2\/media\/291060"}],"wp:attachment":[{"href":"https:\/\/www.tucomarca.com\/wordpress\/segunda\/wp-json\/wp\/v2\/media?parent=291059"}],"wp:term":[{"taxonomy":"category","embeddable":true,"href":"https:\/\/www.tucomarca.com\/wordpress\/segunda\/wp-json\/wp\/v2\/categories?post=291059"},{"taxonomy":"post_tag","embeddable":true,"href":"https:\/\/www.tucomarca.com\/wordpress\/segunda\/wp-json\/wp\/v2\/tags?post=291059"}],"curies":[{"name":"wp","href":"https:\/\/api.w.org\/{rel}","templated":true}]}}