{"id":291098,"date":"2026-01-31T12:15:00","date_gmt":"2026-01-31T11:15:00","guid":{"rendered":"https:\/\/www.tucomarca.com\/wordpress\/segunda\/?p=291098"},"modified":"2026-01-31T19:31:29","modified_gmt":"2026-01-31T18:31:29","slug":"la-comunidad-valenciana-deja-de-cultivar-3-548-hectareas-en-2025-y-bate-el-record-historico-de-180-000-hectareas-abandonadas-segun-ava-asaja","status":"publish","type":"post","link":"https:\/\/www.tucomarca.com\/wordpress\/segunda\/la-comunidad-valenciana-deja-de-cultivar-3-548-hectareas-en-2025-y-bate-el-record-historico-de-180-000-hectareas-abandonadas-segun-ava-asaja\/","title":{"rendered":"La Comunidad Valenciana deja de cultivar 3.548 hect\u00e1reas en 2025 y bate el r\u00e9cord hist\u00f3rico de 180.000 hect\u00e1reas abandonadas seg\u00fan AVA-Asaja"},"content":{"rendered":"\n<h3 class=\"wp-block-heading\">AVA-Asaja constata con datos oficiales que la agricultura valenciana perdi\u00f3 el 2% de su superficie agraria y encabeza con mayor diferencia el ranking espa\u00f1ol.<\/h3>\n\n\n\n<p>Un estudio elaborado por la Asociaci\u00f3n Valenciana de Agricultores (AVA-Asaja), a partir de la encuesta Esyrce del Ministerio de Agricultura, revela que la Comunitat Valenciana dej\u00f3 de cultivar 3.548 hect\u00e1reas en 2025 -lo que implica un retroceso interanual del 2,01%- y bati\u00f3 el r\u00e9cord hist\u00f3rico de tierras abandonadas con 179.994 hect\u00e1reas de cultivo. AVA-ASAJA atribuye este hecho a la sostenida crisis de rentabilidad en la mayor\u00eda de las producciones agrarias y a los devastadores efectos de la DANA, que arras\u00f3 parcelas situadas junto a cauces desbordados, por lo que reclama a las administraciones un cambio de rumbo de las pol\u00edticas agrarias.<\/p>\n\n\n\n<p>Mientras la Comunitat Valenciana perdi\u00f3 superficie agraria, el conjunto de Espa\u00f1a recuper\u00f3 1.257 hect\u00e1reas de cultivo -un 0,12% m\u00e1s respecto al a\u00f1o anterior- y redujo las tierras dejadas de cultivar a 1.029.278 hect\u00e1reas. La valenciana ya representa el 17,5% de la superficie abandonada en todo el pa\u00eds y encabeza el ranking nacional, a\u00fan con mayor diferencia, por delante de otras comunidades con m\u00e1s extensi\u00f3n como Castilla-La Mancha (153.698 hect\u00e1reas dejadas de cultivar), Andaluc\u00eda (130.515 hect\u00e1reas), Castilla y Le\u00f3n (116.222 hect\u00e1reas) y Arag\u00f3n (116.057 hect\u00e1reas).<\/p>\n\n\n\n<p>El cultivo que a lo largo de 2025 acumul\u00f3 m\u00e1s superficie abandonada volvi\u00f3 a ser los c\u00edtricos: 2.762 hect\u00e1reas dejadas de cultivar, de las cuales 998 hect\u00e1reas correspondieron a mandarinas y 722 hect\u00e1reas a naranjas. Los c\u00edtricos en regad\u00edo (aquellos que se mantienen en producci\u00f3n) descendieron de 140.507 a 137.745 hect\u00e1reas, un 1,96% menos respecto a 2024 y un 15% menos en la \u00faltima d\u00e9cada. Otras producciones que experimentaron una disminuci\u00f3n de su superficie cultivada son el almendro (-2,6% interanual tras perder 2.349 hect\u00e1reas), el vi\u00f1edo (-0,9% al abandonarse 599 hect\u00e1reas), las frutas de hueso (-4% con 446 hect\u00e1reas menos) y el caqui (-1% al retroceder 167 hect\u00e1reas m\u00e1s).<\/p>\n\n\n\n<p>Por el contrario, aumentaron su superficie cultivada el olivar (+1,4% al crecer en 1.360 hect\u00e1reas) o las hortalizas y flores (+9,5% con un alza de 1.704 hect\u00e1reas). Entre las alternativas de cultivo, el aguacate se afianza como la principal apuesta en el campo valenciano al plantarse 217 hect\u00e1reas en 2025, aumentar un 5,4% y llegar a las 4.211 hect\u00e1reas de cultivo. Sin embargo, el kiwi decreci\u00f3 por primera vez, un 3% interanual, y se estanca en 625 hect\u00e1reas.<\/p>\n\n\n\n<p>\u201cLa mancha marr\u00f3n de los campos abandonados no enga\u00f1a\u201d, alert\u00f3 Crist\u00f3bal Aguado, presidente de AVA-ASAJA: \u201cLos agricultores se van del campo porque no es rentable. Los mayores aguantan por apego a la tierra hasta que las fuerzas lo permiten, incluso a costa de destinar parte de la pensi\u00f3n. Y los j\u00f3venes no quieren entrar en un negocio sacrificado y ruinoso, incluso hay tensiones familiares por el mantenimiento de los campos. Estamos entrando en un punto de no retorno, porque quien se va de la agricultura no vuelve. Las alarmas est\u00e1n sonando: las cifras fr\u00edas del abandono son una evidencia irrefutable. O las administraciones revierten sus pol\u00edticas agrarias y sus acuerdos comerciales sin reciprocidad, como el de Mercosur, o m\u00e1s pronto de lo que pensamos nos quedaremos sin soberan\u00eda alimentaria, por no hablar de la degradaci\u00f3n medioambiental que entra\u00f1an los campos abandonados llenos de maleza, plagas, fauna salvaje y que son un polvor\u00edn para los incendios forestales\u201d.<\/p>\n\n\n\n<p>Precisamente para reivindicar unas pol\u00edticas agrarias que garanticen un futuro digno para el campo y una autosuficiencia alimentaria segura y de calidad, AVA-ASAJA hace un llamamiento a productores y consumidores para asistir el jueves 29 de enero a la manifestaci\u00f3n del sector agrario en la ciudad de Valencia.<\/p>\n\n\n\n<figure class=\"wp-block-image size-large\"><img loading=\"lazy\" decoding=\"async\" width=\"1024\" height=\"782\" src=\"https:\/\/www.tucomarca.com\/wordpress\/segunda\/wp-content\/uploads\/2026\/01\/AVAabandono-1024x782.jpg\" alt=\"\" class=\"wp-image-291102\" srcset=\"https:\/\/www.tucomarca.com\/wordpress\/segunda\/wp-content\/uploads\/2026\/01\/AVAabandono-1024x782.jpg 1024w, https:\/\/www.tucomarca.com\/wordpress\/segunda\/wp-content\/uploads\/2026\/01\/AVAabandono-300x229.jpg 300w, https:\/\/www.tucomarca.com\/wordpress\/segunda\/wp-content\/uploads\/2026\/01\/AVAabandono-768x587.jpg 768w, https:\/\/www.tucomarca.com\/wordpress\/segunda\/wp-content\/uploads\/2026\/01\/AVAabandono-80x60.jpg 80w, https:\/\/www.tucomarca.com\/wordpress\/segunda\/wp-content\/uploads\/2026\/01\/AVAabandono.jpg 1181w\" sizes=\"auto, (max-width: 1024px) 100vw, 1024px\" \/><\/figure>\n","protected":false},"excerpt":{"rendered":"<div class=\"mh-excerpt\">AVA-Asaja constata con datos oficiales que la agricultura valenciana perdi\u00f3 el 2% de su superficie agraria y encabeza con mayor diferencia el ranking espa\u00f1ol. Un estudio elaborado por la Asociaci\u00f3n Valenciana de Agricultores (AVA-Asaja), a <a class=\"mh-excerpt-more\" href=\"https:\/\/www.tucomarca.com\/wordpress\/segunda\/la-comunidad-valenciana-deja-de-cultivar-3-548-hectareas-en-2025-y-bate-el-record-historico-de-180-000-hectareas-abandonadas-segun-ava-asaja\/\" title=\"La Comunidad Valenciana deja de cultivar 3.548 hect\u00e1reas en 2025 y bate el r\u00e9cord hist\u00f3rico de 180.000 hect\u00e1reas abandonadas seg\u00fan AVA-Asaja\">[+] <\/a><\/div>\n","protected":false},"author":12,"featured_media":291100,"comment_status":"open","ping_status":"open","sticky":false,"template":"","format":"standard","meta":{"footnotes":""},"categories":[169,128,8,72,117,142,3,116,45],"tags":[328,23794],"class_list":{"0":"post-291098","1":"post","2":"type-post","3":"status-publish","4":"format-standard","5":"has-post-thumbnail","7":"category-agricultura-la-comarca","8":"category-infraestructuras","9":"category-la-comarca","10":"category-sin-categorizar","11":"category-medio-ambiente-la-comarca","12":"category-politica-la-comarca","13":"category-seccion","14":"category-sucesos-la-comarca","15":"category-ventana","16":"tag-ava-asaja","17":"tag-superficie-agraria"},"_links":{"self":[{"href":"https:\/\/www.tucomarca.com\/wordpress\/segunda\/wp-json\/wp\/v2\/posts\/291098","targetHints":{"allow":["GET"]}}],"collection":[{"href":"https:\/\/www.tucomarca.com\/wordpress\/segunda\/wp-json\/wp\/v2\/posts"}],"about":[{"href":"https:\/\/www.tucomarca.com\/wordpress\/segunda\/wp-json\/wp\/v2\/types\/post"}],"author":[{"embeddable":true,"href":"https:\/\/www.tucomarca.com\/wordpress\/segunda\/wp-json\/wp\/v2\/users\/12"}],"replies":[{"embeddable":true,"href":"https:\/\/www.tucomarca.com\/wordpress\/segunda\/wp-json\/wp\/v2\/comments?post=291098"}],"version-history":[{"count":0,"href":"https:\/\/www.tucomarca.com\/wordpress\/segunda\/wp-json\/wp\/v2\/posts\/291098\/revisions"}],"wp:featuredmedia":[{"embeddable":true,"href":"https:\/\/www.tucomarca.com\/wordpress\/segunda\/wp-json\/wp\/v2\/media\/291100"}],"wp:attachment":[{"href":"https:\/\/www.tucomarca.com\/wordpress\/segunda\/wp-json\/wp\/v2\/media?parent=291098"}],"wp:term":[{"taxonomy":"category","embeddable":true,"href":"https:\/\/www.tucomarca.com\/wordpress\/segunda\/wp-json\/wp\/v2\/categories?post=291098"},{"taxonomy":"post_tag","embeddable":true,"href":"https:\/\/www.tucomarca.com\/wordpress\/segunda\/wp-json\/wp\/v2\/tags?post=291098"}],"curies":[{"name":"wp","href":"https:\/\/api.w.org\/{rel}","templated":true}]}}