{"id":291116,"date":"2026-01-26T12:00:00","date_gmt":"2026-01-26T11:00:00","guid":{"rendered":"https:\/\/www.tucomarca.com\/wordpress\/segunda\/?p=291116"},"modified":"2026-01-26T19:43:10","modified_gmt":"2026-01-26T18:43:10","slug":"video-reportaje-la-diputacio-de-valencia-presenta-en-fitur-su-campana-de-promocion-turistica-te-falta-pueblo-valencia-desde-dentro","status":"publish","type":"post","link":"https:\/\/www.tucomarca.com\/wordpress\/segunda\/video-reportaje-la-diputacio-de-valencia-presenta-en-fitur-su-campana-de-promocion-turistica-te-falta-pueblo-valencia-desde-dentro\/","title":{"rendered":"V\u00eddeo-reportaje: la Diputaci\u00f3 de Val\u00e8ncia presenta en Fitur su campa\u00f1a de promoci\u00f3n tur\u00edstica &#8216;Te falta pueblo. Valencia desde dentro&#8217;"},"content":{"rendered":"\n<figure class=\"wp-block-embed is-type-video is-provider-youtube wp-block-embed-youtube wp-embed-aspect-16-9 wp-has-aspect-ratio\"><div class=\"wp-block-embed__wrapper\">\n<iframe loading=\"lazy\" title=\"V\u00eddeo: Diputaci\u00f3 de Val\u00e8ncia presenta en Fitur su campa\u00f1a de promoci\u00f3n tur\u00edstica &#039;Te falta pueblo&#039;\" width=\"500\" height=\"281\" src=\"https:\/\/www.youtube.com\/embed\/SXB7YNHI6AI?feature=oembed\" frameborder=\"0\" allow=\"accelerometer; autoplay; clipboard-write; encrypted-media; gyroscope; picture-in-picture; web-share\" referrerpolicy=\"strict-origin-when-cross-origin\" allowfullscreen><\/iframe>\n<\/div><\/figure>\n\n\n\n<p><\/p>\n\n\n\n<p>El presidente de la Diputaci\u00f3 de Val\u00e8ncia, <strong>Vicent Momp\u00f3<\/strong>; la Vicepresidenta Primera, <strong>Nat\u00e0lia Enguix<\/strong>; y el diputado Provincial de Turismo, <strong>Pedro Cuesta<\/strong>, han presentado en la Feria Internacional de Turismo de Madrid, Fitur, la campa\u00f1a de promoci\u00f3n tur\u00edstica que bajo el lema \u00abTe falta pueblo. Valencia desde dentro\u00bb, persigue poner en el centro de la estrategia tur\u00edstica anual a los pueblos de la provincia y el encanto particular que ofrecen al visitante; as\u00ed como reforzar el valor cualitativo que los pueblos aportan a la vida actual, esa autenticidad que busca hoy el turista y que dif\u00edcilmente encuentra en otro lugar.<\/p>\n\n\n\n<p>Todos ellos han explicado a <strong>tucomarca televisi\u00f3n<\/strong> los detalles de una campa\u00f1a que busca, adem\u00e1s, completar la reconstrucci\u00f3n de los espacios tur\u00edsticos afectados por la DANA y fomentar proyectos relacionados con la sostenibilidad tur\u00edstica, el astroturismo, la potenciaci\u00f3n de las casas regionales de Valencia o el hermanamiento entre municipios de costa e interior. Informa, <strong>M. A. Pall\u00e1s<\/strong>.<\/p>\n","protected":false},"excerpt":{"rendered":"<div class=\"mh-excerpt\">El presidente de la Diputaci\u00f3 de Val\u00e8ncia, Vicent Momp\u00f3; la Vicepresidenta Primera, Nat\u00e0lia Enguix; y el diputado Provincial de Turismo, Pedro Cuesta, han presentado en la Feria Internacional de Turismo de Madrid, Fitur, la campa\u00f1a <a class=\"mh-excerpt-more\" href=\"https:\/\/www.tucomarca.com\/wordpress\/segunda\/video-reportaje-la-diputacio-de-valencia-presenta-en-fitur-su-campana-de-promocion-turistica-te-falta-pueblo-valencia-desde-dentro\/\" title=\"V\u00eddeo-reportaje: la Diputaci\u00f3 de Val\u00e8ncia presenta en Fitur su campa\u00f1a de promoci\u00f3n tur\u00edstica &#8216;Te falta pueblo. Valencia desde dentro&#8217;\">[+] <\/a><\/div>\n","protected":false},"author":1,"featured_media":291117,"comment_status":"open","ping_status":"open","sticky":false,"template":"","format":"video","meta":{"footnotes":""},"categories":[128,8,72,10,59,7,142,27,3,45,26],"tags":[10385,3677,653,23749,5952,10388,10387],"class_list":{"0":"post-291116","1":"post","2":"type-post","3":"status-publish","4":"format-video","5":"has-post-thumbnail","7":"category-infraestructuras","8":"category-la-comarca","9":"category-sin-categorizar","10":"category-la-hoya","11":"category-los-serranos","12":"category-ocio-y-cultura","13":"category-politica-la-comarca","14":"category-requena-utiel","15":"category-seccion","16":"category-ventana","17":"category-video","18":"tag-bunol","19":"tag-diputacio-de-valencia","20":"tag-fitur","21":"tag-fitur-2026","22":"tag-la-hoya-de-bunol-chiva","23":"tag-requena","24":"tag-requena-utiel","25":"post_format-post-format-video"},"_links":{"self":[{"href":"https:\/\/www.tucomarca.com\/wordpress\/segunda\/wp-json\/wp\/v2\/posts\/291116","targetHints":{"allow":["GET"]}}],"collection":[{"href":"https:\/\/www.tucomarca.com\/wordpress\/segunda\/wp-json\/wp\/v2\/posts"}],"about":[{"href":"https:\/\/www.tucomarca.com\/wordpress\/segunda\/wp-json\/wp\/v2\/types\/post"}],"author":[{"embeddable":true,"href":"https:\/\/www.tucomarca.com\/wordpress\/segunda\/wp-json\/wp\/v2\/users\/1"}],"replies":[{"embeddable":true,"href":"https:\/\/www.tucomarca.com\/wordpress\/segunda\/wp-json\/wp\/v2\/comments?post=291116"}],"version-history":[{"count":0,"href":"https:\/\/www.tucomarca.com\/wordpress\/segunda\/wp-json\/wp\/v2\/posts\/291116\/revisions"}],"wp:featuredmedia":[{"embeddable":true,"href":"https:\/\/www.tucomarca.com\/wordpress\/segunda\/wp-json\/wp\/v2\/media\/291117"}],"wp:attachment":[{"href":"https:\/\/www.tucomarca.com\/wordpress\/segunda\/wp-json\/wp\/v2\/media?parent=291116"}],"wp:term":[{"taxonomy":"category","embeddable":true,"href":"https:\/\/www.tucomarca.com\/wordpress\/segunda\/wp-json\/wp\/v2\/categories?post=291116"},{"taxonomy":"post_tag","embeddable":true,"href":"https:\/\/www.tucomarca.com\/wordpress\/segunda\/wp-json\/wp\/v2\/tags?post=291116"}],"curies":[{"name":"wp","href":"https:\/\/api.w.org\/{rel}","templated":true}]}}