{"id":291161,"date":"2026-01-26T09:30:00","date_gmt":"2026-01-26T08:30:00","guid":{"rendered":"https:\/\/www.tucomarca.com\/wordpress\/segunda\/?p=291161"},"modified":"2026-01-26T20:28:14","modified_gmt":"2026-01-26T19:28:14","slug":"la-universidad-politecnica-de-valencia-prepara-un-curso-formativo-para-el-sector-agroforestal","status":"publish","type":"post","link":"https:\/\/www.tucomarca.com\/wordpress\/segunda\/la-universidad-politecnica-de-valencia-prepara-un-curso-formativo-para-el-sector-agroforestal\/","title":{"rendered":"La Universidad Polit\u00e9cnica de Valencia prepara un curso formativo para el sector agroforestal"},"content":{"rendered":"\n<h3 class=\"wp-block-heading\">Se trata de una formaci\u00f3n, con una duraci\u00f3n total de 30 horas, que se desarrollar\u00e1 entre el 18 de febrero y el 19 de mayo de 2026 en formato online telepresencial con sesiones en directo.<\/h3>\n\n\n\n<p>La Mancomunidad del Interior Tierra del Vino se hace eco a trav\u00e9s del <strong>Programa de Empleo y Formaci\u00f3n Adapt@+t<\/strong>, de la primera edici\u00f3n del curso online <strong>\u201cDesarrollo de nuevos modelos de negocio agro-forestales\u201d<\/strong>, <strong>impulsado por la Universitat Polit\u00e8cnica de Val\u00e8ncia (UPV)<\/strong>, por considerarlo de especial inter\u00e9s para el tejido productivo y empresarial de nuestra comarca.<\/p>\n\n\n\n<p>Esta formaci\u00f3n, con una duraci\u00f3n total de <strong>30 horas<\/strong>, se desarrollar\u00e1 entre el <strong>18 de febrero y el 19 de mayo de 2026<\/strong> en formato <strong>online telepresencial<\/strong>, con sesiones en directo a trav\u00e9s de la plataforma Teams. El curso contempla <strong>14 sesiones de dos horas<\/strong>, impartidas los martes por la tarde y jueves alternos, y finalizar\u00e1 con una <strong>jornada de cierre presencial de 4 horas<\/strong>, cuya sede se consensuar\u00e1 con el alumnado.<\/p>\n\n\n\n<p>El curso est\u00e1 orientado a <strong>mejorar la gesti\u00f3n empresarial y fomentar el emprendimiento en el sector primario<\/strong>, especialmente entre personas que ya cuentan con una empresa o explotaci\u00f3n agroforestal y desean avanzar en su profesionalizaci\u00f3n. Entre sus objetivos se encuentran aportar herramientas para <strong>a\u00f1adir valor a la producci\u00f3n<\/strong>, mejorar la <strong>comercializaci\u00f3n<\/strong>, conocer los <strong>costes reales<\/strong> y reforzar la <strong>viabilidad econ\u00f3mica<\/strong> de las explotaciones.<\/p>\n\n\n\n<p>La formaci\u00f3n se estructura en cuatro m\u00f3dulos que abordan desde los retos actuales del sector agroforestal hasta la gesti\u00f3n econ\u00f3mica y los modelos de negocio, pasando por experiencias reales y estrategias de diferenciaci\u00f3n en el mercado.<\/p>\n\n\n\n<p>El profesorado est\u00e1 compuesto por profesionales de reconocido prestigio, como <strong>Juan Jos\u00e9 Lliso<\/strong> (Conselleria de Agricultura, Agua, Ganader\u00eda y Pesca) y <strong>Inmaculada Marqu\u00e9s<\/strong> y <strong>M\u00aa \u00c1ngeles Fern\u00e1ndez-Zamudio<\/strong>, del Departamento de Econom\u00eda y Ciencias Sociales de la UPV.<\/p>\n\n\n\n<p>Se trata de una <strong>microcredencial<\/strong>, una modalidad formativa impulsada por la Uni\u00f3n Europea para mejorar la empleabilidad y profesionalizaci\u00f3n de los sectores productivos. El curso cuenta con una <strong>bonificaci\u00f3n del 70 %<\/strong> para personas de entre 25 y 64 a\u00f1os con nacionalidad espa\u00f1ola o residencia en el Estado espa\u00f1ol, por lo que el precio final para este colectivo es de <strong>84,60 \u20ac<\/strong>. Al finalizar, el alumnado obtiene un <strong>certificado oficial de la Universitat Polit\u00e8cnica de Val\u00e8ncia<\/strong>.<\/p>\n\n\n\n<p>La inscripci\u00f3n se realiza a trav\u00e9s del <strong>Centro de Formaci\u00f3n Permanente de la UPV<\/strong>, donde puede consultarse toda la informaci\u00f3n detallada en el folleto informativo del curso y en este enlace: <a href=\"https:\/\/www.cfp.upv.es\/formacion-permanente\/curso\/desarrollo-nuevos-modelos-negocio-sector-agroforestal_102459.html\">https:\/\/www.cfp.upv.es\/formacion-permanente\/curso\/desarrollo-nuevos-modelos-negocio-sector-agroforestal_102459.html<\/a><\/p>\n\n\n\n<p>Desde la Mancomunidad del Interior Tierra del Vino se anima a las personas interesadas del \u00e1mbito agroforestal de la comarca a conocer esta iniciativa formativa, que contribuye a reforzar la innovaci\u00f3n, la sostenibilidad y la competitividad del sector.<\/p>\n","protected":false},"excerpt":{"rendered":"<div class=\"mh-excerpt\">Se trata de una formaci\u00f3n, con una duraci\u00f3n total de 30 horas, que se desarrollar\u00e1 entre el 18 de febrero y el 19 de mayo de 2026 en formato online telepresencial con sesiones en directo. <a class=\"mh-excerpt-more\" href=\"https:\/\/www.tucomarca.com\/wordpress\/segunda\/la-universidad-politecnica-de-valencia-prepara-un-curso-formativo-para-el-sector-agroforestal\/\" title=\"La Universidad Polit\u00e9cnica de Valencia prepara un curso formativo para el sector agroforestal\">[+] <\/a><\/div>\n","protected":false},"author":12,"featured_media":291163,"comment_status":"open","ping_status":"open","sticky":false,"template":"","format":"standard","meta":{"footnotes":""},"categories":[4,169,236,37,138,139,128,8,72,117,142,28,27,3,235,29,234,120],"tags":[12385,10387,23801,12690],"class_list":{"0":"post-291161","1":"post","2":"type-post","3":"status-publish","4":"format-standard","5":"has-post-thumbnail","7":"category-agenda","8":"category-agricultura-la-comarca","9":"category-camporrobles","10":"category-caudete","11":"category-chera","12":"category-fuenterrobles","13":"category-infraestructuras","14":"category-la-comarca","15":"category-sin-categorizar","16":"category-medio-ambiente-la-comarca","17":"category-politica-la-comarca","18":"category-requena","19":"category-requena-utiel","20":"category-seccion","21":"category-sinarcas","22":"category-utiel","23":"category-venta-del-moro","24":"category-villargordo-del-cabriel","25":"tag-mancomunidad-del-interior-tierra-del-vino","26":"tag-requena-utiel","27":"tag-sector-agroforestal","28":"tag-upv"},"_links":{"self":[{"href":"https:\/\/www.tucomarca.com\/wordpress\/segunda\/wp-json\/wp\/v2\/posts\/291161","targetHints":{"allow":["GET"]}}],"collection":[{"href":"https:\/\/www.tucomarca.com\/wordpress\/segunda\/wp-json\/wp\/v2\/posts"}],"about":[{"href":"https:\/\/www.tucomarca.com\/wordpress\/segunda\/wp-json\/wp\/v2\/types\/post"}],"author":[{"embeddable":true,"href":"https:\/\/www.tucomarca.com\/wordpress\/segunda\/wp-json\/wp\/v2\/users\/12"}],"replies":[{"embeddable":true,"href":"https:\/\/www.tucomarca.com\/wordpress\/segunda\/wp-json\/wp\/v2\/comments?post=291161"}],"version-history":[{"count":0,"href":"https:\/\/www.tucomarca.com\/wordpress\/segunda\/wp-json\/wp\/v2\/posts\/291161\/revisions"}],"wp:featuredmedia":[{"embeddable":true,"href":"https:\/\/www.tucomarca.com\/wordpress\/segunda\/wp-json\/wp\/v2\/media\/291163"}],"wp:attachment":[{"href":"https:\/\/www.tucomarca.com\/wordpress\/segunda\/wp-json\/wp\/v2\/media?parent=291161"}],"wp:term":[{"taxonomy":"category","embeddable":true,"href":"https:\/\/www.tucomarca.com\/wordpress\/segunda\/wp-json\/wp\/v2\/categories?post=291161"},{"taxonomy":"post_tag","embeddable":true,"href":"https:\/\/www.tucomarca.com\/wordpress\/segunda\/wp-json\/wp\/v2\/tags?post=291161"}],"curies":[{"name":"wp","href":"https:\/\/api.w.org\/{rel}","templated":true}]}}