{"id":291168,"date":"2026-01-27T10:00:00","date_gmt":"2026-01-27T09:00:00","guid":{"rendered":"https:\/\/www.tucomarca.com\/wordpress\/segunda\/?p=291168"},"modified":"2026-01-27T19:21:37","modified_gmt":"2026-01-27T18:21:37","slug":"el-comisionado-para-la-recuperacion-mantiene-sus-primeros-encuentros-con-las-asociaciones-de-victimas-de-la-dana","status":"publish","type":"post","link":"https:\/\/www.tucomarca.com\/wordpress\/segunda\/el-comisionado-para-la-recuperacion-mantiene-sus-primeros-encuentros-con-las-asociaciones-de-victimas-de-la-dana\/","title":{"rendered":"El comisionado para la Recuperaci\u00f3n mantiene sus primeros encuentros con las asociaciones de v\u00edctimas de la DANA"},"content":{"rendered":"\n<h3 class=\"wp-block-heading\">Ra\u00fal Merida se ha reunido en los \u00faltimos d\u00edas con cinco\u00a0organizaciones: Tots a una Veu, Fondo Solidario, SOS Pica\u00f1a, Sociopolis Faitanar y Ecos del Agua Benet\u00fasser.<\/h3>\n\n\n\n<h3 class=\"wp-block-heading\">\u201cNuestro objetivo es dar una atenci\u00f3n directa, transparente y participativa e impulsar espacios estables de di\u00e1logo y colaboraci\u00f3n\u201d, ha se\u00f1alado el comisionado.<\/h3>\n\n\n\n<p>El Comisionado para la Recuperaci\u00f3n, Ra\u00fal M\u00e9rida, y la directora general de Atenci\u00f3n a las V\u00edctimas y a los Afectados, Amparo Clemente, ha mantenido a lo largo de esta semana sus primeros encuentros con las asociaciones de v\u00edctimas de la dana. En concreto, se ha reunido con cinco organizaciones: Tots a una Veu, Fondo Solidario, SOS Pica\u00f1a, Sociopolis Faitanar La Torre y Ecos del Agua de Benet\u00fasser.&nbsp;<\/p>\n\n\n\n<p>M\u00e9rida ha valorado la voluntad de di\u00e1logo de los afectados y ha se\u00f1alado que desde el Comisionado de la Generalitat \u201clas puertas siempre van a estar abiertas\u201d y que su disposici\u00f3n para hablar y llegar a acuerdos es \u201ctotal\u201d. En este sentido, ha expresado su voluntad de reunirse con todas las asociaciones, con las que se mantiene contacto a trav\u00e9s de la Direcci\u00f3n General de Atenci\u00f3n a las V\u00edctimas y a los Afectados integrado en el Comisionado para la Recuperaci\u00f3n.<\/p>\n\n\n\n<p>\u201cDesde el Comisionado aspiramos a servir de puente real entre la Generalitat y la ciudadan\u00eda y a contribuir a reestablecer la confianza mediante una atenci\u00f3n directa, transparente y participativa\u201d, ha indicado Ra\u00fal M\u00e9rida.<\/p>\n\n\n\n<p>El comisionado para la Recuperaci\u00f3n ha explicado que uno de los objetivos que tiene el Consell en esta segunda etapa, una vez transcurrido un a\u00f1o desde la riada, es \u201cimpulsar espacios estables de di\u00e1logo, colaboraci\u00f3n y corresponsabilidad con las asociaciones, plataformas ciudadanas y colectivos afectados por la riada\u201d.<\/p>\n\n\n\n<p>As\u00ed, ha abogado por facilitar \u201cuna participaci\u00f3n real de las v\u00edctimas y personas afectadas en el dise\u00f1o de las pol\u00edticas p\u00fablicas de recuperaci\u00f3n y de los proyectos que se van llevar a cabo, porque su experiencia y su vivencia resultan esenciales en la nueva sociedad que se est\u00e1 construyendo tras la cat\u00e1strofe\u201d.&nbsp;<\/p>\n\n\n\n<p>En esta l\u00ednea, ha se\u00f1alado que el proyecto de parques inundables constituye una infraestructura de prevenci\u00f3n frente a inundaciones, complementaria a las necesarias obras hidr\u00e1ulicas pendientes, pero al mismo tiempo supone tambi\u00e9n una apuesta por una \u201cinfraestructura verde pionera pensada para la ciudadan\u00eda que servir\u00e1 como espacio recreativo y de ocio\u201d.<\/p>\n\n\n\n<figure class=\"wp-block-gallery has-nested-images columns-default is-cropped wp-block-gallery-1 is-layout-flex wp-block-gallery-is-layout-flex\">\n<figure class=\"wp-block-image size-large\"><img loading=\"lazy\" decoding=\"async\" width=\"1024\" height=\"636\" data-id=\"291175\" src=\"https:\/\/www.tucomarca.com\/wordpress\/segunda\/wp-content\/uploads\/2026\/01\/ComDANAvictimas1-1024x636.jpg\" alt=\"\" class=\"wp-image-291175\" srcset=\"https:\/\/www.tucomarca.com\/wordpress\/segunda\/wp-content\/uploads\/2026\/01\/ComDANAvictimas1-1024x636.jpg 1024w, https:\/\/www.tucomarca.com\/wordpress\/segunda\/wp-content\/uploads\/2026\/01\/ComDANAvictimas1-300x186.jpg 300w, https:\/\/www.tucomarca.com\/wordpress\/segunda\/wp-content\/uploads\/2026\/01\/ComDANAvictimas1-768x477.jpg 768w, https:\/\/www.tucomarca.com\/wordpress\/segunda\/wp-content\/uploads\/2026\/01\/ComDANAvictimas1.jpg 1483w\" sizes=\"auto, (max-width: 1024px) 100vw, 1024px\" \/><\/figure>\n\n\n\n<figure class=\"wp-block-image size-large\"><img loading=\"lazy\" decoding=\"async\" width=\"1024\" height=\"768\" data-id=\"291171\" src=\"https:\/\/www.tucomarca.com\/wordpress\/segunda\/wp-content\/uploads\/2026\/01\/ComDANAvictimas3-1024x768.jpg\" alt=\"\" class=\"wp-image-291171\" srcset=\"https:\/\/www.tucomarca.com\/wordpress\/segunda\/wp-content\/uploads\/2026\/01\/ComDANAvictimas3-1024x768.jpg 1024w, https:\/\/www.tucomarca.com\/wordpress\/segunda\/wp-content\/uploads\/2026\/01\/ComDANAvictimas3-300x225.jpg 300w, https:\/\/www.tucomarca.com\/wordpress\/segunda\/wp-content\/uploads\/2026\/01\/ComDANAvictimas3-768x576.jpg 768w, https:\/\/www.tucomarca.com\/wordpress\/segunda\/wp-content\/uploads\/2026\/01\/ComDANAvictimas3-1536x1152.jpg 1536w, https:\/\/www.tucomarca.com\/wordpress\/segunda\/wp-content\/uploads\/2026\/01\/ComDANAvictimas3-678x509.jpg 678w, https:\/\/www.tucomarca.com\/wordpress\/segunda\/wp-content\/uploads\/2026\/01\/ComDANAvictimas3-326x245.jpg 326w, https:\/\/www.tucomarca.com\/wordpress\/segunda\/wp-content\/uploads\/2026\/01\/ComDANAvictimas3-80x60.jpg 80w, https:\/\/www.tucomarca.com\/wordpress\/segunda\/wp-content\/uploads\/2026\/01\/ComDANAvictimas3.jpg 1600w\" sizes=\"auto, (max-width: 1024px) 100vw, 1024px\" \/><\/figure>\n<\/figure>\n","protected":false},"excerpt":{"rendered":"<div class=\"mh-excerpt\">Ra\u00fal Merida se ha reunido en los \u00faltimos d\u00edas con cinco\u00a0organizaciones: Tots a una Veu, Fondo Solidario, SOS Pica\u00f1a, Sociopolis Faitanar y Ecos del Agua Benet\u00fasser. \u201cNuestro objetivo es dar una atenci\u00f3n directa, transparente y <a class=\"mh-excerpt-more\" href=\"https:\/\/www.tucomarca.com\/wordpress\/segunda\/el-comisionado-para-la-recuperacion-mantiene-sus-primeros-encuentros-con-las-asociaciones-de-victimas-de-la-dana\/\" title=\"El comisionado para la Recuperaci\u00f3n mantiene sus primeros encuentros con las asociaciones de v\u00edctimas de la DANA\">[+] <\/a><\/div>\n","protected":false},"author":12,"featured_media":291173,"comment_status":"open","ping_status":"open","sticky":false,"template":"","format":"gallery","meta":{"footnotes":""},"categories":[21465,128,8,72,117,142,3,116,45],"tags":[23804,23803,12831,10716],"class_list":{"0":"post-291168","1":"post","2":"type-post","3":"status-publish","4":"format-gallery","5":"has-post-thumbnail","7":"category-dana","8":"category-infraestructuras","9":"category-la-comarca","10":"category-sin-categorizar","11":"category-medio-ambiente-la-comarca","12":"category-politica-la-comarca","13":"category-seccion","14":"category-sucesos-la-comarca","15":"category-ventana","16":"tag-asociaciones-de-victimas-de-la-dana","17":"tag-comisionado-para-la-recuperacion","18":"tag-dana-2","19":"tag-generalitat-valenciana","20":"post_format-post-format-gallery"},"_links":{"self":[{"href":"https:\/\/www.tucomarca.com\/wordpress\/segunda\/wp-json\/wp\/v2\/posts\/291168","targetHints":{"allow":["GET"]}}],"collection":[{"href":"https:\/\/www.tucomarca.com\/wordpress\/segunda\/wp-json\/wp\/v2\/posts"}],"about":[{"href":"https:\/\/www.tucomarca.com\/wordpress\/segunda\/wp-json\/wp\/v2\/types\/post"}],"author":[{"embeddable":true,"href":"https:\/\/www.tucomarca.com\/wordpress\/segunda\/wp-json\/wp\/v2\/users\/12"}],"replies":[{"embeddable":true,"href":"https:\/\/www.tucomarca.com\/wordpress\/segunda\/wp-json\/wp\/v2\/comments?post=291168"}],"version-history":[{"count":0,"href":"https:\/\/www.tucomarca.com\/wordpress\/segunda\/wp-json\/wp\/v2\/posts\/291168\/revisions"}],"wp:featuredmedia":[{"embeddable":true,"href":"https:\/\/www.tucomarca.com\/wordpress\/segunda\/wp-json\/wp\/v2\/media\/291173"}],"wp:attachment":[{"href":"https:\/\/www.tucomarca.com\/wordpress\/segunda\/wp-json\/wp\/v2\/media?parent=291168"}],"wp:term":[{"taxonomy":"category","embeddable":true,"href":"https:\/\/www.tucomarca.com\/wordpress\/segunda\/wp-json\/wp\/v2\/categories?post=291168"},{"taxonomy":"post_tag","embeddable":true,"href":"https:\/\/www.tucomarca.com\/wordpress\/segunda\/wp-json\/wp\/v2\/tags?post=291168"}],"curies":[{"name":"wp","href":"https:\/\/api.w.org\/{rel}","templated":true}]}}