{"id":291212,"date":"2026-01-26T08:00:00","date_gmt":"2026-01-26T07:00:00","guid":{"rendered":"https:\/\/www.tucomarca.com\/wordpress\/segunda\/?p=291212"},"modified":"2026-01-26T21:11:54","modified_gmt":"2026-01-26T20:11:54","slug":"el-pspv-psoe-de-alborache-asegura-que-la-guarderia-municipal-deja-a-decenas-de-familias-sin-servicio-al-suspender-su-actividad-por-falta-de-calefaccion","status":"publish","type":"post","link":"https:\/\/www.tucomarca.com\/wordpress\/segunda\/el-pspv-psoe-de-alborache-asegura-que-la-guarderia-municipal-deja-a-decenas-de-familias-sin-servicio-al-suspender-su-actividad-por-falta-de-calefaccion\/","title":{"rendered":"El PSPV-PSOE de Alborache asegura que la guarder\u00eda municipal \u00abdeja a decenas de familias sin servicio\u00bb al suspender su actividad por falta de calefacci\u00f3n"},"content":{"rendered":"\n<p>Fuentes del Partido Socialista de Alborache han asegurado que la guarder\u00eda municipal \u00abatraviesa una situaci\u00f3n cr\u00edtica que ha obligado a suspender su actividad debido a la falta de calefacci\u00f3n en las aulas, donde se han registrado temperaturas de hasta\u00a0<strong>11 grados cent\u00edgrados<\/strong>, seg\u00fan denuncian las familias usuarias del centro\u00bb.<\/p>\n\n\n\n<p>Seg\u00fan el PSPV-PSOE local, \u00ablos padres y madres aseguran que\u00a0<strong>no fueron informados con antelaci\u00f3n<\/strong>\u00a0del problema y que la situaci\u00f3n se prolong\u00f3 durante varios d\u00edas, afectando directamente a la salud y al bienestar de los menores. Estamos hablando de ni\u00f1os y ni\u00f1as muy peque\u00f1os que han pasado fr\u00edo en un espacio que deber\u00eda garantizar condiciones m\u00ednimas de seguridad y confort\u00bb.<\/p>\n\n\n\n<p>Desde el Partido Socialista mantienen que la suspensi\u00f3n del servicio ha provocado \u00abun\u00a0<strong>grave problema de conciliaci\u00f3n familiar y laboral<\/strong>, especialmente en hogares donde ambos progenitores trabajan o no disponen de alternativas inmediatas. De un d\u00eda para otro nos hemos quedado sin guarder\u00eda, sin explicaciones claras y sin soluciones\u00bb.<\/p>\n\n\n\n<p>\u00abLas familias exigen\u00a0<strong>medidas urgentes y responsabilidades<\/strong>, as\u00ed como garant\u00edas de que el servicio se restablecer\u00e1 de forma inmediata y en condiciones adecuadas. No se trata de un imprevisto menor, sino de una falta de planificaci\u00f3n y mantenimien\u00bbto que no puede recaer sobre los ni\u00f1os\u00bb, tal como denuncian los socialistas, para quienes esta situaci\u00f3n \u00abse produce en un contexto de\u00a0<strong>recortes en servicios p\u00fablicos<\/strong>\u00a0que afectan de manera directa a la infancia y a los municipios peque\u00f1os. En este marco, las familias advierten de que la\u00a0<strong>financiaci\u00f3n auton\u00f3mica contin\u00faa siendo objeto de debate pol\u00edtico<\/strong>, una cuesti\u00f3n que consideran clave para asegurar el mantenimiento de servicios esenciales como la educaci\u00f3n infantil. Las decisiones pol\u00edticas tienen consecuencias reales en la vida cotidiana de las personas\u00bb.<\/p>\n\n\n\n<p>Desde del PSOE adelantan adem\u00e1s que las familias \u00abanuncian que\u00a0<strong>no descartan nuevas acciones<\/strong>\u00a0si no se ofrece una soluci\u00f3n inmediata, transparente y definitiva. Defender el bienestar de nuestros hijos no es una opci\u00f3n, es una obligaci\u00f3n\u00bb.<\/p>\n","protected":false},"excerpt":{"rendered":"<div class=\"mh-excerpt\">Fuentes del Partido Socialista de Alborache han asegurado que la guarder\u00eda municipal \u00abatraviesa una situaci\u00f3n cr\u00edtica que ha obligado a suspender su actividad debido a la falta de calefacci\u00f3n en las aulas, donde se han <a class=\"mh-excerpt-more\" href=\"https:\/\/www.tucomarca.com\/wordpress\/segunda\/el-pspv-psoe-de-alborache-asegura-que-la-guarderia-municipal-deja-a-decenas-de-familias-sin-servicio-al-suspender-su-actividad-por-falta-de-calefaccion\/\" title=\"El PSPV-PSOE de Alborache asegura que la guarder\u00eda municipal \u00abdeja a decenas de familias sin servicio\u00bb al suspender su actividad por falta de calefacci\u00f3n\">[+] <\/a><\/div>\n","protected":false},"author":12,"featured_media":291214,"comment_status":"open","ping_status":"open","sticky":false,"template":"","format":"standard","meta":{"footnotes":""},"categories":[19,128,8,10,142,3],"tags":[10386,5952,2412],"class_list":{"0":"post-291212","1":"post","2":"type-post","3":"status-publish","4":"format-standard","5":"has-post-thumbnail","7":"category-alborache","8":"category-infraestructuras","9":"category-la-comarca","10":"category-la-hoya","11":"category-politica-la-comarca","12":"category-seccion","13":"tag-alborache","14":"tag-la-hoya-de-bunol-chiva","15":"tag-pspv-psoe"},"_links":{"self":[{"href":"https:\/\/www.tucomarca.com\/wordpress\/segunda\/wp-json\/wp\/v2\/posts\/291212","targetHints":{"allow":["GET"]}}],"collection":[{"href":"https:\/\/www.tucomarca.com\/wordpress\/segunda\/wp-json\/wp\/v2\/posts"}],"about":[{"href":"https:\/\/www.tucomarca.com\/wordpress\/segunda\/wp-json\/wp\/v2\/types\/post"}],"author":[{"embeddable":true,"href":"https:\/\/www.tucomarca.com\/wordpress\/segunda\/wp-json\/wp\/v2\/users\/12"}],"replies":[{"embeddable":true,"href":"https:\/\/www.tucomarca.com\/wordpress\/segunda\/wp-json\/wp\/v2\/comments?post=291212"}],"version-history":[{"count":0,"href":"https:\/\/www.tucomarca.com\/wordpress\/segunda\/wp-json\/wp\/v2\/posts\/291212\/revisions"}],"wp:featuredmedia":[{"embeddable":true,"href":"https:\/\/www.tucomarca.com\/wordpress\/segunda\/wp-json\/wp\/v2\/media\/291214"}],"wp:attachment":[{"href":"https:\/\/www.tucomarca.com\/wordpress\/segunda\/wp-json\/wp\/v2\/media?parent=291212"}],"wp:term":[{"taxonomy":"category","embeddable":true,"href":"https:\/\/www.tucomarca.com\/wordpress\/segunda\/wp-json\/wp\/v2\/categories?post=291212"},{"taxonomy":"post_tag","embeddable":true,"href":"https:\/\/www.tucomarca.com\/wordpress\/segunda\/wp-json\/wp\/v2\/tags?post=291212"}],"curies":[{"name":"wp","href":"https:\/\/api.w.org\/{rel}","templated":true}]}}