{"id":291260,"date":"2026-01-26T22:00:00","date_gmt":"2026-01-26T21:00:00","guid":{"rendered":"https:\/\/www.tucomarca.com\/wordpress\/segunda\/?p=291260"},"modified":"2026-02-02T22:14:37","modified_gmt":"2026-02-02T21:14:37","slug":"video-juanfran-perez-llorca-destaca-la-apuesta-de-la-generalitat-valenciana-por-el-turismo-de-los-pueblos-del-interior","status":"publish","type":"post","link":"https:\/\/www.tucomarca.com\/wordpress\/segunda\/video-juanfran-perez-llorca-destaca-la-apuesta-de-la-generalitat-valenciana-por-el-turismo-de-los-pueblos-del-interior\/","title":{"rendered":"V\u00eddeo: Juanfran P\u00e9rez Llorca destaca la apuesta de la Generalitat Valenciana por el turismo de los pueblos del interior"},"content":{"rendered":"\n<figure class=\"wp-block-embed is-type-video is-provider-youtube wp-block-embed-youtube wp-embed-aspect-16-9 wp-has-aspect-ratio\"><div class=\"wp-block-embed__wrapper\">\n<iframe loading=\"lazy\" title=\"V\u00eddeo: Juanfran P\u00e9rez Llorca destaca la apuesta de la Generalitat por el turismo del interior\" width=\"500\" height=\"281\" src=\"https:\/\/www.youtube.com\/embed\/y4S9i89kYZQ?feature=oembed\" frameborder=\"0\" allow=\"accelerometer; autoplay; clipboard-write; encrypted-media; gyroscope; picture-in-picture; web-share\" referrerpolicy=\"strict-origin-when-cross-origin\" allowfullscreen><\/iframe>\n<\/div><\/figure>\n\n\n\n<p>El presidente de la Generalitat Valenciana, Juanfran P\u00e9rez Llorca, ha destacado a <strong>tucomarca televisi\u00f3n<\/strong> la apuesta del Consell que \u00e9l presidente por el turismo de los municipios del interior y ha detallado los t\u00e9rminos del Plan de Promoci\u00f3n tur\u00edstica destinado a promocionar los pueblos de las comarcas del interior de la Comunidad Valenciana que el gobierno valenciano ha presentado en la reciente edici\u00f3n de la Feria Internacional de Turismo, Fitur, 2026. <\/p>\n","protected":false},"excerpt":{"rendered":"<div class=\"mh-excerpt\">El presidente de la Generalitat Valenciana, Juanfran P\u00e9rez Llorca, ha destacado a tucomarca televisi\u00f3n la apuesta del Consell que \u00e9l presidente por el turismo de los municipios del interior y ha detallado los t\u00e9rminos del <a class=\"mh-excerpt-more\" href=\"https:\/\/www.tucomarca.com\/wordpress\/segunda\/video-juanfran-perez-llorca-destaca-la-apuesta-de-la-generalitat-valenciana-por-el-turismo-de-los-pueblos-del-interior\/\" title=\"V\u00eddeo: Juanfran P\u00e9rez Llorca destaca la apuesta de la Generalitat Valenciana por el turismo de los pueblos del interior\">[+] <\/a><\/div>\n","protected":false},"author":1,"featured_media":291261,"comment_status":"open","ping_status":"open","sticky":false,"template":"","format":"video","meta":{"footnotes":""},"categories":[49,38,128,8,72,10,7,142,45,26],"tags":[10716,23465,5952,10387],"class_list":{"0":"post-291260","1":"post","2":"type-post","3":"status-publish","4":"format-video","5":"has-post-thumbnail","7":"category-ademuz","8":"category-ayora-cofrentes","9":"category-infraestructuras","10":"category-la-comarca","11":"category-sin-categorizar","12":"category-la-hoya","13":"category-ocio-y-cultura","14":"category-politica-la-comarca","15":"category-ventana","16":"category-video","17":"tag-generalitat-valenciana","18":"tag-juanfran-perez-llorca","19":"tag-la-hoya-de-bunol-chiva","20":"tag-requena-utiel","21":"post_format-post-format-video"},"_links":{"self":[{"href":"https:\/\/www.tucomarca.com\/wordpress\/segunda\/wp-json\/wp\/v2\/posts\/291260","targetHints":{"allow":["GET"]}}],"collection":[{"href":"https:\/\/www.tucomarca.com\/wordpress\/segunda\/wp-json\/wp\/v2\/posts"}],"about":[{"href":"https:\/\/www.tucomarca.com\/wordpress\/segunda\/wp-json\/wp\/v2\/types\/post"}],"author":[{"embeddable":true,"href":"https:\/\/www.tucomarca.com\/wordpress\/segunda\/wp-json\/wp\/v2\/users\/1"}],"replies":[{"embeddable":true,"href":"https:\/\/www.tucomarca.com\/wordpress\/segunda\/wp-json\/wp\/v2\/comments?post=291260"}],"version-history":[{"count":0,"href":"https:\/\/www.tucomarca.com\/wordpress\/segunda\/wp-json\/wp\/v2\/posts\/291260\/revisions"}],"wp:featuredmedia":[{"embeddable":true,"href":"https:\/\/www.tucomarca.com\/wordpress\/segunda\/wp-json\/wp\/v2\/media\/291261"}],"wp:attachment":[{"href":"https:\/\/www.tucomarca.com\/wordpress\/segunda\/wp-json\/wp\/v2\/media?parent=291260"}],"wp:term":[{"taxonomy":"category","embeddable":true,"href":"https:\/\/www.tucomarca.com\/wordpress\/segunda\/wp-json\/wp\/v2\/categories?post=291260"},{"taxonomy":"post_tag","embeddable":true,"href":"https:\/\/www.tucomarca.com\/wordpress\/segunda\/wp-json\/wp\/v2\/tags?post=291260"}],"curies":[{"name":"wp","href":"https:\/\/api.w.org\/{rel}","templated":true}]}}