{"id":291302,"date":"2026-01-27T12:30:00","date_gmt":"2026-01-27T11:30:00","guid":{"rendered":"https:\/\/www.tucomarca.com\/wordpress\/segunda\/?p=291302"},"modified":"2026-01-27T19:57:45","modified_gmt":"2026-01-27T18:57:45","slug":"detenido-hasta-en-tres-ocasiones-por-hurtos-en-el-interior-de-vehiculos-en-lalcudia-carlet-y-benimodo","status":"publish","type":"post","link":"https:\/\/www.tucomarca.com\/wordpress\/segunda\/detenido-hasta-en-tres-ocasiones-por-hurtos-en-el-interior-de-vehiculos-en-lalcudia-carlet-y-benimodo\/","title":{"rendered":"Detenido hasta en tres ocasiones por hurtos en el interior de veh\u00edculos en L&#8217;Alc\u00f9dia, Carlet y Benimodo"},"content":{"rendered":"\n<h3 class=\"wp-block-heading\">El autor de los hechos actu\u00f3 entre los meses de diciembre y enero en las poblaciones de L\u2019Alcudia, Carlet y Benimodo.<\/h3>\n\n\n\n<p>La Guardia Civil ha detenido al autor de, al menos, 17 delitos cometidos entre los meses de diciembre y enero. 13 de ellos de robo con fuerza en el interior de veh\u00edculos, 3 de hurto en el interior de veh\u00edculo y uno de da\u00f1os en veh\u00edculo. Fue detenido hasta en 3 ocasiones.&nbsp;<\/p>\n\n\n\n<p>Se inici\u00f3 un dispositivo con motivo del incremento de los delitos de robo con fuerza en el interior de veh\u00edculo durante los meses de diciembre y enero en las poblaciones valencianas de L&#8217;Alcudia, Carlet, Benimodo.<\/p>\n\n\n\n<p>Todos estos delitos presentaban caracter\u00edsticas comunes en su <em>modus operandi<\/em> y franja horaria. Sol\u00edan cometerse durante la noche y, para la comisi\u00f3n, el autor fracturaba las ventanillas utilizando objetos contundentes, tales como trapas de alcantarilla o bien forzando las puertas con herramientas.<\/p>\n\n\n\n<p>Esa la madrugada del 2 al 3 de enero cuando los agentes sorprenden en la localidad de Benimodo a un hombre en el interior de un veh\u00edculo rebuscando entre sus pertenencias. Al percatarse de la presencia de los agentes, trata de salir huyendo, siendo interceptado y detenido como presunto autor de un supuesto delito de robo con fuerza en interior de veh\u00edculo. Entre sus pertenencias portaba herramientas susceptibles para ser utilizadas en delitos de esta tipolog\u00eda y la puerta del turismo se encontraba forzada. Adem\u00e1s, junto a este veh\u00edculo los agentes comprueban que hay otro veh\u00edculo que tambi\u00e9n hab\u00eda sido forzado y esta persona portaba pertenencias del mismo en su interior.<\/p>\n\n\n\n<p>Por estos hechos, el detenido fue puesto a disposici\u00f3n judicial y se acord\u00f3 su libertad.&nbsp;<\/p>\n\n\n\n<p>Pocos d\u00edas despu\u00e9s, la noche del d\u00eda 11 de enero de 2025, agentes de la Polic\u00eda Local de Carlet, procedieron a la detenci\u00f3n del mismo, al ser sorprendido de nuevo <em>in fraganti<\/em> durante la comisi\u00f3n otros dos robos en interior de veh\u00edculo en dicha localidad.<\/p>\n\n\n\n<p>Por estos hechos, el detenido fue de nuevo puesto a disposici\u00f3n judicial y de nuevo se acord\u00f3 su libertad.<\/p>\n\n\n\n<p>Por parte del \u00e1rea de investigaci\u00f3n de la Guardia Civil de Carlet, se contin\u00faan las gestiones para tratar de esclarecer los hechos delictivos de esta tipolog\u00eda ocurridos recientemente. A trav\u00e9s del visionado de las c\u00e1maras de video vigilancia del Ayuntamiento de Carlet se consigue demostrar su implicaci\u00f3n en otros 4 delitos. De nuevo, fue puesto a disposici\u00f3n judicial. En esta ocasi\u00f3n se decret\u00f3 su prisi\u00f3n provisional.<\/p>\n\n\n\n<p>El detenido es un hombre de 27 a\u00f1os y nacionaldiad espa\u00f1ola. Se le atribuyen los siguientes delitos: 13 robos con fuerza en el interior de veh\u00edculos, 3 hurtos en el interior de veh\u00edculos y 1 de da\u00f1os en veh\u00edculo.&nbsp;<\/p>\n\n\n\n<p>La investigaci\u00f3n ha sido llevada a cabo por agentes del Puesto Principal de Carlet.&nbsp;<\/p>\n\n\n\n<p>Las diligencias fueron entregadas en el Juzgado de Primera Instancia e Instrucci\u00f3n n\u00famero 1 de Carlet.&nbsp;<\/p>\n","protected":false},"excerpt":{"rendered":"<div class=\"mh-excerpt\">El autor de los hechos actu\u00f3 entre los meses de diciembre y enero en las poblaciones de L\u2019Alcudia, Carlet y Benimodo. La Guardia Civil ha detenido al autor de, al menos, 17 delitos cometidos entre <a class=\"mh-excerpt-more\" href=\"https:\/\/www.tucomarca.com\/wordpress\/segunda\/detenido-hasta-en-tres-ocasiones-por-hurtos-en-el-interior-de-vehiculos-en-lalcudia-carlet-y-benimodo\/\" title=\"Detenido hasta en tres ocasiones por hurtos en el interior de veh\u00edculos en L&#8217;Alc\u00f9dia, Carlet y Benimodo\">[+] <\/a><\/div>\n","protected":false},"author":1,"featured_media":291338,"comment_status":"open","ping_status":"open","sticky":false,"template":"","format":"standard","meta":{"footnotes":""},"categories":[277,291,292,8,42,3,116],"tags":[10462,22884,1407],"class_list":{"0":"post-291302","1":"post","2":"type-post","3":"status-publish","4":"format-standard","5":"has-post-thumbnail","7":"category-benimodo","8":"category-carlet","9":"category-lalcudia","10":"category-la-comarca","11":"category-la-ribera","12":"category-seccion","13":"category-sucesos-la-comarca","14":"tag-carlet","15":"tag-guardia-civil-de-carlet","16":"tag-ribera-alta"},"_links":{"self":[{"href":"https:\/\/www.tucomarca.com\/wordpress\/segunda\/wp-json\/wp\/v2\/posts\/291302","targetHints":{"allow":["GET"]}}],"collection":[{"href":"https:\/\/www.tucomarca.com\/wordpress\/segunda\/wp-json\/wp\/v2\/posts"}],"about":[{"href":"https:\/\/www.tucomarca.com\/wordpress\/segunda\/wp-json\/wp\/v2\/types\/post"}],"author":[{"embeddable":true,"href":"https:\/\/www.tucomarca.com\/wordpress\/segunda\/wp-json\/wp\/v2\/users\/1"}],"replies":[{"embeddable":true,"href":"https:\/\/www.tucomarca.com\/wordpress\/segunda\/wp-json\/wp\/v2\/comments?post=291302"}],"version-history":[{"count":0,"href":"https:\/\/www.tucomarca.com\/wordpress\/segunda\/wp-json\/wp\/v2\/posts\/291302\/revisions"}],"wp:featuredmedia":[{"embeddable":true,"href":"https:\/\/www.tucomarca.com\/wordpress\/segunda\/wp-json\/wp\/v2\/media\/291338"}],"wp:attachment":[{"href":"https:\/\/www.tucomarca.com\/wordpress\/segunda\/wp-json\/wp\/v2\/media?parent=291302"}],"wp:term":[{"taxonomy":"category","embeddable":true,"href":"https:\/\/www.tucomarca.com\/wordpress\/segunda\/wp-json\/wp\/v2\/categories?post=291302"},{"taxonomy":"post_tag","embeddable":true,"href":"https:\/\/www.tucomarca.com\/wordpress\/segunda\/wp-json\/wp\/v2\/tags?post=291302"}],"curies":[{"name":"wp","href":"https:\/\/api.w.org\/{rel}","templated":true}]}}