{"id":291480,"date":"2026-01-28T09:45:00","date_gmt":"2026-01-28T08:45:00","guid":{"rendered":"https:\/\/www.tucomarca.com\/wordpress\/segunda\/?p=291480"},"modified":"2026-01-28T19:42:32","modified_gmt":"2026-01-28T18:42:32","slug":"la-diputacio-acerca-la-memoria-democratica-a-la-juventud-a-traves-del-podcast-mural-memorialistic","status":"publish","type":"post","link":"https:\/\/www.tucomarca.com\/wordpress\/segunda\/la-diputacio-acerca-la-memoria-democratica-a-la-juventud-a-traves-del-podcast-mural-memorialistic\/","title":{"rendered":"La Diputaci\u00f3 acerca la memoria democr\u00e1tica a la juventud a trav\u00e9s del podcast \u2018Mural memorial\u00edstic\u2019"},"content":{"rendered":"\n<h3 class=\"wp-block-heading\">La vicepresidenta Nat\u00e0lia Enguix presenta junto a eldiario.es esta serie sonora, ya disponible en Spotify e iVoox, que da continuidad a los testimonios del Congreso Internacional de Memoria.<\/h3>\n\n\n\n<h3 class=\"wp-block-heading\">Enguix destaca que \u201cel podcast es un formato que utilizan miles de j\u00f3venes. Es una herramienta fundamental para acercar la historia a las nuevas generaciones y garantizar que la memoria no se pierda\u201d.<\/h3>\n\n\n\n<p>\u201cEl podcast es un formato clave que utilizan miles de j\u00f3venes hoy en d\u00eda; por lo tanto, es una herramienta fundamental para acercar la historia y la memoria a las nuevas generaciones y garantizar que no se pierda\u201d. Con estas palabras, la vicepresidenta primera de la Diputaci\u00f3 de Val\u00e8ncia, Nat\u00e0lia Enguix, inauguraba el encuentro \u2018Guardianes de la Memoria\u2019, organizado por elDiario.es, en colaboraci\u00f3n con el \u00e1rea de Memoria Democr\u00e1tica de la Diputaci\u00f3n, en el Museo Valenciano de la Ilustraci\u00f3n y de la Modernidad (MuVIM).&nbsp;<\/p>\n\n\n\n<p>Ante un sal\u00f3n de actos que ha congregado a m\u00e1s de un centenar de personas, Enguix ha reivindicado la necesidad de utilizar estos nuevos lenguajes para recuperar figuras y relatos olvidados y construir una sociedad m\u00e1s consciente y justa. Durante el acto, la vicepresidenta ha subrayado que esta apuesta por la comunicaci\u00f3n sonora, materializada en el podcast \u2018Mural memorial\u00edstic del Pa\u00eds Valenci\u00e0\u2019 \u2014disponible ya en Spotify e iVoox\u2014, es una pieza m\u00e1s de una estrategia global que cuenta con un presupuesto anual de dos millones de euros. En este sentido, Enguix ha afirmado que \u201cesta inversi\u00f3n nos permite consolidar programas educativos como \u2018Mem\u00f2ria a l\u2019Escola\u2019 o \u2018Mem\u00f2ria a les Biblioteques\u2019, as\u00ed como la puesta en marcha de nuestra nueva plataforma web y proyectos culturales como la exposici\u00f3n de Luis Vidal Corella, todos ellos dise\u00f1ados para que la juventud trabaje directamente con las fuentes originales de nuestra historia\u201d.<\/p>\n\n\n\n<p>El encuentro ha servido tambi\u00e9n para presentar los tres cap\u00edtulos de esta serie sonora escrita y locutada por las periodistas Laura Mart\u00ednez y Mar\u00eda Palau, bajo la direcci\u00f3n t\u00e9cnica de Julio G\u00f3mez Viv\u00f3. Respecto a este proyecto, Enguix ha explicado que \u201ceste podcast nace del Congreso Internacional impulsado por la Diputaci\u00f3n el pasado a\u00f1o, un foro que cont\u00f3 con expertos como Al\u00e1n Barroso, Anna Krekic o el relator de la ONU Bernard Duhaime, y que ha servido de base cient\u00edfica para crear este producto que analiza el pasado, presente y futuro de las pol\u00edticas de memoria y el empuje de las asociaciones memorialistas\u201d.<\/p>\n\n\n\n<p><strong>Guardianas de la memoria<\/strong><\/p>\n\n\n\n<p>Tras la presentaci\u00f3n, el acto ha dado paso a una mesa redonda donde la escritora Ana Campoy, la periodista Elena Tamarit y la presidenta de la Fossa 126 de Paterna, Mar\u00eda Navarro, moderadas por Mar\u00eda Palau, han profundizado en el papel de las mujeres como \u2018resistentes\u2019 y herederas de los vencidos. Durante el debate, se ha planteado la memoria, no como un ejercicio de nostalgia, sino como una \u00abresponsabilidad con el presente\u00bb y una herramienta de justicia.<\/p>\n\n\n\n<p>En este contexto, Nat\u00e0lia Enguix ha defendido la posici\u00f3n de la corporaci\u00f3n provincial frente al actual escenario pol\u00edtico al exponer que \u201cla Diputaci\u00f3 de Val\u00e8ncia es la \u00fanica instituci\u00f3n p\u00fablica valenciana que mantiene pol\u00edticas activas de memoria; es nuestra responsabilidad asegurar que estas acciones de reparaci\u00f3n no se detengan\u201d. La vicepresidenta ha coincidido con las ponentes en que \u00ababrir las fosas es un acto reparador colectivo\u00bb y ha reafirmado la implicaci\u00f3n de seguir apoyando econ\u00f3micamente a las asociaciones que trabajan en la localizaci\u00f3n de v\u00edctimas.&nbsp;<\/p>\n\n\n\n<p>De hecho, la diputada ha recordado que el plazo para la solicitud de ayudas destinadas a ayuntamientos y entidades memorialistas sigue abierto, tras haber incrementado la partida en 250.000 euros hasta alcanzar el mill\u00f3n de euros para 2026. \u201cSeguimos reforzando el apoyo econ\u00f3mico para la localizaci\u00f3n y exhumaci\u00f3n de v\u00edctimas porque abrir las fosas es un acto reparador colectivo\u201d, ha incidido.<\/p>\n\n\n\n<p>En el transcurso de la mesa, Ana Campoy ha destacado el feminismo como clave para \u00abmirar atr\u00e1s con otra perspectiva\u00bb, mientras que Elena Tamarit ha reivindicado la necesidad de instituciones comprometidas para combatir el \u00abcomplejo de inferioridad\u00bb de un pa\u00eds que vivi\u00f3 con miedo. Por su parte, Mar\u00eda Navarro ha recordado la importancia de la perseverancia para convertir el dolor en acci\u00f3n: \u201cHacer memoria es contar y es hacer justicia\u201d.<\/p>\n\n\n\n<p>La responsable de Memoria Democr\u00e1tica ha insistido en que el conjunto de estos recursos \u2014desde el audio hasta los archivos y las jornadas formativas\u2014 \u201cgarantizan que las nuevas generaciones tengan capacidad cr\u00edtica para liderar la reflexi\u00f3n sobre nuestro pasado\u201d. Como muestra de esta apuesta cultural, Enguix ha recomendado al p\u00fablico visitar en el propio MuVIM la exposici\u00f3n sobre el fotoperiodista Luis Vidal Corella, una cr\u00f3nica visual de la posguerra en Val\u00e8ncia que permanecer\u00e1 abierta al p\u00fablico hasta el pr\u00f3ximo 29 de marzo.<\/p>\n\n\n\n<p>Asimismo, Enguix ha subrayado que \u201cofrecer a la juventud herramientas que van desde el podcast hasta los archivos y las jornadas formativas es lo que garantiza que las nuevas generaciones tengan capacidad cr\u00edtica para liderar la reflexi\u00f3n sobre nuestro pasado y asegurar un futuro basado en la dignidad\u201d.<\/p>\n\n\n\n<figure class=\"wp-block-image size-large\"><img loading=\"lazy\" decoding=\"async\" width=\"1024\" height=\"683\" src=\"https:\/\/www.tucomarca.com\/wordpress\/segunda\/wp-content\/uploads\/2026\/01\/Dipu_MuralMemoriaDemocratica02-1024x683.jpeg\" alt=\"\" class=\"wp-image-291485\" srcset=\"https:\/\/www.tucomarca.com\/wordpress\/segunda\/wp-content\/uploads\/2026\/01\/Dipu_MuralMemoriaDemocratica02-1024x683.jpeg 1024w, https:\/\/www.tucomarca.com\/wordpress\/segunda\/wp-content\/uploads\/2026\/01\/Dipu_MuralMemoriaDemocratica02-300x200.jpeg 300w, https:\/\/www.tucomarca.com\/wordpress\/segunda\/wp-content\/uploads\/2026\/01\/Dipu_MuralMemoriaDemocratica02-768x512.jpeg 768w, https:\/\/www.tucomarca.com\/wordpress\/segunda\/wp-content\/uploads\/2026\/01\/Dipu_MuralMemoriaDemocratica02-1536x1024.jpeg 1536w, https:\/\/www.tucomarca.com\/wordpress\/segunda\/wp-content\/uploads\/2026\/01\/Dipu_MuralMemoriaDemocratica02-2048x1365.jpeg 2048w\" sizes=\"auto, (max-width: 1024px) 100vw, 1024px\" \/><\/figure>\n","protected":false},"excerpt":{"rendered":"<div class=\"mh-excerpt\">La vicepresidenta Nat\u00e0lia Enguix presenta junto a eldiario.es esta serie sonora, ya disponible en Spotify e iVoox, que da continuidad a los testimonios del Congreso Internacional de Memoria. Enguix destaca que \u201cel podcast es un <a class=\"mh-excerpt-more\" href=\"https:\/\/www.tucomarca.com\/wordpress\/segunda\/la-diputacio-acerca-la-memoria-democratica-a-la-juventud-a-traves-del-podcast-mural-memorialistic\/\" title=\"La Diputaci\u00f3 acerca la memoria democr\u00e1tica a la juventud a trav\u00e9s del podcast \u2018Mural memorial\u00edstic\u2019\">[+] <\/a><\/div>\n","protected":false},"author":13,"featured_media":291483,"comment_status":"open","ping_status":"open","sticky":false,"template":"","format":"standard","meta":{"footnotes":""},"categories":[72,7,3,45],"tags":[2142,20938,16618],"class_list":{"0":"post-291480","1":"post","2":"type-post","3":"status-publish","4":"format-standard","5":"has-post-thumbnail","7":"category-sin-categorizar","8":"category-ocio-y-cultura","9":"category-seccion","10":"category-ventana","11":"tag-la-comunitat","12":"tag-la-diputacio-de-valencia","13":"tag-memoria-democratica"},"_links":{"self":[{"href":"https:\/\/www.tucomarca.com\/wordpress\/segunda\/wp-json\/wp\/v2\/posts\/291480","targetHints":{"allow":["GET"]}}],"collection":[{"href":"https:\/\/www.tucomarca.com\/wordpress\/segunda\/wp-json\/wp\/v2\/posts"}],"about":[{"href":"https:\/\/www.tucomarca.com\/wordpress\/segunda\/wp-json\/wp\/v2\/types\/post"}],"author":[{"embeddable":true,"href":"https:\/\/www.tucomarca.com\/wordpress\/segunda\/wp-json\/wp\/v2\/users\/13"}],"replies":[{"embeddable":true,"href":"https:\/\/www.tucomarca.com\/wordpress\/segunda\/wp-json\/wp\/v2\/comments?post=291480"}],"version-history":[{"count":0,"href":"https:\/\/www.tucomarca.com\/wordpress\/segunda\/wp-json\/wp\/v2\/posts\/291480\/revisions"}],"wp:featuredmedia":[{"embeddable":true,"href":"https:\/\/www.tucomarca.com\/wordpress\/segunda\/wp-json\/wp\/v2\/media\/291483"}],"wp:attachment":[{"href":"https:\/\/www.tucomarca.com\/wordpress\/segunda\/wp-json\/wp\/v2\/media?parent=291480"}],"wp:term":[{"taxonomy":"category","embeddable":true,"href":"https:\/\/www.tucomarca.com\/wordpress\/segunda\/wp-json\/wp\/v2\/categories?post=291480"},{"taxonomy":"post_tag","embeddable":true,"href":"https:\/\/www.tucomarca.com\/wordpress\/segunda\/wp-json\/wp\/v2\/tags?post=291480"}],"curies":[{"name":"wp","href":"https:\/\/api.w.org\/{rel}","templated":true}]}}