{"id":291523,"date":"2026-01-29T12:00:00","date_gmt":"2026-01-29T11:00:00","guid":{"rendered":"https:\/\/www.tucomarca.com\/wordpress\/segunda\/?p=291523"},"modified":"2026-01-29T13:32:28","modified_gmt":"2026-01-29T12:32:28","slug":"la-generalitat-despliega-el-dispositivo-de-vialidad-invernal-con-actuaciones-en-el-interior-de-la-provincia-de-valencia","status":"publish","type":"post","link":"https:\/\/www.tucomarca.com\/wordpress\/segunda\/la-generalitat-despliega-el-dispositivo-de-vialidad-invernal-con-actuaciones-en-el-interior-de-la-provincia-de-valencia\/","title":{"rendered":"La Generalitat despliega el dispositivo de vialidad invernal con actuaciones en el interior de la provincia de Valencia"},"content":{"rendered":"\n<h3 class=\"wp-block-heading\">Desde finales de 2025 est\u00e1n preparadas las diferentes unidades que ya hab\u00edan actuado en la provincia de Castell\u00f3n.<\/h3>\n\n\n\n<h3 class=\"wp-block-heading\">Los efectivos han comenzado a realizar trabajos en la CV-35 a la altura de Titaguas y Aras de los Olmos, as\u00ed como en la CV-355.<\/h3>\n\n\n\n<p>La Direcci\u00f3n General de Infraestructuras Terrestres de la Vicepresidencia Tercera y Conselleria de Medio Ambiente, Infraestructuras, Territorio y de la Recuperaci\u00f3n ha desplegado el dispositivo de vialidad invernal en el interior de la provincia de Valencia, ante las \u00faltimas nevadas registradas.<\/p>\n\n\n\n<p>El dispositivo fue activado a finales de 2025 y se despleg\u00f3 en la provincia de Castell\u00f3n, aunque todav\u00eda no se hab\u00eda llegado a desplegar en la de Valencia. El dispositivo tiene como objetivo hacer frente a las nevadas para garantizar la movilidad en las carreteras de la red auton\u00f3mica y actuar con medidas preventivas, mediante el esparcido de sal y salmuera en diferentes v\u00edas. En el interior de la provincia de Valencia se est\u00e1 trabajando en este sentido durante este mi\u00e9rcoles.<\/p>\n\n\n\n<figure class=\"wp-block-image size-large\"><img loading=\"lazy\" decoding=\"async\" width=\"1024\" height=\"691\" src=\"https:\/\/www.tucomarca.com\/wordpress\/segunda\/wp-content\/uploads\/2026\/01\/Dispositivo_nevadasGVA3-1024x691.jpg\" alt=\"\" class=\"wp-image-291527\" srcset=\"https:\/\/www.tucomarca.com\/wordpress\/segunda\/wp-content\/uploads\/2026\/01\/Dispositivo_nevadasGVA3-1024x691.jpg 1024w, https:\/\/www.tucomarca.com\/wordpress\/segunda\/wp-content\/uploads\/2026\/01\/Dispositivo_nevadasGVA3-300x202.jpg 300w, https:\/\/www.tucomarca.com\/wordpress\/segunda\/wp-content\/uploads\/2026\/01\/Dispositivo_nevadasGVA3-768x518.jpg 768w, https:\/\/www.tucomarca.com\/wordpress\/segunda\/wp-content\/uploads\/2026\/01\/Dispositivo_nevadasGVA3.jpg 1181w\" sizes=\"auto, (max-width: 1024px) 100vw, 1024px\" \/><\/figure>\n\n\n\n<p>As\u00ed, los recursos humanos y materiales han comenzado a actuar en tramos de la CV-35, a la altura de Titaguas y Aras de los Olmos, as\u00ed como en la CV-355, con actuaciones preventivas para evitar la acumulaci\u00f3n de nieve y la formaci\u00f3n de placas de hielo.<\/p>\n\n\n\n<p>Adem\u00e1s, la Generalitat, en colaboraci\u00f3n con las empresas encargadas de la conservaci\u00f3n viaria, cuenta con m\u00e1quinas quitanieves equipadas con esparcidores y fresadoras, preparadas para intervenir en caso necesario en diferentes puntos las provincias de Castell\u00f3n, Alicante y Valencia.<\/p>\n\n\n\n<p>La Vicepresidencia Tercera mantiene un seguimiento continuo de la situaci\u00f3n meteorol\u00f3gica y de la evoluci\u00f3n del estado de las carreteras, con el objetivo de actuar de forma coordinada y anticipada para garantizar la seguridad vial y minimizar las afecciones al tr\u00e1fico en la red auton\u00f3mica.<\/p>\n","protected":false},"excerpt":{"rendered":"<div class=\"mh-excerpt\">Desde finales de 2025 est\u00e1n preparadas las diferentes unidades que ya hab\u00edan actuado en la provincia de Castell\u00f3n. Los efectivos han comenzado a realizar trabajos en la CV-35 a la altura de Titaguas y Aras <a class=\"mh-excerpt-more\" href=\"https:\/\/www.tucomarca.com\/wordpress\/segunda\/la-generalitat-despliega-el-dispositivo-de-vialidad-invernal-con-actuaciones-en-el-interior-de-la-provincia-de-valencia\/\" title=\"La Generalitat despliega el dispositivo de vialidad invernal con actuaciones en el interior de la provincia de Valencia\">[+] <\/a><\/div>\n","protected":false},"author":12,"featured_media":291525,"comment_status":"open","ping_status":"open","sticky":false,"template":"","format":"standard","meta":{"footnotes":""},"categories":[101,128,8,72,59,117,142,3,116,189,45],"tags":[8766,23825,10716,10400,10443],"class_list":{"0":"post-291523","1":"post","2":"type-post","3":"status-publish","4":"format-standard","5":"has-post-thumbnail","7":"category-aras-de-olmos","8":"category-infraestructuras","9":"category-la-comarca","10":"category-sin-categorizar","11":"category-los-serranos","12":"category-medio-ambiente-la-comarca","13":"category-politica-la-comarca","14":"category-seccion","15":"category-sucesos-la-comarca","16":"category-titaguas","17":"category-ventana","18":"tag-aras-de-los-olmos","19":"tag-dispositivo-de-vialidad-invernal","20":"tag-generalitat-valenciana","21":"tag-los-serranos","22":"tag-titaguas"},"_links":{"self":[{"href":"https:\/\/www.tucomarca.com\/wordpress\/segunda\/wp-json\/wp\/v2\/posts\/291523","targetHints":{"allow":["GET"]}}],"collection":[{"href":"https:\/\/www.tucomarca.com\/wordpress\/segunda\/wp-json\/wp\/v2\/posts"}],"about":[{"href":"https:\/\/www.tucomarca.com\/wordpress\/segunda\/wp-json\/wp\/v2\/types\/post"}],"author":[{"embeddable":true,"href":"https:\/\/www.tucomarca.com\/wordpress\/segunda\/wp-json\/wp\/v2\/users\/12"}],"replies":[{"embeddable":true,"href":"https:\/\/www.tucomarca.com\/wordpress\/segunda\/wp-json\/wp\/v2\/comments?post=291523"}],"version-history":[{"count":0,"href":"https:\/\/www.tucomarca.com\/wordpress\/segunda\/wp-json\/wp\/v2\/posts\/291523\/revisions"}],"wp:featuredmedia":[{"embeddable":true,"href":"https:\/\/www.tucomarca.com\/wordpress\/segunda\/wp-json\/wp\/v2\/media\/291525"}],"wp:attachment":[{"href":"https:\/\/www.tucomarca.com\/wordpress\/segunda\/wp-json\/wp\/v2\/media?parent=291523"}],"wp:term":[{"taxonomy":"category","embeddable":true,"href":"https:\/\/www.tucomarca.com\/wordpress\/segunda\/wp-json\/wp\/v2\/categories?post=291523"},{"taxonomy":"post_tag","embeddable":true,"href":"https:\/\/www.tucomarca.com\/wordpress\/segunda\/wp-json\/wp\/v2\/tags?post=291523"}],"curies":[{"name":"wp","href":"https:\/\/api.w.org\/{rel}","templated":true}]}}