{"id":291547,"date":"2026-01-29T09:45:00","date_gmt":"2026-01-29T08:45:00","guid":{"rendered":"https:\/\/www.tucomarca.com\/wordpress\/segunda\/?p=291547"},"modified":"2026-01-29T19:17:35","modified_gmt":"2026-01-29T18:17:35","slug":"la-falla-nuevo-bunol-inicia-este-sabado-el-ciclo-de-presentaciones-y-exalta-a-sus-falleras-mayores-2026","status":"publish","type":"post","link":"https:\/\/www.tucomarca.com\/wordpress\/segunda\/la-falla-nuevo-bunol-inicia-este-sabado-el-ciclo-de-presentaciones-y-exalta-a-sus-falleras-mayores-2026\/","title":{"rendered":"La Falla Nuevo Bu\u00f1ol inicia este s\u00e1bado el ciclo de presentaciones y exalta a sus Falleras Mayores 2026"},"content":{"rendered":"\n<p>La Falla Nuevo Bu\u00f1ol celebrar\u00e1 este s\u00e1bado,<strong> 31 de enero de 2026<\/strong>, a las <strong>18,30 horas<\/strong>, en el <strong>Teatro Montecarlo<\/strong>, uno de los actos m\u00e1s esperados de su calendario fallero: la <strong>Presentaci\u00f3n y Exaltaci\u00f3n de las Falleras Mayores 2026<\/strong>, junto al presidente infantil y sus Cortes de Honor.<\/p>\n\n\n<div class=\"wp-block-image\">\n<figure class=\"alignleft size-large is-resized\"><img loading=\"lazy\" decoding=\"async\" width=\"1024\" height=\"1024\" src=\"https:\/\/www.tucomarca.com\/wordpress\/segunda\/wp-content\/uploads\/2026\/01\/nuevoBunol2-1024x1024.jpg\" alt=\"\" class=\"wp-image-291552\" style=\"width:395px;height:auto\" srcset=\"https:\/\/www.tucomarca.com\/wordpress\/segunda\/wp-content\/uploads\/2026\/01\/nuevoBunol2-1024x1024.jpg 1024w, https:\/\/www.tucomarca.com\/wordpress\/segunda\/wp-content\/uploads\/2026\/01\/nuevoBunol2-300x300.jpg 300w, https:\/\/www.tucomarca.com\/wordpress\/segunda\/wp-content\/uploads\/2026\/01\/nuevoBunol2-290x290.jpg 290w, https:\/\/www.tucomarca.com\/wordpress\/segunda\/wp-content\/uploads\/2026\/01\/nuevoBunol2-768x768.jpg 768w, https:\/\/www.tucomarca.com\/wordpress\/segunda\/wp-content\/uploads\/2026\/01\/nuevoBunol2.jpg 1080w\" sizes=\"auto, (max-width: 1024px) 100vw, 1024px\" \/><\/figure>\n<\/div>\n\n\n<p>En este emotivo acto, la comisi\u00f3n proclamar\u00e1 oficialmente a sus m\u00e1ximas representantes para el nuevo ejercicio fallero: <strong>Ana Garrigues Gin\u00e9s<\/strong>, como Fallera Mayor, y <strong>Paula Azor\u00edn S\u00e1nchez<\/strong>, como Fallera Mayor Infantil, quienes ser\u00e1n las grandes protagonistas de una tarde cargada de emoci\u00f3n, simbolismo y tradici\u00f3n.<\/p>\n\n\n\n<p>La exaltaci\u00f3n marcar\u00e1 el inicio oficial del camino hacia las Fallas 2026 para la comisi\u00f3n, en un evento que reunir\u00e1 a falleros y falleras, familiares, autoridades y vecinos, y que pondr\u00e1 de manifiesto la ilusi\u00f3n y el trabajo colectivo de la Falla Nuevo Bu\u00f1ol. El acto servir\u00e1 tambi\u00e9n para rendir homenaje a las Cortes de Honor y al presidente infantil, piezas fundamentales de la vida fallera de la comisi\u00f3n.<\/p>\n\n\n\n<p>La Falla Nuevo Bu\u00f1ol da el pistoletazo de salida a un nuevo ejercicio fallero que se presenta lleno de actos, convivencia y pasi\u00f3n por una de las fiestas m\u00e1s arraigadas del municipio.<\/p>\n","protected":false},"excerpt":{"rendered":"<div class=\"mh-excerpt\">La Falla Nuevo Bu\u00f1ol celebrar\u00e1 este s\u00e1bado, 31 de enero de 2026, a las 18,30 horas, en el Teatro Montecarlo, uno de los actos m\u00e1s esperados de su calendario fallero: la Presentaci\u00f3n y Exaltaci\u00f3n de <a class=\"mh-excerpt-more\" href=\"https:\/\/www.tucomarca.com\/wordpress\/segunda\/la-falla-nuevo-bunol-inicia-este-sabado-el-ciclo-de-presentaciones-y-exalta-a-sus-falleras-mayores-2026\/\" title=\"La Falla Nuevo Bu\u00f1ol inicia este s\u00e1bado el ciclo de presentaciones y exalta a sus Falleras Mayores 2026\">[+] <\/a><\/div>\n","protected":false},"author":12,"featured_media":291549,"comment_status":"open","ping_status":"open","sticky":false,"template":"","format":"standard","meta":{"footnotes":""},"categories":[4,18,8,10,7,3],"tags":[10385,7944,23198,5952],"class_list":{"0":"post-291547","1":"post","2":"type-post","3":"status-publish","4":"format-standard","5":"has-post-thumbnail","7":"category-agenda","8":"category-bunol","9":"category-la-comarca","10":"category-la-hoya","11":"category-ocio-y-cultura","12":"category-seccion","13":"tag-bunol","14":"tag-falla-nuevo-bunol","15":"tag-fallas-2026","16":"tag-la-hoya-de-bunol-chiva"},"_links":{"self":[{"href":"https:\/\/www.tucomarca.com\/wordpress\/segunda\/wp-json\/wp\/v2\/posts\/291547","targetHints":{"allow":["GET"]}}],"collection":[{"href":"https:\/\/www.tucomarca.com\/wordpress\/segunda\/wp-json\/wp\/v2\/posts"}],"about":[{"href":"https:\/\/www.tucomarca.com\/wordpress\/segunda\/wp-json\/wp\/v2\/types\/post"}],"author":[{"embeddable":true,"href":"https:\/\/www.tucomarca.com\/wordpress\/segunda\/wp-json\/wp\/v2\/users\/12"}],"replies":[{"embeddable":true,"href":"https:\/\/www.tucomarca.com\/wordpress\/segunda\/wp-json\/wp\/v2\/comments?post=291547"}],"version-history":[{"count":0,"href":"https:\/\/www.tucomarca.com\/wordpress\/segunda\/wp-json\/wp\/v2\/posts\/291547\/revisions"}],"wp:featuredmedia":[{"embeddable":true,"href":"https:\/\/www.tucomarca.com\/wordpress\/segunda\/wp-json\/wp\/v2\/media\/291549"}],"wp:attachment":[{"href":"https:\/\/www.tucomarca.com\/wordpress\/segunda\/wp-json\/wp\/v2\/media?parent=291547"}],"wp:term":[{"taxonomy":"category","embeddable":true,"href":"https:\/\/www.tucomarca.com\/wordpress\/segunda\/wp-json\/wp\/v2\/categories?post=291547"},{"taxonomy":"post_tag","embeddable":true,"href":"https:\/\/www.tucomarca.com\/wordpress\/segunda\/wp-json\/wp\/v2\/tags?post=291547"}],"curies":[{"name":"wp","href":"https:\/\/api.w.org\/{rel}","templated":true}]}}