{"id":291603,"date":"2026-01-29T11:50:00","date_gmt":"2026-01-29T10:50:00","guid":{"rendered":"https:\/\/www.tucomarca.com\/wordpress\/segunda\/?p=291603"},"modified":"2026-01-29T19:54:33","modified_gmt":"2026-01-29T18:54:33","slug":"mas-de-dos-mil-agricultores-y-200-tractores-reclaman-en-valencia-un-futuro-para-el-campo-y-la-soberania-alimentaria","status":"publish","type":"post","link":"https:\/\/www.tucomarca.com\/wordpress\/segunda\/mas-de-dos-mil-agricultores-y-200-tractores-reclaman-en-valencia-un-futuro-para-el-campo-y-la-soberania-alimentaria\/","title":{"rendered":"M\u00e1s de dos mil agricultores y 200 tractores reclaman en Valencia \u00abun futuro para el campo y la soberan\u00eda alimentaria\u00bb"},"content":{"rendered":"\n<p>La ciudad de Valencia protagoniz\u00f3 hoy una de las movilizaciones m\u00e1s multitudinarias acontecidas en el &#8216;superjueves&#8217; del campo espa\u00f1ol, con una treintena de protestas en toda Espa\u00f1a contra las pol\u00edticas agrarias de la Uni\u00f3n Europea. M\u00e1s de 2.000 agricultores y 200 tractores asistieron desde diferentes comarcas a una manifestaci\u00f3n convocada por las organizaciones profesionales agrarias de la Comunitat Valenciana -la Asociaci\u00f3n Valenciana de Agricultores (AVA-Asaja), La Uni\u00f3 Llauradora i Ramadera, la Coordinadora Campesina del Pa\u00eds Valenciano (CCPV-COAG) y la Uni\u00f3n de Peque\u00f1os Agricultores y Ganaderos (UPA-PV)-, con el apoyo de Cooperatives Agro-aliment\u00e0ries de la Comunitat Valenciana y otras entidades sociales y empresariales, en la que el conjunto del sector agrario rechaz\u00f3 los acuerdos comerciales sin reciprocidad -como el tratado de Mercosur- y las pol\u00edticas que est\u00e1 llevando a cabo la Uni\u00f3n Europea y reclamaron \u00abun futuro digno para el campo y la soberan\u00eda alimentaria\u00bb.<\/p>\n\n\n\n<p>Dos caravanas de tractores llegaron a la capital del Turia desde La Ribera Baixa (la ruta tuvo paradas en Cullera, Sueca,&nbsp;Sollana, El Roman\u00ed, Silla y Sedav\u00ed) y L&#8217;Horta Sud (con punto de concentraci\u00f3n en Meliana y atravesando Alm\u00e0ssera y Tavernes Blanques). Tanto los tractores como las personas confluyeron enfrente de la Confederaci\u00f3n Hidrogr\u00e1fica del J\u00facar (CHJ), en la avenida Blasco Ib\u00e1\u00f1ez, provocando problemas de tr\u00e1fico en algunas de las principales entradas y v\u00edas de la ciudad.<\/p>\n\n\n\n<p>Los dirigentes agrarios exigieron ante la CHJ, organismo dependiente del Ministerio para la Transici\u00f3n Ecol\u00f3gica, el pago de una indemnizaci\u00f3n justa y suficiente para compensar la usurpaci\u00f3n de la propiedad de aquellas parcelas arrasadas por la DANA que van a pasar a Dominio P\u00fablico Hidr\u00e1ulico (DPH). Tambi\u00e9n exigieron m\u00e1s recursos h\u00eddricos para garantizar una producci\u00f3n estable y de calidad, agilizar las obras de reconstrucci\u00f3n y poner en marcha las infraestructuras hidr\u00e1ulicas que esta riada ha evidenciado que son necesarias.<\/p>\n\n\n\n<p>Durante el recorrido, el sector escenific\u00f3 con disfraces y pancartas los productos agrarios valencianos castigados por la competencia desleal del acuerdo con Mercosur: naranjas que criticaron \u00abel zumo de Brasil reci\u00e9n exprimido desde 8.000 kil\u00f3metros\u00bb, paquetes de arroz que denunciaron \u00ablas materias fitosanitarias que est\u00e1n prohibidas en la Albufera pero s\u00ed se permiten a los arroces de Uruguay\u00bb, vacas europeas en contraposici\u00f3n con \u00abvacas hormonadas de Argentina\u00bb y apicultores que alertaron de la entrada sin arancel de \u00abmieles de menor calidad y bajo coste\u00bb.<\/p>\n\n\n\n<p>En las Torres de Serranos, un agricultor, Gabriel Matos, presidente de la comunidad de regantes del r\u00edo Alcoy, pronunci\u00f3 en nombre del sector un discurso recreando la figura del Palleter \u00abpara declarar la guerra a la Comisi\u00f3n Europea, por atacar a los agricultores, imponer un Pacto Verde de espaldas al campo y poner en peligro nuestra soberan\u00eda alimentaria\u00bb.&nbsp;<\/p>\n\n\n\n<figure class=\"wp-block-image size-full\"><img loading=\"lazy\" decoding=\"async\" width=\"800\" height=\"880\" src=\"https:\/\/www.tucomarca.com\/wordpress\/segunda\/wp-content\/uploads\/2026\/01\/TractoradaValencia2.jpg\" alt=\"\" class=\"wp-image-291606\" srcset=\"https:\/\/www.tucomarca.com\/wordpress\/segunda\/wp-content\/uploads\/2026\/01\/TractoradaValencia2.jpg 800w, https:\/\/www.tucomarca.com\/wordpress\/segunda\/wp-content\/uploads\/2026\/01\/TractoradaValencia2-273x300.jpg 273w, https:\/\/www.tucomarca.com\/wordpress\/segunda\/wp-content\/uploads\/2026\/01\/TractoradaValencia2-768x845.jpg 768w\" sizes=\"auto, (max-width: 800px) 100vw, 800px\" \/><\/figure>\n\n\n\n<p>La marcha finaliz\u00f3 a las puertas de la Delegaci\u00f3n del Gobierno, donde los dirigentes de CCPV-COAG, UPA-PV, LA UNI\u00d3 y AVA-ASAJA lanzaron productos agrarios en crisis y dirigieron discursos contra los acuerdos comerciales de la Uni\u00f3n Europea firmados sin reciprocidad, los recortes de la Pol\u00edtica Agr\u00edcola Com\u00fan (PAC), el exceso de burocracia y las pol\u00edticas que amenazan el futuro del campo y de la alimentaci\u00f3n europea.&nbsp;<\/p>\n\n\n\n<p>En primer lugar, rechazaron la propuesta actual del acuerdo comercial de la UE con Mercosur, exigiendo un estudio de impacto sobre el sector agrario objetivo y cre\u00edble, reciprocidad, cl\u00e1usulas de salvaguardia verdaderamente eficaces y complementariedad con la producci\u00f3n europea. En la misma l\u00ednea, solicitaron revisar todos los acuerdos vigentes y futuros con terceros pa\u00edses, especialmente con Egipto, Turqu\u00eda, Marruecos y Sud\u00e1frica.<\/p>\n\n\n\n<p>El sector tambi\u00e9n se opuso a la propuesta de la Comisi\u00f3n Europea sobre el Marco Financiero Plurianual (MFP) y la PAC post-2027, que contempla la integraci\u00f3n de la PAC en un fondo \u00fanico, desmantelando su especificidad hist\u00f3rica; un recorte del 22% del presupuesto; la eliminaci\u00f3n de los dos pilares tradicionales de la PAC; un aumento de la complejidad administrativa; y la tendencia a una renacionalizaci\u00f3n de los fondos.<\/p>\n\n\n\n<p>Otra reivindicaci\u00f3n reiterada fue la simplificaci\u00f3n, seguridad jur\u00eddica y la puesta en marcha de regulaciones m\u00e1s adaptadas a la realidad agraria que no impliquen una p\u00e9rdida de competitividad; la voluntariedad indefinida del cuaderno digital de explotaci\u00f3n; y reorientar las pol\u00edticas del Gobierno espa\u00f1ol priorizando la agricultura sobre las normativas medioambientales, siempre basadas en criterios cient\u00edficos. Al respecto, pidieron reemplazar la Ley de Restauraci\u00f3n de la Naturaleza, que establece m\u00e1s limitaciones a la actividad, por una Ley de Restauraci\u00f3n de la Agricultura.<\/p>\n\n\n\n<p>Entre las medidas solicitadas igualmente destacaron intensificar y armonizar los controles fitosanitarios de plagas y enfermedades en los puertos de entrada, inspecciones en origen, extensi\u00f3n y rigurosidad del tratamiento en fr\u00edo y, en caso de excesivos incumplimientos, la suspensi\u00f3n de las exportaciones a la UE; una nueva pol\u00edtica hidrol\u00f3gica que contemple la construcci\u00f3n de infraestructuras para almacenar y distribuir agua, as\u00ed como un redimensionamiento de los caudales ecol\u00f3gicos y una apuesta por la reutilizaci\u00f3n de las aguas depuradas; mejorar los seguros agrarios para cubrir todos los riesgos de clima y fauna salvaje; e impulsar las autorizaciones excepcionales de fitosanitarios que no cuentan con alternativas eficaces en la lucha contra plagas y enfermedades vegetales.<\/p>\n\n\n\n<p>Finalmente, las organizaciones agrarias coincidieron en pedir una Ley Emergencia por da\u00f1os de fauna salvaje; adaptar la Reforma Laboral a las necesidades de las campa\u00f1as agrarias; actualizar los m\u00f3dulos del IRPF agrario; y revisar el C\u00f3digo Penal y aumentar los recursos para mejorar la lucha contra los robos.<\/p>\n","protected":false},"excerpt":{"rendered":"<div class=\"mh-excerpt\">La ciudad de Valencia protagoniz\u00f3 hoy una de las movilizaciones m\u00e1s multitudinarias acontecidas en el &#8216;superjueves&#8217; del campo espa\u00f1ol, con una treintena de protestas en toda Espa\u00f1a contra las pol\u00edticas agrarias de la Uni\u00f3n Europea. <a class=\"mh-excerpt-more\" href=\"https:\/\/www.tucomarca.com\/wordpress\/segunda\/mas-de-dos-mil-agricultores-y-200-tractores-reclaman-en-valencia-un-futuro-para-el-campo-y-la-soberania-alimentaria\/\" title=\"M\u00e1s de dos mil agricultores y 200 tractores reclaman en Valencia \u00abun futuro para el campo y la soberan\u00eda alimentaria\u00bb\">[+] <\/a><\/div>\n","protected":false},"author":1,"featured_media":291604,"comment_status":"open","ping_status":"open","sticky":false,"template":"","format":"standard","meta":{"footnotes":""},"categories":[169,21465,128,8,72,42,117,142,3,116,45],"tags":[85,328,2142,8686],"class_list":{"0":"post-291603","1":"post","2":"type-post","3":"status-publish","4":"format-standard","5":"has-post-thumbnail","7":"category-agricultura-la-comarca","8":"category-dana","9":"category-infraestructuras","10":"category-la-comarca","11":"category-sin-categorizar","12":"category-la-ribera","13":"category-medio-ambiente-la-comarca","14":"category-politica-la-comarca","15":"category-seccion","16":"category-sucesos-la-comarca","17":"category-ventana","18":"tag-agricultura","19":"tag-ava-asaja","20":"tag-la-comunitat","21":"tag-la-unio"},"_links":{"self":[{"href":"https:\/\/www.tucomarca.com\/wordpress\/segunda\/wp-json\/wp\/v2\/posts\/291603","targetHints":{"allow":["GET"]}}],"collection":[{"href":"https:\/\/www.tucomarca.com\/wordpress\/segunda\/wp-json\/wp\/v2\/posts"}],"about":[{"href":"https:\/\/www.tucomarca.com\/wordpress\/segunda\/wp-json\/wp\/v2\/types\/post"}],"author":[{"embeddable":true,"href":"https:\/\/www.tucomarca.com\/wordpress\/segunda\/wp-json\/wp\/v2\/users\/1"}],"replies":[{"embeddable":true,"href":"https:\/\/www.tucomarca.com\/wordpress\/segunda\/wp-json\/wp\/v2\/comments?post=291603"}],"version-history":[{"count":0,"href":"https:\/\/www.tucomarca.com\/wordpress\/segunda\/wp-json\/wp\/v2\/posts\/291603\/revisions"}],"wp:featuredmedia":[{"embeddable":true,"href":"https:\/\/www.tucomarca.com\/wordpress\/segunda\/wp-json\/wp\/v2\/media\/291604"}],"wp:attachment":[{"href":"https:\/\/www.tucomarca.com\/wordpress\/segunda\/wp-json\/wp\/v2\/media?parent=291603"}],"wp:term":[{"taxonomy":"category","embeddable":true,"href":"https:\/\/www.tucomarca.com\/wordpress\/segunda\/wp-json\/wp\/v2\/categories?post=291603"},{"taxonomy":"post_tag","embeddable":true,"href":"https:\/\/www.tucomarca.com\/wordpress\/segunda\/wp-json\/wp\/v2\/tags?post=291603"}],"curies":[{"name":"wp","href":"https:\/\/api.w.org\/{rel}","templated":true}]}}