{"id":291630,"date":"2026-01-30T12:45:00","date_gmt":"2026-01-30T11:45:00","guid":{"rendered":"https:\/\/www.tucomarca.com\/wordpress\/segunda\/?p=291630"},"modified":"2026-03-11T22:35:47","modified_gmt":"2026-03-11T21:35:47","slug":"el-ayuntamiento-de-bunol-inicia-este-lunes-las-obras-para-reurbanizar-integralmente-la-calle-gomez-ferrer","status":"publish","type":"post","link":"https:\/\/www.tucomarca.com\/wordpress\/segunda\/el-ayuntamiento-de-bunol-inicia-este-lunes-las-obras-para-reurbanizar-integralmente-la-calle-gomez-ferrer\/","title":{"rendered":"El Ayuntamiento de Bu\u00f1ol inicia este lunes las obras para reurbanizar integralmente la calle G\u00f3mez Ferrer"},"content":{"rendered":"\n<p>El primer teniente de alcalde y concejal de Servicios y Obras Municipales del Ayuntamiento de Bu\u00f1ol, Sergio Galarza, ha confirmado que este pr\u00f3ximo lunes, 2 de febrero, est\u00e1 previsto que se inicien las obras de reurbanizaci\u00f3n integral de la calle G\u00f3mez Ferrer, que fue da\u00f1ada por las lluvias en junio de 2024 y que desde entonces ha permanecido cortada para la circulaci\u00f3n en varios de sus tramos.<\/p>\n\n\n\n<p>Tal como ha explicado Sergio Galarza, \u00ablas obras cuentan con un presupuesto de 846.000 euros, que correr\u00e1n a cargo del Pla Obert de Inversiones de la Diputaci\u00f3n de Valencia, as\u00ed como con un plazo de ejecuci\u00f3n de seis meses que se acometer\u00e1n por fases, por lo que se estima que los trabajos finalicen a principios de agosto\u00bb.<\/p>\n\n\n\n<p>Sergio Galarza ha adelantado que este lunes \u00abse traer\u00e1n las vallas y se empezar\u00e1n con las acometidas de agua externas para poder picar la calle sin problemas; unas acometidas que ir\u00e1n por fuera para que cuando piquen no haya fugas. El mi\u00e9rcoles traer\u00e1n ya la maquinaria y se pondr\u00e1n a picar desde el cruce de la Plaza Central hacia abajo, hacia la calle actor Rafael Rivelles. Esa ser\u00e1 la primera fase y la segunda fase ya ser\u00e1 hasta el final. La estimaci\u00f3n de los trabajos es de seis meses, por lo que en teor\u00eda a primeros de agosto tendr\u00edan que estar acabados\u00bb, en palabras del responsable municipal.<\/p>\n\n\n\n<p>\u00abDespu\u00e9s est\u00e1 previsto que se acometa el tramo desde la calle Hern\u00e1n Cort\u00e9s con Facundo Tom\u00e1s, para que el agua que cae en corrent\u00eda por la calle se recoja por ah\u00ed\u00bb, ha a\u00f1adido Sergio Galarza, quien ha destacado que todos los servicios \u00abser\u00e1n nuevos: se va a cambiar todo, tanto las tuber\u00edas de agua, las acometidas y se van a poner las redes pluviales y las redes residuales separadas\u00bb.<\/p>\n\n\n\n<p>Respecto al tiempo de demora en el inicio de estas obras que han mantenido cortada la calle intermitentemente desde junio de 2024, el concejal lo ha atribuido \u00aba lo que ha costado hacer el proyecto. Lo que se ha tardado primero en hacer los estudios y despu\u00e9s en hacer el proyecto. Un proyecto que posteriormente se llev\u00f3 a la Diputaci\u00f3n de Valencia, que tuvo que dar el visto bueno. Y la Confederaci\u00f3n tambi\u00e9n tuvo que dar el visto bueno para verter al barranco. Y luego hay unos vecinos que han tenido que dar su autorizaci\u00f3n para dejarnos pasar por sus parcelas\u00bb.<\/p>\n\n\n\n<p>\u201cHa sido un espera larga, porque las cosas que est\u00e1n bien hechas cuesta m\u00e1s tiempo que las que se hacen mal\u00bb, ha recalcado Sergio Galarza, quien ha reiterado \u00abque, despu\u00e9s de muchos meses de espera tras la realizaci\u00f3n del proyecto y de m\u00e1s esperas por el tema de la burocracia, tanto de la Diputaci\u00f3n como de la Confederaci\u00f3n, as\u00ed como del permiso de los vecinos para servidumbre de paso, esperamos que la ejecuci\u00f3n sean seis meses y a principios de agosto podamos disfrutar de una calle modernizada y los vecinos no sufran lo que sufrieron antes: que les entraba el agua cuando llov\u00eda hacia sus casas\u00bb.<\/p>\n","protected":false},"excerpt":{"rendered":"<div class=\"mh-excerpt\">El primer teniente de alcalde y concejal de Servicios y Obras Municipales del Ayuntamiento de Bu\u00f1ol, Sergio Galarza, ha confirmado que este pr\u00f3ximo lunes, 2 de febrero, est\u00e1 previsto que se inicien las obras de <a class=\"mh-excerpt-more\" href=\"https:\/\/www.tucomarca.com\/wordpress\/segunda\/el-ayuntamiento-de-bunol-inicia-este-lunes-las-obras-para-reurbanizar-integralmente-la-calle-gomez-ferrer\/\" title=\"El Ayuntamiento de Bu\u00f1ol inicia este lunes las obras para reurbanizar integralmente la calle G\u00f3mez Ferrer\">[+] <\/a><\/div>\n","protected":false},"author":12,"featured_media":236256,"comment_status":"open","ping_status":"open","sticky":false,"template":"","format":"standard","meta":{"footnotes":""},"categories":[18,128,8,10,142,3],"tags":[10385,5952],"class_list":{"0":"post-291630","1":"post","2":"type-post","3":"status-publish","4":"format-standard","5":"has-post-thumbnail","7":"category-bunol","8":"category-infraestructuras","9":"category-la-comarca","10":"category-la-hoya","11":"category-politica-la-comarca","12":"category-seccion","13":"tag-bunol","14":"tag-la-hoya-de-bunol-chiva"},"_links":{"self":[{"href":"https:\/\/www.tucomarca.com\/wordpress\/segunda\/wp-json\/wp\/v2\/posts\/291630","targetHints":{"allow":["GET"]}}],"collection":[{"href":"https:\/\/www.tucomarca.com\/wordpress\/segunda\/wp-json\/wp\/v2\/posts"}],"about":[{"href":"https:\/\/www.tucomarca.com\/wordpress\/segunda\/wp-json\/wp\/v2\/types\/post"}],"author":[{"embeddable":true,"href":"https:\/\/www.tucomarca.com\/wordpress\/segunda\/wp-json\/wp\/v2\/users\/12"}],"replies":[{"embeddable":true,"href":"https:\/\/www.tucomarca.com\/wordpress\/segunda\/wp-json\/wp\/v2\/comments?post=291630"}],"version-history":[{"count":0,"href":"https:\/\/www.tucomarca.com\/wordpress\/segunda\/wp-json\/wp\/v2\/posts\/291630\/revisions"}],"wp:featuredmedia":[{"embeddable":true,"href":"https:\/\/www.tucomarca.com\/wordpress\/segunda\/wp-json\/wp\/v2\/media\/236256"}],"wp:attachment":[{"href":"https:\/\/www.tucomarca.com\/wordpress\/segunda\/wp-json\/wp\/v2\/media?parent=291630"}],"wp:term":[{"taxonomy":"category","embeddable":true,"href":"https:\/\/www.tucomarca.com\/wordpress\/segunda\/wp-json\/wp\/v2\/categories?post=291630"},{"taxonomy":"post_tag","embeddable":true,"href":"https:\/\/www.tucomarca.com\/wordpress\/segunda\/wp-json\/wp\/v2\/tags?post=291630"}],"curies":[{"name":"wp","href":"https:\/\/api.w.org\/{rel}","templated":true}]}}