{"id":291635,"date":"2026-01-30T09:00:00","date_gmt":"2026-01-30T08:00:00","guid":{"rendered":"https:\/\/www.tucomarca.com\/wordpress\/segunda\/?p=291635"},"modified":"2026-01-30T19:06:18","modified_gmt":"2026-01-30T18:06:18","slug":"alborache-celebra-san-anton-2026-con-hoguera-toros-de-cuerda-y-la-tradicional-bendicion-de-animales","status":"publish","type":"post","link":"https:\/\/www.tucomarca.com\/wordpress\/segunda\/alborache-celebra-san-anton-2026-con-hoguera-toros-de-cuerda-y-la-tradicional-bendicion-de-animales\/","title":{"rendered":"Alborache celebra San Ant\u00f3n 2026 con hoguera, toros de cuerda y la tradicional bendici\u00f3n de animales"},"content":{"rendered":"\n<p>Alborache celebrar\u00e1 las fiestas de San Ant\u00f3n 2026 con un completo programa de actos que combina tradici\u00f3n, gastronom\u00eda y festejos populares durante los d\u00edas 31 de enero y 1 de febrero.<\/p>\n\n\n\n<p>El <strong>s\u00e1bado 31 de enero<\/strong>, la jornada arrancar\u00e1 a las 12:00 horas con el tradicional arrastre de pinos hasta la piscina, seguido de m\u00fasica y quintos a partir de las 13:00 horas. A las <strong>14:00 horas<\/strong> tendr\u00e1 lugar la <strong>paella popular en el pabell\u00f3n municipal<\/strong>, y por la noche, a las <strong>21:00 horas<\/strong>, se celebrar\u00e1 la <strong>cena de sobaquillo<\/strong>, tambi\u00e9n en el pabell\u00f3n.<\/p>\n\n\n\n<p>Uno de los actos m\u00e1s esperados ser\u00e1 el <strong>toro de cuerda<\/strong>, que se desarrollar\u00e1 el d\u00eda 31 de enero desde las <strong>16:00 hasta aproximadamente las 18:00 horas<\/strong>. El recorrido previsto ser\u00e1 el siguiente: Avenida de la M\u00fasica, calle Abajo, calle Horno, calle Abad\u00eda, calle Pe\u00f1as, plaza Salvador Mart\u00ednez, calle Macastre, camino n\u00fam. 9, calle San Jaime, calle Rosas, calle Ronda, calle Maestro Cervera Lloret, calle Prado, calle Buen Aire, plaza Espa\u00f1a, calle Reverendo Jos\u00e9 Cuenca, calle Maestra Ascensi\u00f3n Tortonda, calle San Antonio, calle Jard\u00edn, calle Reverendo Vinat y avenida Val\u00e8ncia.<\/p>\n\n\n\n<figure class=\"wp-block-image size-large\"><img loading=\"lazy\" decoding=\"async\" width=\"1024\" height=\"724\" src=\"https:\/\/www.tucomarca.com\/wordpress\/segunda\/wp-content\/uploads\/2026\/01\/Alborachetoro-1024x724.jpg\" alt=\"\" class=\"wp-image-291636\" srcset=\"https:\/\/www.tucomarca.com\/wordpress\/segunda\/wp-content\/uploads\/2026\/01\/Alborachetoro-1024x724.jpg 1024w, https:\/\/www.tucomarca.com\/wordpress\/segunda\/wp-content\/uploads\/2026\/01\/Alborachetoro-300x212.jpg 300w, https:\/\/www.tucomarca.com\/wordpress\/segunda\/wp-content\/uploads\/2026\/01\/Alborachetoro-768x543.jpg 768w, https:\/\/www.tucomarca.com\/wordpress\/segunda\/wp-content\/uploads\/2026\/01\/Alborachetoro-1536x1086.jpg 1536w, https:\/\/www.tucomarca.com\/wordpress\/segunda\/wp-content\/uploads\/2026\/01\/Alborachetoro.jpg 2048w\" sizes=\"auto, (max-width: 1024px) 100vw, 1024px\" \/><\/figure>\n\n\n\n<p>Asimismo, a las 20:00 horas se proceder\u00e1 al <strong>encendido de la hoguera<\/strong>, uno de los momentos m\u00e1s simb\u00f3licos de la festividad.<\/p>\n\n\n\n<p>El <strong>domingo 1 de febrero<\/strong>, a las <strong>12:00 horas<\/strong>, tendr\u00e1 lugar la <strong>tradicional bendici\u00f3n de animales en la Plaza de Espa\u00f1a<\/strong>, acto central de la festividad de San Ant\u00f3n.<\/p>\n\n\n\n<p>Desde la organizaci\u00f3n se informa de que los <strong>veh\u00edculos podr\u00e1n estacionarse en el Parque San Jaime, la Piscina Municipal y la zona del Cementerio<\/strong>, y se ruega a la poblaci\u00f3n que <strong>extreme las medidas de precauci\u00f3n<\/strong> durante la celebraci\u00f3n de los actos taurinos.<\/p>\n\n\n\n<p>El Ayuntamiento de Alborache invita a vecinos y visitantes a disfrutar de unas fiestas marcadas por la tradici\u00f3n, la convivencia y el respeto a las normas de seguridad.<\/p>\n","protected":false},"excerpt":{"rendered":"<div class=\"mh-excerpt\">Alborache celebrar\u00e1 las fiestas de San Ant\u00f3n 2026 con un completo programa de actos que combina tradici\u00f3n, gastronom\u00eda y festejos populares durante los d\u00edas 31 de enero y 1 de febrero. El s\u00e1bado 31 de <a class=\"mh-excerpt-more\" href=\"https:\/\/www.tucomarca.com\/wordpress\/segunda\/alborache-celebra-san-anton-2026-con-hoguera-toros-de-cuerda-y-la-tradicional-bendicion-de-animales\/\" title=\"Alborache celebra San Ant\u00f3n 2026 con hoguera, toros de cuerda y la tradicional bendici\u00f3n de animales\">[+] <\/a><\/div>\n","protected":false},"author":12,"featured_media":291639,"comment_status":"open","ping_status":"open","sticky":false,"template":"","format":"image","meta":{"footnotes":""},"categories":[4,19,8,10,7,3],"tags":[10386,5952,23663],"class_list":{"0":"post-291635","1":"post","2":"type-post","3":"status-publish","4":"format-image","5":"has-post-thumbnail","7":"category-agenda","8":"category-alborache","9":"category-la-comarca","10":"category-la-hoya","11":"category-ocio-y-cultura","12":"category-seccion","13":"tag-alborache","14":"tag-la-hoya-de-bunol-chiva","15":"tag-san-anton-2026","16":"post_format-post-format-image"},"_links":{"self":[{"href":"https:\/\/www.tucomarca.com\/wordpress\/segunda\/wp-json\/wp\/v2\/posts\/291635","targetHints":{"allow":["GET"]}}],"collection":[{"href":"https:\/\/www.tucomarca.com\/wordpress\/segunda\/wp-json\/wp\/v2\/posts"}],"about":[{"href":"https:\/\/www.tucomarca.com\/wordpress\/segunda\/wp-json\/wp\/v2\/types\/post"}],"author":[{"embeddable":true,"href":"https:\/\/www.tucomarca.com\/wordpress\/segunda\/wp-json\/wp\/v2\/users\/12"}],"replies":[{"embeddable":true,"href":"https:\/\/www.tucomarca.com\/wordpress\/segunda\/wp-json\/wp\/v2\/comments?post=291635"}],"version-history":[{"count":0,"href":"https:\/\/www.tucomarca.com\/wordpress\/segunda\/wp-json\/wp\/v2\/posts\/291635\/revisions"}],"wp:featuredmedia":[{"embeddable":true,"href":"https:\/\/www.tucomarca.com\/wordpress\/segunda\/wp-json\/wp\/v2\/media\/291639"}],"wp:attachment":[{"href":"https:\/\/www.tucomarca.com\/wordpress\/segunda\/wp-json\/wp\/v2\/media?parent=291635"}],"wp:term":[{"taxonomy":"category","embeddable":true,"href":"https:\/\/www.tucomarca.com\/wordpress\/segunda\/wp-json\/wp\/v2\/categories?post=291635"},{"taxonomy":"post_tag","embeddable":true,"href":"https:\/\/www.tucomarca.com\/wordpress\/segunda\/wp-json\/wp\/v2\/tags?post=291635"}],"curies":[{"name":"wp","href":"https:\/\/api.w.org\/{rel}","templated":true}]}}