{"id":291659,"date":"2026-01-30T11:30:00","date_gmt":"2026-01-30T10:30:00","guid":{"rendered":"https:\/\/www.tucomarca.com\/wordpress\/segunda\/?p=291659"},"modified":"2026-01-30T19:32:22","modified_gmt":"2026-01-30T18:32:22","slug":"la-diputacio-destina-en-2026-mas-de-55-000-euros-para-la-identificacion-de-las-victimas-del-franquismo-en-alzira","status":"publish","type":"post","link":"https:\/\/www.tucomarca.com\/wordpress\/segunda\/la-diputacio-destina-en-2026-mas-de-55-000-euros-para-la-identificacion-de-las-victimas-del-franquismo-en-alzira\/","title":{"rendered":"La Diputaci\u00f3 destina en 2026 m\u00e1s de 55.000 euros para la identificaci\u00f3n de las v\u00edctimas del franquismo en Alzira"},"content":{"rendered":"\n<h3 class=\"wp-block-heading\">La instituci\u00f3n provincial completa en este a\u00f1o la financiaci\u00f3n de un proyecto forense y memorial que asciende a m\u00e1s de 184.400 euros.<\/h3>\n\n\n\n<h3 class=\"wp-block-heading\">La vicepresidenta primera y diputada de Memoria Democr\u00e1tica, Nat\u00e0lia Enguix, afirma que \u201cse trata de una actuaci\u00f3n esencial para garantizar la dignidad de las v\u00edctimas y avanzar en verdad, justicia y reparaci\u00f3n\u201d.<\/h3>\n\n\n\n<p>La Diputaci\u00f3 de Val\u00e8ncia, a trav\u00e9s del \u00e1rea de Memoria Democr\u00e1tica, ha consignado en el presupuesto de 2026 un total de 55.870,90 euros para culminar el proyecto de intervenci\u00f3n forense e identificaci\u00f3n gen\u00e9tica de los restos de las v\u00edctimas de la Guerra Civil y la dictadura franquista exhumados del mausoleo del cementerio de Alzira, desarrollado junto a la Asociaci\u00f3n para la Recuperaci\u00f3n de la Memoria Hist\u00f3rica Fossar d\u2019Alzira.<\/p>\n\n\n\n<p>La vicepresidenta primera de la Diputaci\u00f3n y diputada de Memoria Democr\u00e1tica, Nat\u00e0lia Enguix, ha subrayado que esta nueva aportaci\u00f3n econ\u00f3mica \u201cpermitir\u00e1 completar una actuaci\u00f3n iniciada en 2025 y que es esencial para garantizar la dignidad de las v\u00edctimas, avanzar en su identificaci\u00f3n y ofrecer respuestas a las familias despu\u00e9s de d\u00e9cadas de silencio\u201d. Asimismo, la diputada ha a\u00f1adido que \u201cla memoria democr\u00e1tica no es una cuesti\u00f3n del pasado, es una responsabilidad del presente. Por eso, desde la Diputaci\u00f3n mantenemos nuestra implicaci\u00f3n con proyectos rigurosos, con base cient\u00edfica y orientados a la reparaci\u00f3n moral y democr\u00e1tica\u201d, afirmaba.<\/p>\n\n\n\n<p>El proyecto cuenta con una financiaci\u00f3n total de 184.416,10 euros, aprobada por la Junta de Gobierno en septiembre de 2025 como subvenci\u00f3n directa. De esa cantidad, 128.545,20 euros se abonaron en el ejercicio anterior, mientras que la dotaci\u00f3n incluida ahora en el presupuesto de 2026 permitir\u00e1 avanzar en la fase final de los trabajos.<\/p>\n\n\n\n<p>La actuaci\u00f3n se centra en el pante\u00f3n de fusilados del cementerio de Alzira, donde se conservan los restos de unas doscientas personas ejecutadas durante la contienda. El proyecto contempla la demolici\u00f3n y adaptaci\u00f3n del mausoleo, la recuperaci\u00f3n e individualizaci\u00f3n de los restos \u00f3seos y, posteriormente, la identificaci\u00f3n gen\u00e9tica mediante pruebas de ADN, con el objetivo de devolver nombre y dignidad al mayor n\u00famero posible de v\u00edctimas.<\/p>\n\n\n\n<p>El mausoleo fue levantado a principios de la Transici\u00f3n por decisi\u00f3n de Francisco Blasco, primer alcalde democr\u00e1tico de Alzira, y se convirti\u00f3 en el primer memorial valenciano dedicado a los represaliados por el franquismo. Sin embargo, el deterioro progresivo de la estructura y las deficiencias en impermeabilizaci\u00f3n han puesto en riesgo la conservaci\u00f3n de los restos, trasladados en su d\u00eda desde fosas comunes en condiciones inadecuadas.<\/p>\n\n\n\n<p>Enguix ha se\u00f1alado que \u201clos restos de m\u00e1s de doscientas personas se encuentran disgregados en m\u00e1s de 25.000 fragmentos \u00f3seos, lo que obliga a un trabajo minucioso de reconstrucci\u00f3n e identificaci\u00f3n\u201d, y ha a\u00f1adido que la aportaci\u00f3n incluida en el presupuesto de 2026 \u201ces clave para poder avanzar en esta fase del proyecto\u201d. El equipo de especialistas est\u00e1 dirigido por el antrop\u00f3logo Javier Iglesias, desde la Universidad Aut\u00f3noma de Madrid, donde se desarrollan los trabajos de reconstrucci\u00f3n \u00f3sea previos a la fase de identificaci\u00f3n gen\u00e9tica.<\/p>\n\n\n\n<p>En este sentido, Enguix ha destacado que \u201cesta intervenci\u00f3n combina rigor cient\u00edfico, sensibilidad institucional y un profundo respeto por quienes defendieron los valores democr\u00e1ticos\u201d, y ha insistido en que la Diputaci\u00f3n \u201cseguir\u00e1 impulsando pol\u00edticas p\u00fablicas que garanticen verdad, justicia y reparaci\u00f3n en todo el territorio valenciano\u201d.<\/p>\n\n\n\n<p>Adem\u00e1s de esta actuaci\u00f3n en Alzira, la Diputaci\u00f3 de Val\u00e8ncia ha abierto las convocatorias de ayudas en materia de Memoria Democr\u00e1tica para 2026, con un incremento de 250.000 euros respecto al ejercicio anterior y una dotaci\u00f3n inicial de 825.000 euros ampliable hasta 1.075.000 euros, estructurada en dos l\u00edneas para ayuntamientos y asociaciones memorialistas e incorporando por primera vez, a petici\u00f3n municipal, el financiamiento de proyectos de difusi\u00f3n y formaci\u00f3n en memoria hist\u00f3rica y democr\u00e1tica valenciana; una l\u00ednea estrat\u00e9gica impulsada desde el \u00e1rea de Memoria Democr\u00e1tica por la vicepresidenta primera de la Diputaci\u00f3n, Nat\u00e0lia Enguix, quien ha subrayado que \u201creforzar las pol\u00edticas p\u00fablicas de memoria es una obligaci\u00f3n institucional para consolidar los valores democr\u00e1ticos y acompa\u00f1ar a los municipios y entidades en este trabajo\u201d.<\/p>\n\n\n\n<p>El \u00e1rea desarrolla adem\u00e1s proyectos propios dirigidos a la juventud y al conjunto de la ciudadan\u00eda como los programas \u2018Mem\u00f2ria a l\u2019escola\u2019 y Memoria en las Bibliotecas, exposiciones como la dedicada al fotoperiodista Luis Vidal o proyectos editoriales y audiovisuales como el libro sobre Isidro Escandell y el webdoc \u2018Les fosses de la vergonya\u2019. Unos proyectos sobre los que la vicepresidenta ha destacado que \u201cson fundamentales para que la memoria democr\u00e1tica llegue a la juventud y al conjunto de la ciudadan\u00eda a trav\u00e9s de formatos accesibles y actuales\u201d.<\/p>\n","protected":false},"excerpt":{"rendered":"<div class=\"mh-excerpt\">La instituci\u00f3n provincial completa en este a\u00f1o la financiaci\u00f3n de un proyecto forense y memorial que asciende a m\u00e1s de 184.400 euros. La vicepresidenta primera y diputada de Memoria Democr\u00e1tica, Nat\u00e0lia Enguix, afirma que \u201cse <a class=\"mh-excerpt-more\" href=\"https:\/\/www.tucomarca.com\/wordpress\/segunda\/la-diputacio-destina-en-2026-mas-de-55-000-euros-para-la-identificacion-de-las-victimas-del-franquismo-en-alzira\/\" title=\"La Diputaci\u00f3 destina en 2026 m\u00e1s de 55.000 euros para la identificaci\u00f3n de las v\u00edctimas del franquismo en Alzira\">[+] <\/a><\/div>\n","protected":false},"author":12,"featured_media":291661,"comment_status":"open","ping_status":"open","sticky":false,"template":"","format":"standard","meta":{"footnotes":""},"categories":[69,128,8,42,142,3,45],"tags":[10402,3677,16618,1407,12285],"class_list":{"0":"post-291659","1":"post","2":"type-post","3":"status-publish","4":"format-standard","5":"has-post-thumbnail","7":"category-alzira","8":"category-infraestructuras","9":"category-la-comarca","10":"category-la-ribera","11":"category-politica-la-comarca","12":"category-seccion","13":"category-ventana","14":"tag-alzira","15":"tag-diputacio-de-valencia","16":"tag-memoria-democratica","17":"tag-ribera-alta","18":"tag-victimas-del-franquismo"},"_links":{"self":[{"href":"https:\/\/www.tucomarca.com\/wordpress\/segunda\/wp-json\/wp\/v2\/posts\/291659","targetHints":{"allow":["GET"]}}],"collection":[{"href":"https:\/\/www.tucomarca.com\/wordpress\/segunda\/wp-json\/wp\/v2\/posts"}],"about":[{"href":"https:\/\/www.tucomarca.com\/wordpress\/segunda\/wp-json\/wp\/v2\/types\/post"}],"author":[{"embeddable":true,"href":"https:\/\/www.tucomarca.com\/wordpress\/segunda\/wp-json\/wp\/v2\/users\/12"}],"replies":[{"embeddable":true,"href":"https:\/\/www.tucomarca.com\/wordpress\/segunda\/wp-json\/wp\/v2\/comments?post=291659"}],"version-history":[{"count":0,"href":"https:\/\/www.tucomarca.com\/wordpress\/segunda\/wp-json\/wp\/v2\/posts\/291659\/revisions"}],"wp:featuredmedia":[{"embeddable":true,"href":"https:\/\/www.tucomarca.com\/wordpress\/segunda\/wp-json\/wp\/v2\/media\/291661"}],"wp:attachment":[{"href":"https:\/\/www.tucomarca.com\/wordpress\/segunda\/wp-json\/wp\/v2\/media?parent=291659"}],"wp:term":[{"taxonomy":"category","embeddable":true,"href":"https:\/\/www.tucomarca.com\/wordpress\/segunda\/wp-json\/wp\/v2\/categories?post=291659"},{"taxonomy":"post_tag","embeddable":true,"href":"https:\/\/www.tucomarca.com\/wordpress\/segunda\/wp-json\/wp\/v2\/tags?post=291659"}],"curies":[{"name":"wp","href":"https:\/\/api.w.org\/{rel}","templated":true}]}}