{"id":291793,"date":"2026-01-30T12:30:00","date_gmt":"2026-01-30T11:30:00","guid":{"rendered":"https:\/\/www.tucomarca.com\/wordpress\/segunda\/?p=291793"},"modified":"2026-03-11T22:35:47","modified_gmt":"2026-03-11T21:35:47","slug":"el-ayuntamiento-de-benaguasil-solicita-a-la-generalitat-valenciana-la-cesion-del-inmueble-del-centro-de-dia","status":"publish","type":"post","link":"https:\/\/www.tucomarca.com\/wordpress\/segunda\/el-ayuntamiento-de-benaguasil-solicita-a-la-generalitat-valenciana-la-cesion-del-inmueble-del-centro-de-dia\/","title":{"rendered":"El Ayuntamiento de Benaguasil solicita a la Generalitat Valenciana la cesi\u00f3n del inmueble del Centro de D\u00eda"},"content":{"rendered":"\n<h3 class=\"wp-block-heading\">Un servicio clave para la mejora de la calidad de vida de las personas mayores dependientes del municipio.<\/h3>\n\n\n\n<p>El Ayuntamiento de Benaguasil ha aprobado en el Pleno solicitar a la Generalitat Valenciana la cesi\u00f3n de la titularidad del inmueble ubicado en la Avenida de la Diputaci\u00f3n, esquina Cam\u00ed del Fondo, con el objetivo de iniciar la gesti\u00f3n del Centro de D\u00eda para personas mayores dependientes.<\/p>\n\n\n\n<p>Una solicitud que se produce tras la autorizaci\u00f3n concedida hace unos d\u00edas por la Conselleria de Servicios Sociales, Familia e Infancia, que permite el funcionamiento del Centro de D\u00eda en dicho edificio.<\/p>\n\n\n\n<p>Con eso el consistorio pretende disponer de la titularidad del edificio para poder poner en marcha este centro, considerado esencial para mejorar la atenci\u00f3n y la calidad de vida de las personas mayores de Benaguasil, ya que dicha infraestructura permitir\u00e1 ofrecer una atenci\u00f3n integral a las personas mayores dependientes, facilitando apoyo asistencial, social y familiar, y reforzando los servicios sociales municipales.<\/p>\n\n\n\n<p>Desde el Ayuntamiento han subrayado \u201cla importancia de contar con este equipamiento en funcionamiento lo antes posible, dada la creciente demanda de este tipo de servicios y el compromiso municipal con el bienestar y la atenci\u00f3n a las personas mayores\u201d.<\/p>\n","protected":false},"excerpt":{"rendered":"<div class=\"mh-excerpt\">Un servicio clave para la mejora de la calidad de vida de las personas mayores dependientes del municipio. El Ayuntamiento de Benaguasil ha aprobado en el Pleno solicitar a la Generalitat Valenciana la cesi\u00f3n de <a class=\"mh-excerpt-more\" href=\"https:\/\/www.tucomarca.com\/wordpress\/segunda\/el-ayuntamiento-de-benaguasil-solicita-a-la-generalitat-valenciana-la-cesion-del-inmueble-del-centro-de-dia\/\" title=\"El Ayuntamiento de Benaguasil solicita a la Generalitat Valenciana la cesi\u00f3n del inmueble del Centro de D\u00eda\">[+] <\/a><\/div>\n","protected":false},"author":1,"featured_media":291794,"comment_status":"open","ping_status":"open","sticky":false,"template":"","format":"standard","meta":{"footnotes":""},"categories":[172,46,128,8,142,3],"tags":[10429,10395],"class_list":{"0":"post-291793","1":"post","2":"type-post","3":"status-publish","4":"format-standard","5":"has-post-thumbnail","7":"category-benaguasil","8":"category-camp-de-turia","9":"category-infraestructuras","10":"category-la-comarca","11":"category-politica-la-comarca","12":"category-seccion","13":"tag-benaguasil","14":"tag-camp-de-turia"},"_links":{"self":[{"href":"https:\/\/www.tucomarca.com\/wordpress\/segunda\/wp-json\/wp\/v2\/posts\/291793","targetHints":{"allow":["GET"]}}],"collection":[{"href":"https:\/\/www.tucomarca.com\/wordpress\/segunda\/wp-json\/wp\/v2\/posts"}],"about":[{"href":"https:\/\/www.tucomarca.com\/wordpress\/segunda\/wp-json\/wp\/v2\/types\/post"}],"author":[{"embeddable":true,"href":"https:\/\/www.tucomarca.com\/wordpress\/segunda\/wp-json\/wp\/v2\/users\/1"}],"replies":[{"embeddable":true,"href":"https:\/\/www.tucomarca.com\/wordpress\/segunda\/wp-json\/wp\/v2\/comments?post=291793"}],"version-history":[{"count":0,"href":"https:\/\/www.tucomarca.com\/wordpress\/segunda\/wp-json\/wp\/v2\/posts\/291793\/revisions"}],"wp:featuredmedia":[{"embeddable":true,"href":"https:\/\/www.tucomarca.com\/wordpress\/segunda\/wp-json\/wp\/v2\/media\/291794"}],"wp:attachment":[{"href":"https:\/\/www.tucomarca.com\/wordpress\/segunda\/wp-json\/wp\/v2\/media?parent=291793"}],"wp:term":[{"taxonomy":"category","embeddable":true,"href":"https:\/\/www.tucomarca.com\/wordpress\/segunda\/wp-json\/wp\/v2\/categories?post=291793"},{"taxonomy":"post_tag","embeddable":true,"href":"https:\/\/www.tucomarca.com\/wordpress\/segunda\/wp-json\/wp\/v2\/tags?post=291793"}],"curies":[{"name":"wp","href":"https:\/\/api.w.org\/{rel}","templated":true}]}}