{"id":291799,"date":"2026-01-30T13:00:00","date_gmt":"2026-01-30T12:00:00","guid":{"rendered":"https:\/\/www.tucomarca.com\/wordpress\/segunda\/?p=291799"},"modified":"2026-03-11T22:35:46","modified_gmt":"2026-03-11T21:35:46","slug":"emergencias-advierte-de-la-llegada-de-un-nuevo-episodio-de-vientos-y-fenomenos-costeros-este-fin-de-semana-a-la-comunitat-valenciana","status":"publish","type":"post","link":"https:\/\/www.tucomarca.com\/wordpress\/segunda\/emergencias-advierte-de-la-llegada-de-un-nuevo-episodio-de-vientos-y-fenomenos-costeros-este-fin-de-semana-a-la-comunitat-valenciana\/","title":{"rendered":"Emergencias advierte de la llegada de un nuevo episodio de vientos y fen\u00f3menos costeros este fin de semana a la Comunitat Valenciana"},"content":{"rendered":"\n<h3 class=\"wp-block-heading\">El Centro de Coordinaci\u00f3n de Emergencias establece la alerta naranja en la mayor parte de Castell\u00f3n, la mitad sur de Valencia y toda la provincia de Alicante.<\/h3>\n\n\n\n<h3 class=\"wp-block-heading\">La Conselleria recomienda extremar las precauciones y retirar los objetos que puedan ser arrastrados por el viento.<\/h3>\n\n\n\n<p>La Conselleria de Emergencias e Interior, a trav\u00e9s del Centro de Coordinaci\u00f3n de Emergencias de la Generalitat (CCE), advierte de la llegada de un nuevo episodio de fuertes vientos y fen\u00f3menos costeros durante los d\u00edas de hoy y ma\u00f1ana y recomienda extremar las precauciones en pr\u00e1cticamente toda la Comunitat Valenciana.<\/p>\n\n\n\n<p>En este sentido, el Centro de Coordinaci\u00f3n de Emergencias ha establecido alerta naranja por vientos en el norte e interior sur de Castell\u00f3n, en la mitad sur de Valencia y en toda la provincia de Alicante, y alerta naranja por fen\u00f3menos costeros en todo el litoral de Alicante. Asimismo, ha activado alerta amarilla por vientos en el litoral sur de Castell\u00f3n y el norte de Valencia. Tambi\u00e9n se ha activado la alerta por fen\u00f3menos costeros nivel amarillo en toda la costa de la provincia de Valencia.<\/p>\n\n\n\n<p>Seg\u00fan la Agencia Estatal de Meteorolog\u00eda (AEMET), la previsi\u00f3n establece que el episodio fuerte de vientos comience la madrugada del 30 al 31 de enero y se mantenga durante todo el d\u00eda 31 con rachas que, en algunos puntos, podr\u00edan superar los 100 km\/hora.<\/p>\n\n\n\n<p>En esta l\u00ednea el CCE ha establecido riesgo extremo de incendios forestales en el interior de la provincia de Valencia y todo Alicante; y riesgo alto en el resto de la Comunitat Valenciana.&nbsp;<\/p>\n\n\n\n<p>Por este motivo, desde la Conselleria de Emergencias e Interior se solicita la m\u00e1xima alerta ante la confluencia de diferentes fen\u00f3menos meteorol\u00f3gicos adversos, principalmente en las carreteras. En especial, se recomienda a la ciudadan\u00eda extremar las precauciones y evitar desplazamientos innecesarios, especialmente a la hora de circular por carretera ante posibles desprendimientos.<\/p>\n\n\n\n<p>Es recomendable tambi\u00e9n revisar el estado de las viviendas para que no haya cornisas, balcones y fachadas en mal estado que puedan producir ca\u00eddas de cascotes y escombros. As\u00ed como cerrar puertas y ventanas para evitar corrientes de aire que puedan llevar a la rotura y ca\u00edda de cristales y asegurar elementos como los toldos, persianas y antenas; y retirar macetas, jaulas o cualquier objeto que pueda caer a la calle.<\/p>\n\n\n\n<p>Tambi\u00e9n es aconsejable alejarse de casas viejas o en mal estado y evitar muros y vallas publicitarias. Los parques, avenidas arboladas, postes de luz o torres de alta tensi\u00f3n pueden resultar peligrosos.<\/p>\n\n\n\n<p>Por \u00faltimo, hay que evitar acercarse a paseos mar\u00edtimos o zonas que linden con el mar mientras dure la alerta por fen\u00f3menos costeros.<\/p>\n\n\n\n<p>Se recuerda la importancia de repasar los consejos de protecci\u00f3n civil dirigidos a la poblaci\u00f3n y que pueden consultarse en la web del 1\u00b71\u00b72,&nbsp;<a href=\"https:\/\/www.112cv.gva.es\/va\/\" target=\"_blank\" rel=\"noreferrer noopener\">www.112cv.gva.es<\/a>; en la red social X @GVA112 o a trav\u00e9s de la App GVA 112 Avisos (disponible en Google Play y App Store).<\/p>\n\n\n\n<p>Los municipios pueden acceder a la &#8216;<a href=\"https:\/\/www.112cv.gva.es\/documents\/163565706\/163566523\/GuiaRecomendacionesFMA_cas.pdf\/001008b1-2d70-af67-1ae5-5bf41f1727c6?t=1756380910004\" target=\"_blank\" rel=\"noreferrer noopener\">Gu\u00eda de recomendaciones a los ayuntamientos para la toma de decisiones preventivas ante fen\u00f3menos meteorol\u00f3gicos adversos<\/a>&#8216;.<\/p>\n","protected":false},"excerpt":{"rendered":"<div class=\"mh-excerpt\">El Centro de Coordinaci\u00f3n de Emergencias establece la alerta naranja en la mayor parte de Castell\u00f3n, la mitad sur de Valencia y toda la provincia de Alicante. La Conselleria recomienda extremar las precauciones y retirar <a class=\"mh-excerpt-more\" href=\"https:\/\/www.tucomarca.com\/wordpress\/segunda\/emergencias-advierte-de-la-llegada-de-un-nuevo-episodio-de-vientos-y-fenomenos-costeros-este-fin-de-semana-a-la-comunitat-valenciana\/\" title=\"Emergencias advierte de la llegada de un nuevo episodio de vientos y fen\u00f3menos costeros este fin de semana a la Comunitat Valenciana\">[+] <\/a><\/div>\n","protected":false},"author":1,"featured_media":291800,"comment_status":"open","ping_status":"open","sticky":false,"template":"","format":"standard","meta":{"footnotes":""},"categories":[128,8,72,117,3,116,45],"tags":[786,10716,2142,1880],"class_list":{"0":"post-291799","1":"post","2":"type-post","3":"status-publish","4":"format-standard","5":"has-post-thumbnail","7":"category-infraestructuras","8":"category-la-comarca","9":"category-sin-categorizar","10":"category-medio-ambiente-la-comarca","11":"category-seccion","12":"category-sucesos-la-comarca","13":"category-ventana","14":"tag-emergencias","15":"tag-generalitat-valenciana","16":"tag-la-comunitat","17":"tag-viento"},"_links":{"self":[{"href":"https:\/\/www.tucomarca.com\/wordpress\/segunda\/wp-json\/wp\/v2\/posts\/291799","targetHints":{"allow":["GET"]}}],"collection":[{"href":"https:\/\/www.tucomarca.com\/wordpress\/segunda\/wp-json\/wp\/v2\/posts"}],"about":[{"href":"https:\/\/www.tucomarca.com\/wordpress\/segunda\/wp-json\/wp\/v2\/types\/post"}],"author":[{"embeddable":true,"href":"https:\/\/www.tucomarca.com\/wordpress\/segunda\/wp-json\/wp\/v2\/users\/1"}],"replies":[{"embeddable":true,"href":"https:\/\/www.tucomarca.com\/wordpress\/segunda\/wp-json\/wp\/v2\/comments?post=291799"}],"version-history":[{"count":0,"href":"https:\/\/www.tucomarca.com\/wordpress\/segunda\/wp-json\/wp\/v2\/posts\/291799\/revisions"}],"wp:featuredmedia":[{"embeddable":true,"href":"https:\/\/www.tucomarca.com\/wordpress\/segunda\/wp-json\/wp\/v2\/media\/291800"}],"wp:attachment":[{"href":"https:\/\/www.tucomarca.com\/wordpress\/segunda\/wp-json\/wp\/v2\/media?parent=291799"}],"wp:term":[{"taxonomy":"category","embeddable":true,"href":"https:\/\/www.tucomarca.com\/wordpress\/segunda\/wp-json\/wp\/v2\/categories?post=291799"},{"taxonomy":"post_tag","embeddable":true,"href":"https:\/\/www.tucomarca.com\/wordpress\/segunda\/wp-json\/wp\/v2\/tags?post=291799"}],"curies":[{"name":"wp","href":"https:\/\/api.w.org\/{rel}","templated":true}]}}