{"id":291809,"date":"2026-02-02T12:10:00","date_gmt":"2026-02-02T11:10:00","guid":{"rendered":"https:\/\/www.tucomarca.com\/wordpress\/segunda\/?p=291809"},"modified":"2026-02-02T21:24:35","modified_gmt":"2026-02-02T20:24:35","slug":"detienen-a-un-individuo-tras-ser-sorprendido-robando-en-una-urbanizacion-de-leliana","status":"publish","type":"post","link":"https:\/\/www.tucomarca.com\/wordpress\/segunda\/detienen-a-un-individuo-tras-ser-sorprendido-robando-en-una-urbanizacion-de-leliana\/","title":{"rendered":"Detienen a un individuo tras ser sorprendido robando en una urbanizaci\u00f3n de L&#8217;Eliana"},"content":{"rendered":"\n<h3 class=\"wp-block-heading\">Los agentes avistaron a tres personas con mochilas huyendo del lugar.<\/h3>\n\n\n\n<h3 class=\"wp-block-heading\">Todos los objetos sustra\u00eddos han sido devueltos a sus leg\u00edtimos propietarios.<\/h3>\n\n\n\n<p>La Guardia Civil ha detenido a un hombre tras ser sorprendido mientras robaba en una urbanizaci\u00f3n de L&#8217;Eliana. Los objetos sustra\u00eddos eran transportados en mochilas y todos han sido devueltos a sus leg\u00edtimos propietarios.<\/p>\n\n\n\n<p>El pasado 23 de enero, los agentes recibieron el aviso de que se hab\u00eda detectado un inhibidor de frecuencia por un sistema de seguridad de en un domicilio ubicado en La Eliana. Al llegar al lugar, comprobaron que se trataba de un complejo privado compuesta de varias viviendas.&nbsp;<\/p>\n\n\n\n<p>Mientras intentaban acceder al lugar para verificar el aviso, avistaron tres hombres con ropa oscura, pasamonta\u00f1as y guantes que trasportaban varias mochilas. Al darse cuenta de la presencia de la Guardia Civil, comenzaron a correr hacia el interior del complejo, desprendi\u00e9ndose de las mochilas. Los agentes fueron tras ellos. Finalmente, los asaltantes lograron llegar a la calle saltando distintas parcelas anexas a la urbanizaci\u00f3n.<\/p>\n\n\n\n<p>Los guardias recuperaron las mochilas que hab\u00edan dejado por el camino y precedieron a abandonar el lugar para tratar de localizarlos. En este momento, vieron los vieron subiendo a un veh\u00edculo. Mientras se aproximaban intentaban arrancarlo para huir.&nbsp;<\/p>\n\n\n\n<p>Los agentes trataron de abrir el coche, pero se encontraba cerrado desde el interior. Ante la posibilidad de que portaran armas de fuego o cualquier otro objeto que pusiera en peligro la vida de los actuantes, rompieron una ventanilla. Sin embargo, los tres individuos emprendieron una huida a pie en direcciones distintas, acometiendo contra los agentes. El conductor fue interceptado a unos 100 metros del veh\u00edculo, resisti\u00e9ndose en todo momento a su detenci\u00f3n.<\/p>\n\n\n\n<p>En el interior de las mochilas hab\u00eda joyas, 100 euros en efectivo y 8 relojes. Tambi\u00e9n hab\u00eda herramientas utilizadas en el robo: una sierra el\u00e9ctrica, un martillo, tres destornilladores, dos cizallas y dos martillos rompecristales, as\u00ed como un inhibidor de frecuencia para anular las alarmas, pasamonta\u00f1as y guantes. Todos los objetos sustra\u00eddos han sido devueltos a sus leg\u00edtimos propietarios.<\/p>\n\n\n\n<p>Por estos hechos ha sido detenido un hombre de 27 a\u00f1os y nacionalidad chilena como autor de dos delitos de robo con fuerza en las cosas, delitos de atentado, resistencia y desobediencia a agente de la autoridad y un delito de da\u00f1os. No se descartan m\u00e1s detenciones.<\/p>\n\n\n\n<p>La actuaci\u00f3n ha sido llevada a cabo por agentes del Puesto Principal de la Pobla de Vallbona.\u00a0Las diligencias fueron entregadas en el Juzgado de Primera Instancia e Instrucci\u00f3n n\u00famero 1 de Ll\u00edria.\u00a0<\/p>\n\n\n\n<figure class=\"wp-block-image size-large\"><img loading=\"lazy\" decoding=\"async\" width=\"1024\" height=\"768\" src=\"https:\/\/www.tucomarca.com\/wordpress\/segunda\/wp-content\/uploads\/2026\/02\/DetenidoElianaGC2-1024x768.jpeg\" alt=\"\" class=\"wp-image-291812\" srcset=\"https:\/\/www.tucomarca.com\/wordpress\/segunda\/wp-content\/uploads\/2026\/02\/DetenidoElianaGC2-1024x768.jpeg 1024w, https:\/\/www.tucomarca.com\/wordpress\/segunda\/wp-content\/uploads\/2026\/02\/DetenidoElianaGC2-300x225.jpeg 300w, https:\/\/www.tucomarca.com\/wordpress\/segunda\/wp-content\/uploads\/2026\/02\/DetenidoElianaGC2-768x576.jpeg 768w, https:\/\/www.tucomarca.com\/wordpress\/segunda\/wp-content\/uploads\/2026\/02\/DetenidoElianaGC2-1536x1152.jpeg 1536w, https:\/\/www.tucomarca.com\/wordpress\/segunda\/wp-content\/uploads\/2026\/02\/DetenidoElianaGC2-2048x1536.jpeg 2048w, https:\/\/www.tucomarca.com\/wordpress\/segunda\/wp-content\/uploads\/2026\/02\/DetenidoElianaGC2-678x509.jpeg 678w, https:\/\/www.tucomarca.com\/wordpress\/segunda\/wp-content\/uploads\/2026\/02\/DetenidoElianaGC2-326x245.jpeg 326w, https:\/\/www.tucomarca.com\/wordpress\/segunda\/wp-content\/uploads\/2026\/02\/DetenidoElianaGC2-80x60.jpeg 80w\" sizes=\"auto, (max-width: 1024px) 100vw, 1024px\" \/><\/figure>\n","protected":false},"excerpt":{"rendered":"<div class=\"mh-excerpt\">Los agentes avistaron a tres personas con mochilas huyendo del lugar. Todos los objetos sustra\u00eddos han sido devueltos a sus leg\u00edtimos propietarios. La Guardia Civil ha detenido a un hombre tras ser sorprendido mientras robaba <a class=\"mh-excerpt-more\" href=\"https:\/\/www.tucomarca.com\/wordpress\/segunda\/detienen-a-un-individuo-tras-ser-sorprendido-robando-en-una-urbanizacion-de-leliana\/\" title=\"Detienen a un individuo tras ser sorprendido robando en una urbanizaci\u00f3n de L&#8217;Eliana\">[+] <\/a><\/div>\n","protected":false},"author":1,"featured_media":291810,"comment_status":"open","ping_status":"open","sticky":false,"template":"","format":"standard","meta":{"footnotes":""},"categories":[46,177,8,174,47,3,116,45],"tags":[10395,10433],"class_list":{"0":"post-291809","1":"post","2":"type-post","3":"status-publish","4":"format-standard","5":"has-post-thumbnail","7":"category-camp-de-turia","8":"category-leliana","9":"category-la-comarca","10":"category-la-pobla","11":"category-lliria","12":"category-seccion","13":"category-sucesos-la-comarca","14":"category-ventana","15":"tag-camp-de-turia","16":"tag-leliana"},"_links":{"self":[{"href":"https:\/\/www.tucomarca.com\/wordpress\/segunda\/wp-json\/wp\/v2\/posts\/291809","targetHints":{"allow":["GET"]}}],"collection":[{"href":"https:\/\/www.tucomarca.com\/wordpress\/segunda\/wp-json\/wp\/v2\/posts"}],"about":[{"href":"https:\/\/www.tucomarca.com\/wordpress\/segunda\/wp-json\/wp\/v2\/types\/post"}],"author":[{"embeddable":true,"href":"https:\/\/www.tucomarca.com\/wordpress\/segunda\/wp-json\/wp\/v2\/users\/1"}],"replies":[{"embeddable":true,"href":"https:\/\/www.tucomarca.com\/wordpress\/segunda\/wp-json\/wp\/v2\/comments?post=291809"}],"version-history":[{"count":0,"href":"https:\/\/www.tucomarca.com\/wordpress\/segunda\/wp-json\/wp\/v2\/posts\/291809\/revisions"}],"wp:featuredmedia":[{"embeddable":true,"href":"https:\/\/www.tucomarca.com\/wordpress\/segunda\/wp-json\/wp\/v2\/media\/291810"}],"wp:attachment":[{"href":"https:\/\/www.tucomarca.com\/wordpress\/segunda\/wp-json\/wp\/v2\/media?parent=291809"}],"wp:term":[{"taxonomy":"category","embeddable":true,"href":"https:\/\/www.tucomarca.com\/wordpress\/segunda\/wp-json\/wp\/v2\/categories?post=291809"},{"taxonomy":"post_tag","embeddable":true,"href":"https:\/\/www.tucomarca.com\/wordpress\/segunda\/wp-json\/wp\/v2\/tags?post=291809"}],"curies":[{"name":"wp","href":"https:\/\/api.w.org\/{rel}","templated":true}]}}